{"id":101892,"date":"2017-03-28T13:03:47","date_gmt":"2017-03-28T16:03:47","guid":{"rendered":"http:\/\/senoticias.com.br\/se\/?p=101892"},"modified":"2017-03-28T13:03:47","modified_gmt":"2017-03-28T16:03:47","slug":"justica-federal-em-sergipe-ganha-centro-de-conciliacao","status":"publish","type":"post","link":"https:\/\/senoticias.com.br\/se\/justica-federal-em-sergipe-ganha-centro-de-conciliacao\/","title":{"rendered":"Justi\u00e7a Federal em Sergipe ganha Centro de Concilia\u00e7\u00e3o"},"content":{"rendered":"<p style=\"text-align: justify;\">Um lugar para promover a paz social. Foi com essa assertiva que o juiz federal Jailsom de Sousa, coordenador de Concilia\u00e7\u00e3o da Justi\u00e7a Federal em Sergipe (JFSE), deu in\u00edcio \u00e0 solenidade de inaugura\u00e7\u00e3o oficial do Centro Judici\u00e1rio de Solu\u00e7\u00e3o Consensual de Conflitos e Cidadania (CEJUSC) e do Cont\u00eainer Datacenter da JFSE, realizada hoje (27), no edif\u00edcio-sede da institui\u00e7\u00e3o, situado no bairro Capucho, em Aracaju (SE).<\/p>\n<div id=\"attachment_101894\" style=\"width: 609px\" class=\"wp-caption aligncenter\"><img loading=\"lazy\" decoding=\"async\" aria-describedby=\"caption-attachment-101894\" class=\"size-full wp-image-101894\" src=\"http:\/\/senoticias.com.br\/se\/wp-content\/uploads\/2017\/03\/Justica-Federal-em-Sergipe-SENOTICIAS-e1490716976294.jpg\" alt=\"\u00e0 solenidade de inaugura\u00e7\u00e3o oficial do Centro Judici\u00e1rio de Solu\u00e7\u00e3o Consensual de Conflitos e Cidadania (CEJUSC) e do Cont\u00eainer Datacenter da JFSE, realizada ontem (27). (Foto: Tiago Nunes de Oliveira)\" width=\"599\" height=\"399\" \/><p id=\"caption-attachment-101894\" class=\"wp-caption-text\">\u00e0 solenidade de inaugura\u00e7\u00e3o oficial do Centro Judici\u00e1rio de Solu\u00e7\u00e3o Consensual de Conflitos e Cidadania (CEJUSC) e do Cont\u00eainer Datacenter da JFSE, realizada ontem (27). (Foto: Tiago Nunes de Oliveira)<\/p><\/div>\n<p style=\"text-align: justify;\">\n<p>Para ele, o Centro de Concilia\u00e7\u00e3o, que funciona desde 22 de junho de 2016, vai dar efetividade aos m\u00e9todos consensuais de resolu\u00e7\u00e3o de conflitos. \u00b4\u00b4A concilia\u00e7\u00e3o e a media\u00e7\u00e3o emancipam as pessoas, por lhes possibilitar evoluir no exerc\u00edcio da cidadania ao resolverem suas quest\u00f5es de forma aut\u00f4noma, na pr\u00e1tica permanente do di\u00e1logo\u00b4\u00b4, assegurou.<\/p>\n<p>O diretor do Foro da JFSE, juiz federal Edmilson da Silva Pimenta, considera os n\u00facleos de concilia\u00e7\u00e3o um grande incremento para o Poder Judici\u00e1rio. \u00b4\u00b4Com a institui\u00e7\u00e3o dos centros de concilia\u00e7\u00e3o inauguramos uma nova fase na Justi\u00e7a Federal da 5\u00aa Regi\u00e3o, pois eles representam um grande passo na solu\u00e7\u00e3o menos onerosa e mais c\u00e9lere de lit\u00edgios, com sens\u00edvel redu\u00e7\u00e3o de demandas judiciais\u00b4\u00b4. O espa\u00e7o conta com ampla sala de espera e tr\u00eas salas de concilia\u00e7\u00e3o, uma adaptada para media\u00e7\u00f5es por videoconfer\u00eancia.<\/p>\n<p>O presidente do Tribunal Regional Federal da 5\u00aa Regi\u00e3o &#8211; TRF5, desembargador federal Rog\u00e9rio Fialho Moreira, afirmou que as inaugura\u00e7\u00f5es do CEJUSC e do Datacenter representam o alcance de duas metas fixadas por ele, no in\u00edcio da sua gest\u00e3o: a instala\u00e7\u00e3o dos centros de concilia\u00e7\u00e3o nos seis estados que comp\u00f5em a 5\u00aa Regi\u00e3o e a de virtualizar 100% dos processos judiciais em toda a 5\u00aa Regi\u00e3o. \u00b4\u00b4Instalamos em Pernambuco, Para\u00edba, Alagoas, Rio Grande do Norte, Cear\u00e1 e, hoje, aqui em Sergipe, mas n\u00e3o s\u00f3 nas capitais desses estados; conseguimos levar esses equipamentos para Campina Grande (PB), Petrolina (PE) e Juazeiro do Norte (CE). Trata-se de um novo paradigma na solu\u00e7\u00e3o extraprocessual de conflitos. A outra meta alcan\u00e7ada foi a virtualiza\u00e7\u00e3o em 100% da distribui\u00e7\u00e3o de novos processos. Para isso, inauguramos o Datacenter, que d\u00e1 seguran\u00e7a no tr\u00e2mite do PJe, por exemplo. Assim, despe\u00e7o-me da Presid\u00eancia do Tribunal com agradecimentos sinceros e a certeza de que trabalhei, dia a dia, para o alcance dessas metas\u00b4\u00b4.<\/p>\n<p>A pol\u00edtica da solu\u00e7\u00e3o consensual de conflitos, institu\u00edda pela Resolu\u00e7\u00e3o n\u00ba 125\/2010, do Conselho Nacional de Justi\u00e7a (CNJ), disp\u00f5e sobre o tratamento adequado dos conflitos de interesses no \u00e2mbito do Poder Judici\u00e1rio. Al\u00e9m disso, o novo C\u00f3digo de Processo Civil (CPC) tamb\u00e9m sistematiza a concilia\u00e7\u00e3o e a media\u00e7\u00e3o, no art. 3\u00ba, par\u00e1grafos 2\u00ba e 3\u00ba.<\/p>\n<p>Datacenter -Tamb\u00e9m hoje (27), a JFSE ganhou o novo Cont\u00eainer Datacenter, ambiente que permitir\u00e1 \u00e0 JFSE atender \u00e0 pol\u00edtica de seguran\u00e7a da informa\u00e7\u00e3o, dando sustenta\u00e7\u00e3o \u00e0 infraestrutura existente e permitindo a implanta\u00e7\u00e3o de novas tecnologias. O Datacenter visa a promover maior disponibilidade e seguran\u00e7a da rede da Se\u00e7\u00e3o Judici\u00e1ria de Sergipe, melhorando o atendimento aos processos administrativos e aos sistemas judiciais Creta e PJe que, juntos, respondem pelo tr\u00e2mite de 93% dos processos.<\/p>\n<p>Tamb\u00e9m participaram do evento o coordenador do Gabinete de Concilia\u00e7\u00e3o da 5\u00aa Regi\u00e3o, desembargador federal Fernando Braga, o desembargador federal Carlos Rebelo, o governador do Estado de Sergipe, Jackson Barreto, o senador Eduardo Amorim, o deputado federal La\u00e9rcio Oliveira, e o reitor da Universidade Federal de Sergipe, \u00c2ngelo Antoniolli, al\u00e9m de magistrados, procuradores e servidores.<img loading=\"lazy\" decoding=\"async\" class=\"aligncenter size-full wp-image-101819\" src=\"http:\/\/senoticias.com.br\/se\/wp-content\/uploads\/2017\/03\/Logo-fone-1-2-1-2-4-4.jpg\" alt=\"Logo-fone-1-2-1-2-4\" width=\"599\" height=\"78\" srcset=\"https:\/\/senoticias.com.br\/se\/wp-content\/uploads\/2017\/03\/Logo-fone-1-2-1-2-4-4.jpg 599w, https:\/\/senoticias.com.br\/se\/wp-content\/uploads\/2017\/03\/Logo-fone-1-2-1-2-4-4-300x39.jpg 300w\" sizes=\"(max-width: 599px) 100vw, 599px\" \/><\/p>\n<p style=\"text-align: justify;\"><strong>Acompanhe o SE Not\u00edcias no <a href=\"https:\/\/twitter.com\/Senoticias\" target=\"_blank\">Twitter<\/a>, <a href=\"https:\/\/www.instagram.com\/senoticias\/\" target=\"_blank\">Instagram<\/a> e no <a href=\"https:\/\/www.facebook.com\/senoticias1\" target=\"_blank\">Facebook<\/a><\/strong><\/p>\n<p><em>Da\u00a0Comunica\u00e7\u00e3o Social &#8211; TRF5 e JFSE<\/em><\/p>\n","protected":false},"excerpt":{"rendered":"<p>Um lugar para promover a paz social. Foi com essa assertiva que o juiz federal Jailsom de Sousa, coordenador de Concilia\u00e7\u00e3o da Justi\u00e7a Federal em Sergipe (JFSE), deu in\u00edcio \u00e0 solenidade de inaugura\u00e7\u00e3o oficial do Centro Judici\u00e1rio de Solu\u00e7\u00e3o Consensual de Conflitos e Cidadania (CEJUSC) e do Cont\u00eainer Datacenter da JFSE, realizada hoje (27), no [&hellip;]<\/p>\n","protected":false},"author":2,"featured_media":101894,"comment_status":"closed","ping_status":"closed","sticky":false,"template":"","format":"standard","meta":{"footnotes":""},"categories":[15],"tags":[],"class_list":{"0":"post-101892","1":"post","2":"type-post","3":"status-publish","4":"format-standard","5":"has-post-thumbnail","7":"category-destaques"},"_links":{"self":[{"href":"https:\/\/senoticias.com.br\/se\/wp-json\/wp\/v2\/posts\/101892"}],"collection":[{"href":"https:\/\/senoticias.com.br\/se\/wp-json\/wp\/v2\/posts"}],"about":[{"href":"https:\/\/senoticias.com.br\/se\/wp-json\/wp\/v2\/types\/post"}],"author":[{"embeddable":true,"href":"https:\/\/senoticias.com.br\/se\/wp-json\/wp\/v2\/users\/2"}],"replies":[{"embeddable":true,"href":"https:\/\/senoticias.com.br\/se\/wp-json\/wp\/v2\/comments?post=101892"}],"version-history":[{"count":0,"href":"https:\/\/senoticias.com.br\/se\/wp-json\/wp\/v2\/posts\/101892\/revisions"}],"wp:featuredmedia":[{"embeddable":true,"href":"https:\/\/senoticias.com.br\/se\/wp-json\/wp\/v2\/media\/101894"}],"wp:attachment":[{"href":"https:\/\/senoticias.com.br\/se\/wp-json\/wp\/v2\/media?parent=101892"}],"wp:term":[{"taxonomy":"category","embeddable":true,"href":"https:\/\/senoticias.com.br\/se\/wp-json\/wp\/v2\/categories?post=101892"},{"taxonomy":"post_tag","embeddable":true,"href":"https:\/\/senoticias.com.br\/se\/wp-json\/wp\/v2\/tags?post=101892"}],"curies":[{"name":"wp","href":"https:\/\/api.w.org\/{rel}","templated":true}]}}