{"id":101890,"date":"2017-03-28T12:47:13","date_gmt":"2017-03-28T15:47:13","guid":{"rendered":"http:\/\/senoticias.com.br\/se\/?p=101890"},"modified":"2017-03-28T12:47:13","modified_gmt":"2017-03-28T15:47:13","slug":"policia-civil-prende-em-flagrante-acusado-de-golpe-a-correntistas-em-banco-de-itabaiana","status":"publish","type":"post","link":"https:\/\/senoticias.com.br\/se\/policia-civil-prende-em-flagrante-acusado-de-golpe-a-correntistas-em-banco-de-itabaiana\/","title":{"rendered":"Pol\u00edcia Civil prende em flagrante acusado de golpe a correntistas em banco de Itabaiana"},"content":{"rendered":"<p style=\"text-align: justify;\">Na tarde de ontem, 27, policiais civis da Delegacia Regional de Itabaiana prenderam Ant\u00f4nio Alves Teixeira, de 43 anos, natural de Crat\u00e9us no Cear\u00e1, acusado de instalar equipamentos eletr\u00f4nicos em cashes da ag\u00eancia do Banco do Brasil da cidade, com o fim de captar dados dos correntistas.<\/p>\n<div id=\"attachment_101891\" style=\"width: 609px\" class=\"wp-caption aligncenter\"><img loading=\"lazy\" decoding=\"async\" aria-describedby=\"caption-attachment-101891\" class=\"size-full wp-image-101891\" src=\"http:\/\/senoticias.com.br\/se\/wp-content\/uploads\/2017\/03\/Antonio-teixeira-e1490715914427.jpeg\" alt=\"Estelionat\u00e1rio instalava aparelhos em caixas eletr\u00f4nicos com o fim de capturar dados e senhas\" width=\"599\" height=\"383\" \/><p id=\"caption-attachment-101891\" class=\"wp-caption-text\">Estelionat\u00e1rio instalava aparelhos em caixas eletr\u00f4nicos com o fim de capturar dados e senhas. (Foto: SSP\/SE)<\/p><\/div>\n<p style=\"text-align: justify;\">\n<p>A equipe coordenada pelos delegados F\u00e1bio Santana, Cledson Ferreira e Lauana Guedes conseguiu localizar Ant\u00f4nio e realizar a pris\u00e3o em flagrante. Com ele foram encontrados os equipamentos conhecidos como &#8220;chupa-cabra&#8221;, que copia os dados dos cart\u00f5es banc\u00e1rios dos correntistas, e outro denominado &#8220;FM&#8221;, que grava as senhas de acesso e movimenta\u00e7\u00e3o das contas correntes e poupan\u00e7a. Ap\u00f3s a capta\u00e7\u00e3o de dados, eles seriam inseridos em um computador e reproduzidos em um novo cart\u00e3o, provavelmente utilizado para efetuar retiradas sem o consentimento do titular da conta.<\/p>\n<p>Ant\u00f4nio confirmou ter se deslocado \u00e0 cidade de Itabaiana, na companhia de seu comparsa ainda n\u00e3o identificado, para realizar o golpe e confessou tamb\u00e9m que j\u00e1 havia realizado outros golpes no passado sem nunca ter sido preso. Com ele foram encontrados, al\u00e9m do Chupa cabra e do FM, um notebook, ferramentas utilizadas na instala\u00e7\u00e3o dos aparelhos nos terminais de autoatendimento e o ve\u00edculo Peugeout de cor preta e placa NZH7031, da Bahia.<\/p>\n<p>Segundo o delegado F\u00e1bio Santana, as investiga\u00e7\u00f5es continuam no sentido de realizar a pris\u00e3o do outro envolvido no golpe.<\/p>\n<p style=\"text-align: justify;\"><img loading=\"lazy\" decoding=\"async\" class=\"aligncenter size-full wp-image-101819\" src=\"http:\/\/senoticias.com.br\/se\/wp-content\/uploads\/2017\/03\/Logo-fone-1-2-1-2-4-4.jpg\" alt=\"Logo-fone-1-2-1-2-4\" width=\"599\" height=\"78\" srcset=\"https:\/\/senoticias.com.br\/se\/wp-content\/uploads\/2017\/03\/Logo-fone-1-2-1-2-4-4.jpg 599w, https:\/\/senoticias.com.br\/se\/wp-content\/uploads\/2017\/03\/Logo-fone-1-2-1-2-4-4-300x39.jpg 300w\" sizes=\"(max-width: 599px) 100vw, 599px\" \/><\/p>\n<p style=\"text-align: justify;\"><strong>Acompanhe o SE Not\u00edcias no <a href=\"https:\/\/twitter.com\/Senoticias\" target=\"_blank\">Twitter<\/a>, <a href=\"https:\/\/www.instagram.com\/senoticias\/\" target=\"_blank\">Instagram<\/a> e no <a href=\"https:\/\/www.facebook.com\/senoticias1\" target=\"_blank\">Facebook<\/a><\/strong><\/p>\n<p style=\"text-align: justify;\"><em>Informa\u00e7\u00f5es da SSP\/SE<\/em><\/p>\n","protected":false},"excerpt":{"rendered":"<p>Na tarde de ontem, 27, policiais civis da Delegacia Regional de Itabaiana prenderam Ant\u00f4nio Alves Teixeira, de 43 anos, natural de Crat\u00e9us no Cear\u00e1, acusado de instalar equipamentos eletr\u00f4nicos em cashes da ag\u00eancia do Banco do Brasil da cidade, com o fim de captar dados dos correntistas. A equipe coordenada pelos delegados F\u00e1bio Santana, Cledson [&hellip;]<\/p>\n","protected":false},"author":2,"featured_media":101891,"comment_status":"closed","ping_status":"closed","sticky":false,"template":"","format":"standard","meta":{"footnotes":""},"categories":[15],"tags":[],"class_list":{"0":"post-101890","1":"post","2":"type-post","3":"status-publish","4":"format-standard","5":"has-post-thumbnail","7":"category-destaques"},"_links":{"self":[{"href":"https:\/\/senoticias.com.br\/se\/wp-json\/wp\/v2\/posts\/101890"}],"collection":[{"href":"https:\/\/senoticias.com.br\/se\/wp-json\/wp\/v2\/posts"}],"about":[{"href":"https:\/\/senoticias.com.br\/se\/wp-json\/wp\/v2\/types\/post"}],"author":[{"embeddable":true,"href":"https:\/\/senoticias.com.br\/se\/wp-json\/wp\/v2\/users\/2"}],"replies":[{"embeddable":true,"href":"https:\/\/senoticias.com.br\/se\/wp-json\/wp\/v2\/comments?post=101890"}],"version-history":[{"count":0,"href":"https:\/\/senoticias.com.br\/se\/wp-json\/wp\/v2\/posts\/101890\/revisions"}],"wp:featuredmedia":[{"embeddable":true,"href":"https:\/\/senoticias.com.br\/se\/wp-json\/wp\/v2\/media\/101891"}],"wp:attachment":[{"href":"https:\/\/senoticias.com.br\/se\/wp-json\/wp\/v2\/media?parent=101890"}],"wp:term":[{"taxonomy":"category","embeddable":true,"href":"https:\/\/senoticias.com.br\/se\/wp-json\/wp\/v2\/categories?post=101890"},{"taxonomy":"post_tag","embeddable":true,"href":"https:\/\/senoticias.com.br\/se\/wp-json\/wp\/v2\/tags?post=101890"}],"curies":[{"name":"wp","href":"https:\/\/api.w.org\/{rel}","templated":true}]}}