{"id":101817,"date":"2017-03-26T12:04:08","date_gmt":"2017-03-26T15:04:08","guid":{"rendered":"http:\/\/senoticias.com.br\/se\/?p=101817"},"modified":"2017-03-26T12:04:08","modified_gmt":"2017-03-26T15:04:08","slug":"detran-leiloara-328-veiculos-nesta-segunda-feira","status":"publish","type":"post","link":"https:\/\/senoticias.com.br\/se\/detran-leiloara-328-veiculos-nesta-segunda-feira\/","title":{"rendered":"Detran leiloar\u00e1 328 ve\u00edculos nesta segunda-feira"},"content":{"rendered":"<p style=\"text-align: justify;\">Acontece nesta pr\u00f3xima segunda-feira, dia 27, no Espa\u00e7o EMES (av. Tancredo Neves, 225 &#8211; bairro Grageru), a partir das 8 horas, o 39\u00ba Leil\u00e3o do Departamento Estadual de Tr\u00e2nsito (Detran\/SE). No total, est\u00e3o dispon\u00edveis 328 ve\u00edculos, sendo 176 carros e 152 motos. Entre os lotes que v\u00e3o a leil\u00e3o, 130 est\u00e3o na condi\u00e7\u00e3o de recuper\u00e1veis e 198, de sucata.<\/p>\n<div id=\"attachment_55801\" style=\"width: 542px\" class=\"wp-caption aligncenter\"><img loading=\"lazy\" decoding=\"async\" aria-describedby=\"caption-attachment-55801\" class=\"size-full wp-image-55801\" src=\"http:\/\/senoticias.com.br\/se\/wp-content\/uploads\/2013\/11\/Leil\u00e3o.jpg\" alt=\"39\u00ba Leil\u00e3o come\u00e7ar\u00e1 \u00e0s 8h no Espa\u00e7o Emes em Aracaju. (Divulga\u00e7\u00e3o\/Detran)\" width=\"532\" height=\"299\" srcset=\"https:\/\/senoticias.com.br\/se\/wp-content\/uploads\/2013\/11\/Leil\u00e3o.jpg 532w, https:\/\/senoticias.com.br\/se\/wp-content\/uploads\/2013\/11\/Leil\u00e3o-300x168.jpg 300w, https:\/\/senoticias.com.br\/se\/wp-content\/uploads\/2013\/11\/Leil\u00e3o-342x192.jpg 342w\" sizes=\"(max-width: 532px) 100vw, 532px\" \/><p id=\"caption-attachment-55801\" class=\"wp-caption-text\">39\u00ba Leil\u00e3o come\u00e7ar\u00e1 \u00e0s 8h no Espa\u00e7o Emes em Aracaju. (Divulga\u00e7\u00e3o\/Detran)<\/p><\/div>\n<p style=\"text-align: justify;\">\n<p>A lista dos bens dispon\u00edveis neste leil\u00e3o e as respectivas fotos est\u00e3o no site da organizadora do evento, www.emesleiloes.com.br. Tamb\u00e9m neste canal eletr\u00f4nico consta o Edital que dita as regras de participa\u00e7\u00e3o. Em caso de d\u00favidas ou para obter mais informa\u00e7\u00f5es, o cidad\u00e3o pode procurar o setor de &#8216;Comiss\u00e3o de Leil\u00e3o&#8217;, que fica no bloco &#8220;C&#8221; na sede do Detran\/SE, ou ligar para o n\u00famero (79) 3226-2031.<\/p>\n<p>Os interessados em participar do arremate devem se inscrever at\u00e9 uma hora antes do evento no pr\u00f3prio Emes. Para isso, \u00e9 necess\u00e1rio estar munido de c\u00f3pia da identidade. Este \u00e9 o primeiro leil\u00e3o do Detran\/SE realizado este ano e a expectativa \u00e9 atingir 100% de arremate.<\/p>\n<p style=\"text-align: justify;\"><img loading=\"lazy\" decoding=\"async\" class=\"aligncenter size-full wp-image-101666\" src=\"http:\/\/senoticias.com.br\/se\/wp-content\/uploads\/2017\/03\/Logo-fone-1-2-1-2-4-3.jpg\" alt=\"Logo-fone-1-2-1-2-4\" width=\"599\" height=\"78\" srcset=\"https:\/\/senoticias.com.br\/se\/wp-content\/uploads\/2017\/03\/Logo-fone-1-2-1-2-4-3.jpg 599w, https:\/\/senoticias.com.br\/se\/wp-content\/uploads\/2017\/03\/Logo-fone-1-2-1-2-4-3-300x39.jpg 300w\" sizes=\"(max-width: 599px) 100vw, 599px\" \/><\/p>\n<p style=\"text-align: justify;\"><strong>Acompanhe tamb\u00e9m o SE Not\u00edcias no<\/strong><span class=\"apple-converted-space\"><b>\u00a0<\/b><\/span><a href=\"https:\/\/twitter.com\/Senoticias\" target=\"_blank\"><b>Twitter<\/b><\/a><strong>,<\/strong><span class=\"apple-converted-space\"><b>\u00a0<\/b><\/span><a href=\"https:\/\/www.facebook.com\/senoticias1\" target=\"_blank\"><b>Facebook<\/b><span class=\"apple-converted-space\"><b>\u00a0<\/b><\/span><\/a><strong>e no<\/strong><span class=\"apple-converted-space\"><b>\u00a0<\/b><\/span><a href=\"https:\/\/www.instagram.com\/senoticias\/\" target=\"_blank\"><b>Instagram<\/b><\/a><\/p>\n<p><em>Fonte: Ascom\/Detran-SE<\/em><\/p>\n","protected":false},"excerpt":{"rendered":"<p>Acontece nesta pr\u00f3xima segunda-feira, dia 27, no Espa\u00e7o EMES (av. Tancredo Neves, 225 &#8211; bairro Grageru), a partir das 8 horas, o 39\u00ba Leil\u00e3o do Departamento Estadual de Tr\u00e2nsito (Detran\/SE). No total, est\u00e3o dispon\u00edveis 328 ve\u00edculos, sendo 176 carros e 152 motos. Entre os lotes que v\u00e3o a leil\u00e3o, 130 est\u00e3o na condi\u00e7\u00e3o de recuper\u00e1veis [&hellip;]<\/p>\n","protected":false},"author":2,"featured_media":55801,"comment_status":"closed","ping_status":"closed","sticky":false,"template":"","format":"standard","meta":{"footnotes":""},"categories":[15],"tags":[2558,1709,2559],"class_list":{"0":"post-101817","1":"post","2":"type-post","3":"status-publish","4":"format-standard","5":"has-post-thumbnail","7":"category-destaques","8":"tag-detran-leiloara-328-veiculos","9":"tag-detran-se","10":"tag-leilao"},"_links":{"self":[{"href":"https:\/\/senoticias.com.br\/se\/wp-json\/wp\/v2\/posts\/101817"}],"collection":[{"href":"https:\/\/senoticias.com.br\/se\/wp-json\/wp\/v2\/posts"}],"about":[{"href":"https:\/\/senoticias.com.br\/se\/wp-json\/wp\/v2\/types\/post"}],"author":[{"embeddable":true,"href":"https:\/\/senoticias.com.br\/se\/wp-json\/wp\/v2\/users\/2"}],"replies":[{"embeddable":true,"href":"https:\/\/senoticias.com.br\/se\/wp-json\/wp\/v2\/comments?post=101817"}],"version-history":[{"count":0,"href":"https:\/\/senoticias.com.br\/se\/wp-json\/wp\/v2\/posts\/101817\/revisions"}],"wp:featuredmedia":[{"embeddable":true,"href":"https:\/\/senoticias.com.br\/se\/wp-json\/wp\/v2\/media\/55801"}],"wp:attachment":[{"href":"https:\/\/senoticias.com.br\/se\/wp-json\/wp\/v2\/media?parent=101817"}],"wp:term":[{"taxonomy":"category","embeddable":true,"href":"https:\/\/senoticias.com.br\/se\/wp-json\/wp\/v2\/categories?post=101817"},{"taxonomy":"post_tag","embeddable":true,"href":"https:\/\/senoticias.com.br\/se\/wp-json\/wp\/v2\/tags?post=101817"}],"curies":[{"name":"wp","href":"https:\/\/api.w.org\/{rel}","templated":true}]}}