{"id":101814,"date":"2017-03-26T11:21:08","date_gmt":"2017-03-26T14:21:08","guid":{"rendered":"http:\/\/senoticias.com.br\/se\/?p=101814"},"modified":"2017-03-26T11:21:08","modified_gmt":"2017-03-26T14:21:08","slug":"deputado-andre-moura-e-recebido-por-laercio-passos-e-vereadores-em-rosario-do-catete","status":"publish","type":"post","link":"https:\/\/senoticias.com.br\/se\/deputado-andre-moura-e-recebido-por-laercio-passos-e-vereadores-em-rosario-do-catete\/","title":{"rendered":"Deputado Andr\u00e9 Moura \u00e9 recebido por La\u00e9rcio Passos e vereadores em Ros\u00e1rio do Catete"},"content":{"rendered":"<p style=\"text-align: justify;\">O s\u00e1bado (26), do l\u00edder do governo no Congresso Nacional, Andr\u00e9 Moura (PSC-SE), come\u00e7ou com visita ao munic\u00edpio de Ros\u00e1rio do Catete, a convite do ex-prefeito La\u00e9rcio Passos, para a comemora\u00e7\u00e3o do anivers\u00e1rio de tr\u00eas anos de seu neto, David Passos, na fazenda Maracuj\u00e1.<\/p>\n<div id=\"attachment_101815\" style=\"width: 609px\" class=\"wp-caption aligncenter\"><img loading=\"lazy\" decoding=\"async\" aria-describedby=\"caption-attachment-101815\" class=\"size-full wp-image-101815\" src=\"http:\/\/senoticias.com.br\/se\/wp-content\/uploads\/2017\/03\/ANDRE-EM-ROSARIO-SENOTICIAS-e1490537706679.jpg\" alt=\" Deputado federal Andr\u00e9 Moura \u00e9 recebido por amigos em Ros\u00e1rio do Catete \" width=\"599\" height=\"337\" \/><p id=\"caption-attachment-101815\" class=\"wp-caption-text\"><br \/>Andr\u00e9 Moura foi recebido por amigos na fazenda Maracuj\u00e1. (Foto: Elder Santos)<\/p><\/div>\n<p style=\"text-align: justify;\">Na ocasi\u00e3o, o l\u00edder foi cumprimentado pelos vereadores Elton Lima, Am\u00e9lia Passos [esposa de La\u00e9rcio], Adelmo Menezes, conhecido como Bito, George Santana (ambos do PSC) e pelo presidente do diret\u00f3rio municipal do partido, Jo\u00e3o Neto.<\/p>\n<p style=\"text-align: justify;\">Andr\u00e9 teve seu trabalho na lideran\u00e7a do governo elogiada e a confirma\u00e7\u00e3o de mais uma alian\u00e7a eleitoral para o processo sucess\u00f3rio de 2018 pelo vereador Adelmo Menezes, que manifestou apoio incondicional ao l\u00edder Andr\u00e9. &#8220;Independente do cargo que Andr\u00e9 Moura vier a disputar, sempre ter\u00e1 meu apoio&#8221;, afirmou.<\/p>\n<p>J\u00e1 Elton Lima destacou que \u00e9 um orgulho para os sergipanos ter um parlamentar na lideran\u00e7a do governo federal no Congresso Nacional.<\/p>\n<p>Acompanhando o parlamentar estavam o vereador por Itabaiana Z\u00e9 Roberto Imperador (PR) e o empres\u00e1rio Thiago Sales.<\/p>\n<p><img loading=\"lazy\" decoding=\"async\" class=\"aligncenter size-full wp-image-101666\" src=\"http:\/\/senoticias.com.br\/se\/wp-content\/uploads\/2017\/03\/Logo-fone-1-2-1-2-4-3.jpg\" alt=\"Logo-fone-1-2-1-2-4\" width=\"599\" height=\"78\" srcset=\"https:\/\/senoticias.com.br\/se\/wp-content\/uploads\/2017\/03\/Logo-fone-1-2-1-2-4-3.jpg 599w, https:\/\/senoticias.com.br\/se\/wp-content\/uploads\/2017\/03\/Logo-fone-1-2-1-2-4-3-300x39.jpg 300w\" sizes=\"(max-width: 599px) 100vw, 599px\" \/><\/p>\n<p><strong>Acompanhe tamb\u00e9m o SE Not\u00edcias no<\/strong><span class=\"apple-converted-space\"><b>\u00a0<\/b><\/span><a href=\"https:\/\/twitter.com\/Senoticias\" target=\"_blank\"><b>Twitter<\/b><\/a><strong>,<\/strong><span class=\"apple-converted-space\"><b>\u00a0<\/b><\/span><a href=\"https:\/\/www.facebook.com\/senoticias1\" target=\"_blank\"><b>Facebook<\/b><span class=\"apple-converted-space\"><b>\u00a0<\/b><\/span><\/a><strong>e no<\/strong><span class=\"apple-converted-space\"><b>\u00a0<\/b><\/span><a href=\"https:\/\/www.instagram.com\/senoticias\/\" target=\"_blank\"><b>Instagram<\/b><\/a><\/p>\n<p><em>Da Ascom\/Andr\u00e9 Moura<\/em><\/p>\n","protected":false},"excerpt":{"rendered":"<p>O s\u00e1bado (26), do l\u00edder do governo no Congresso Nacional, Andr\u00e9 Moura (PSC-SE), come\u00e7ou com visita ao munic\u00edpio de Ros\u00e1rio do Catete, a convite do ex-prefeito La\u00e9rcio Passos, para a comemora\u00e7\u00e3o do anivers\u00e1rio de tr\u00eas anos de seu neto, David Passos, na fazenda Maracuj\u00e1. Na ocasi\u00e3o, o l\u00edder foi cumprimentado pelos vereadores Elton Lima, Am\u00e9lia [&hellip;]<\/p>\n","protected":false},"author":2,"featured_media":101815,"comment_status":"closed","ping_status":"closed","sticky":false,"template":"","format":"standard","meta":{"footnotes":""},"categories":[6],"tags":[2556,772,2555,2557],"class_list":{"0":"post-101814","1":"post","2":"type-post","3":"status-publish","4":"format-standard","5":"has-post-thumbnail","7":"category-politica","8":"tag-andre-e-amigos-em-rosario","9":"tag-andre-moura","10":"tag-andre-moura-em-rosario-do-catete","11":"tag-lider-andre-moura"},"_links":{"self":[{"href":"https:\/\/senoticias.com.br\/se\/wp-json\/wp\/v2\/posts\/101814"}],"collection":[{"href":"https:\/\/senoticias.com.br\/se\/wp-json\/wp\/v2\/posts"}],"about":[{"href":"https:\/\/senoticias.com.br\/se\/wp-json\/wp\/v2\/types\/post"}],"author":[{"embeddable":true,"href":"https:\/\/senoticias.com.br\/se\/wp-json\/wp\/v2\/users\/2"}],"replies":[{"embeddable":true,"href":"https:\/\/senoticias.com.br\/se\/wp-json\/wp\/v2\/comments?post=101814"}],"version-history":[{"count":0,"href":"https:\/\/senoticias.com.br\/se\/wp-json\/wp\/v2\/posts\/101814\/revisions"}],"wp:featuredmedia":[{"embeddable":true,"href":"https:\/\/senoticias.com.br\/se\/wp-json\/wp\/v2\/media\/101815"}],"wp:attachment":[{"href":"https:\/\/senoticias.com.br\/se\/wp-json\/wp\/v2\/media?parent=101814"}],"wp:term":[{"taxonomy":"category","embeddable":true,"href":"https:\/\/senoticias.com.br\/se\/wp-json\/wp\/v2\/categories?post=101814"},{"taxonomy":"post_tag","embeddable":true,"href":"https:\/\/senoticias.com.br\/se\/wp-json\/wp\/v2\/tags?post=101814"}],"curies":[{"name":"wp","href":"https:\/\/api.w.org\/{rel}","templated":true}]}}