{"id":101811,"date":"2017-03-26T08:39:47","date_gmt":"2017-03-26T11:39:47","guid":{"rendered":"http:\/\/senoticias.com.br\/se\/?p=101811"},"modified":"2017-03-26T09:06:44","modified_gmt":"2017-03-26T12:06:44","slug":"policia-civil-elucida-latrocinio-contra-empresario-no-bairro-inacio-barbosa","status":"publish","type":"post","link":"https:\/\/senoticias.com.br\/se\/policia-civil-elucida-latrocinio-contra-empresario-no-bairro-inacio-barbosa\/","title":{"rendered":"Pol\u00edcia Civil elucida latroc\u00ednio contra empres\u00e1rio no bairro In\u00e1cio Barbosa"},"content":{"rendered":"<p style=\"text-align: justify;\">A Pol\u00edcia Civil, por meio da Delegacia de Roubos e Furtos (Derof), elucidou o latroc\u00ednio contra o empres\u00e1rio Adilino da Silva Maia, conhecido como \u201cMaranh\u00e3o\u201d, de 59 anos. O crime ocorreu na noite de\u00a0 4 de mar\u00e7o deste ano, no conjunto In\u00e1cio Barbosa, na zona sul da capital.\u00a0 Dois homens foram os autores do crime: Filipe Rocha Santos, 19, que est\u00e1 preso e Gustavo Rafael Fontes Nascimento, 24, foragido da justi\u00e7a.<\/p>\n<div id=\"attachment_101813\" style=\"width: 609px\" class=\"wp-caption aligncenter\"><img loading=\"lazy\" decoding=\"async\" aria-describedby=\"caption-attachment-101813\" class=\"size-full wp-image-101813\" src=\"http:\/\/senoticias.com.br\/se\/wp-content\/uploads\/2017\/03\/Supeitos-de-participacao-em-crime-de-empressario-senoticias-e1490528849178.jpeg\" alt=\"Dupla agiu contra o homem, um foi preso e outro est\u00e1 foragido\" width=\"599\" height=\"599\" \/><p id=\"caption-attachment-101813\" class=\"wp-caption-text\">Segundo a pol\u00edcia, a dupla participou do latroc\u00ednio contra o empres\u00e1rio; um foi preso e outro est\u00e1 foragido. (Foto: SSP\/SE)<\/p><\/div>\n<p style=\"text-align: justify;\">No dia do crime, por volta das 18 horas, Adilino chegava em sua resid\u00eancia quando ao estacionar seu ve\u00edculo foi abordado, o assalto foi anunciado e ele foi alvejado duas vezes na cabe\u00e7a. Segundo Filipe, que confessou sua participa\u00e7\u00e3o no crime, o empresario reagiu ao roubo.<\/p>\n<p style=\"text-align: justify;\">Desde os primeiros instantes, a equipe da Derof efetuou dilig\u00eancias e, de acordo com os dados colhidos na cena do crime, suspeitou que Filipe podia ser o autor do fato. O rapaz, apesar da pouca idade, \u00e9 contumaz na pr\u00e1tica de roubos de ve\u00edculos em Aracaju.<\/p>\n<p style=\"text-align: justify;\">Com as investiga\u00e7\u00f5es ainda em curso, no dia 21 deste m\u00eas, Filipe foi preso em flagrante, pela policia militar, transitando pelas ruas do bairro Aruana portando uma pistola cal\u00edbre 380, a mesma utilizada contra Adilino, refor\u00e7ando as suspeitas sobre o jovem.<\/p>\n<p style=\"text-align: justify;\">Depois da pris\u00e3o, a equipe da Derof interrogou o suspeito, que reconheceu sua participa\u00e7\u00e3o no crime e apontou Gustavo Rafael Fontes Nascimento como seu parceiro na a\u00e7\u00e3o e autor dos disparos. De acordo com sua vers\u00e3o, a v\u00edtima foi seguida pelas ruas desde quando parou em uma farm\u00e1cia no bairro vizinho, at\u00e9 a rua de sua casa, onde o crime aconteceu.<\/p>\n<p style=\"text-align: justify;\">Gustavo, co-autor do latroc\u00ednio, \u00e9 foragido da Justi\u00e7a desde dezembro de 2016, quando fugiu do Complexo Penitenci\u00e1rio Dr. Manoel Carvalho Neto (Copecam). Qualquer informa\u00e7\u00e3o que leve a Pol\u00edcia ao seu paradeiro deve ser passada atrav\u00e9s do disque den\u00fancia,181, o sigilo da liga\u00e7\u00e3o ser\u00e1 preservado.\u00a0\u00a0\u00a0\u00a0<img loading=\"lazy\" decoding=\"async\" class=\"aligncenter size-full wp-image-101666\" src=\"http:\/\/senoticias.com.br\/se\/wp-content\/uploads\/2017\/03\/Logo-fone-1-2-1-2-4-3.jpg\" alt=\"Logo-fone-1-2-1-2-4\" width=\"599\" height=\"78\" srcset=\"https:\/\/senoticias.com.br\/se\/wp-content\/uploads\/2017\/03\/Logo-fone-1-2-1-2-4-3.jpg 599w, https:\/\/senoticias.com.br\/se\/wp-content\/uploads\/2017\/03\/Logo-fone-1-2-1-2-4-3-300x39.jpg 300w\" sizes=\"(max-width: 599px) 100vw, 599px\" \/><\/p>\n<p style=\"text-align: justify;\"><strong>Acompanhe o SE Not\u00edcias no <a href=\"https:\/\/twitter.com\/Senoticias\" target=\"_blank\">Twitter<\/a>, <a href=\"https:\/\/www.instagram.com\/senoticias\/\" target=\"_blank\">Instagram<\/a> e no <a href=\"https:\/\/www.facebook.com\/senoticias1\" target=\"_blank\">Facebook<\/a><\/strong><\/p>\n<p style=\"text-align: justify;\"><em>Informa\u00e7\u00f5es da <a href=\"http:\/\/www.ssp.se.gov.br\/ver_noticia.php?id_noticia=7924&amp;chave=9fcc6c65c4e698ed244f79dbc6db911e\"><strong>SSP\/SE<\/strong><\/a><\/em><\/p>\n","protected":false},"excerpt":{"rendered":"<p>A Pol\u00edcia Civil, por meio da Delegacia de Roubos e Furtos (Derof), elucidou o latroc\u00ednio contra o empres\u00e1rio Adilino da Silva Maia, conhecido como \u201cMaranh\u00e3o\u201d, de 59 anos. O crime ocorreu na noite de\u00a0 4 de mar\u00e7o deste ano, no conjunto In\u00e1cio Barbosa, na zona sul da capital.\u00a0 Dois homens foram os autores do crime: [&hellip;]<\/p>\n","protected":false},"author":2,"featured_media":101813,"comment_status":"closed","ping_status":"closed","sticky":false,"template":"","format":"standard","meta":{"footnotes":""},"categories":[15,7],"tags":[],"class_list":{"0":"post-101811","1":"post","2":"type-post","3":"status-publish","4":"format-standard","5":"has-post-thumbnail","7":"category-destaques","8":"category-policia"},"_links":{"self":[{"href":"https:\/\/senoticias.com.br\/se\/wp-json\/wp\/v2\/posts\/101811"}],"collection":[{"href":"https:\/\/senoticias.com.br\/se\/wp-json\/wp\/v2\/posts"}],"about":[{"href":"https:\/\/senoticias.com.br\/se\/wp-json\/wp\/v2\/types\/post"}],"author":[{"embeddable":true,"href":"https:\/\/senoticias.com.br\/se\/wp-json\/wp\/v2\/users\/2"}],"replies":[{"embeddable":true,"href":"https:\/\/senoticias.com.br\/se\/wp-json\/wp\/v2\/comments?post=101811"}],"version-history":[{"count":0,"href":"https:\/\/senoticias.com.br\/se\/wp-json\/wp\/v2\/posts\/101811\/revisions"}],"wp:featuredmedia":[{"embeddable":true,"href":"https:\/\/senoticias.com.br\/se\/wp-json\/wp\/v2\/media\/101813"}],"wp:attachment":[{"href":"https:\/\/senoticias.com.br\/se\/wp-json\/wp\/v2\/media?parent=101811"}],"wp:term":[{"taxonomy":"category","embeddable":true,"href":"https:\/\/senoticias.com.br\/se\/wp-json\/wp\/v2\/categories?post=101811"},{"taxonomy":"post_tag","embeddable":true,"href":"https:\/\/senoticias.com.br\/se\/wp-json\/wp\/v2\/tags?post=101811"}],"curies":[{"name":"wp","href":"https:\/\/api.w.org\/{rel}","templated":true}]}}