{"id":101808,"date":"2017-03-25T21:38:09","date_gmt":"2017-03-26T00:38:09","guid":{"rendered":"http:\/\/senoticias.com.br\/se\/?p=101808"},"modified":"2017-03-25T21:38:09","modified_gmt":"2017-03-26T00:38:09","slug":"larissa-manoela-e-convidada-para-festa-de-justin-bieber-e-celebra-estou-pirando","status":"publish","type":"post","link":"https:\/\/senoticias.com.br\/se\/larissa-manoela-e-convidada-para-festa-de-justin-bieber-e-celebra-estou-pirando\/","title":{"rendered":"Larissa Manoela \u00e9 convidada para festa de Justin Bieber e celebra: &#8220;Estou pirando&#8221;"},"content":{"rendered":"<p style=\"text-align: justify;\">Larissa Manoela foi convidada por Maejor, que \u00e9 considerado um dos melhores amigos de Justin Bieber, para uma after party durante a passagem do cantor pelo Brasil. A atriz \u00e9 f\u00e3 assumida do\u00a0canadense.<\/p>\n<div id=\"attachment_101809\" style=\"width: 470px\" class=\"wp-caption aligncenter\"><img loading=\"lazy\" decoding=\"async\" aria-describedby=\"caption-attachment-101809\" class=\"size-full wp-image-101809\" src=\"http:\/\/senoticias.com.br\/se\/wp-content\/uploads\/2017\/03\/Laraissa-manoela-SENOTICIAS.jpg\" alt=\"Larissa Manoela vai participar da festa de Justin em S\u00e3o Paulo Reprodu\u00e7\u00e3o\/Instagram\" width=\"460\" height=\"304\" srcset=\"https:\/\/senoticias.com.br\/se\/wp-content\/uploads\/2017\/03\/Laraissa-manoela-SENOTICIAS.jpg 460w, https:\/\/senoticias.com.br\/se\/wp-content\/uploads\/2017\/03\/Laraissa-manoela-SENOTICIAS-300x198.jpg 300w, https:\/\/senoticias.com.br\/se\/wp-content\/uploads\/2017\/03\/Laraissa-manoela-SENOTICIAS-90x60.jpg 90w, https:\/\/senoticias.com.br\/se\/wp-content\/uploads\/2017\/03\/Laraissa-manoela-SENOTICIAS-180x120.jpg 180w, https:\/\/senoticias.com.br\/se\/wp-content\/uploads\/2017\/03\/Laraissa-manoela-SENOTICIAS-95x64.jpg 95w\" sizes=\"(max-width: 460px) 100vw, 460px\" \/><p id=\"caption-attachment-101809\" class=\"wp-caption-text\">Larissa Manoela vai participar da festa de Justin em S\u00e3o Paulo<br \/>Reprodu\u00e7\u00e3o\/Instagram<\/p><\/div>\n<p style=\"text-align: justify;\">A celebra\u00e7\u00e3o vai acontecer logo ap\u00f3s o show de Justin Bieber em S\u00e3o Paulo. O cantor desembarca na pr\u00f3xima semana no pa\u00eds para sua turn\u00ea mundial <em>Purpose Tour<\/em>.<\/p>\n<p style=\"text-align: justify;\">No convite, o rapper\u00a0escreveu que ficar\u00e1 feliz em v\u00ea-la.<\/p>\n<p style=\"text-align: justify;\">\u2014 Oi, Larissa Manoela, tudo bem? Fiquei sabendo que voc\u00ea tamb\u00e9m vai no after-party. Nos vemos no backstage. Te espero l\u00e1! Um beijo, Maejor.<\/p>\n<p>Contente, a atriz festejou nas redes sociais.<\/p>\n<p style=\"text-align: justify;\">\u2014\u00a0Se eu estou pirando? Imagina&#8230; Obrigada Maejor, vamos estar juntos para celebrar e sua vinda ao Brasil, vai ser um prazer te conhecer. Vejo voc\u00ea l\u00e1. Esse evento vai ser tudo de bom.<\/p>\n<p style=\"text-align: justify;\"><img loading=\"lazy\" decoding=\"async\" class=\"aligncenter size-full wp-image-101666\" src=\"http:\/\/senoticias.com.br\/se\/wp-content\/uploads\/2017\/03\/Logo-fone-1-2-1-2-4-3.jpg\" alt=\"Logo-fone-1-2-1-2-4\" width=\"599\" height=\"78\" srcset=\"https:\/\/senoticias.com.br\/se\/wp-content\/uploads\/2017\/03\/Logo-fone-1-2-1-2-4-3.jpg 599w, https:\/\/senoticias.com.br\/se\/wp-content\/uploads\/2017\/03\/Logo-fone-1-2-1-2-4-3-300x39.jpg 300w\" sizes=\"(max-width: 599px) 100vw, 599px\" \/><\/p>\n<p style=\"text-align: justify;\"><strong>Acompanhe tamb\u00e9m o SE Not\u00edcias no<\/strong><span class=\"apple-converted-space\"><b>\u00a0<\/b><\/span><a href=\"https:\/\/twitter.com\/Senoticias\" target=\"_blank\"><b>Twitter<\/b><\/a><strong>,<\/strong><span class=\"apple-converted-space\"><b>\u00a0<\/b><\/span><a href=\"https:\/\/www.facebook.com\/senoticias1\" target=\"_blank\"><b>Facebook<\/b><span class=\"apple-converted-space\"><b>\u00a0<\/b><\/span><\/a><strong>e no<\/strong><span class=\"apple-converted-space\"><b>\u00a0<\/b><\/span><a href=\"https:\/\/www.instagram.com\/senoticias\/\" target=\"_blank\"><b>Instagram<\/b><\/a><\/p>\n<p style=\"text-align: justify;\"><em>Mat\u00e9ria extra\u00edda do <a href=\"http:\/\/entretenimento.r7.com\/famosos-e-tv\/larissa-manoela-e-convidada-para-festa-de-justin-bieber-e-celebra-estou-pirando-25032017\">Portal<\/a> R7<\/em><\/p>\n","protected":false},"excerpt":{"rendered":"<p>Larissa Manoela foi convidada por Maejor, que \u00e9 considerado um dos melhores amigos de Justin Bieber, para uma after party durante a passagem do cantor pelo Brasil. A atriz \u00e9 f\u00e3 assumida do\u00a0canadense. A celebra\u00e7\u00e3o vai acontecer logo ap\u00f3s o show de Justin Bieber em S\u00e3o Paulo. O cantor desembarca na pr\u00f3xima semana no pa\u00eds [&hellip;]<\/p>\n","protected":false},"author":2,"featured_media":101809,"comment_status":"closed","ping_status":"closed","sticky":false,"template":"","format":"standard","meta":{"footnotes":""},"categories":[21],"tags":[],"class_list":{"0":"post-101808","1":"post","2":"type-post","3":"status-publish","4":"format-standard","5":"has-post-thumbnail","7":"category-entretenimento"},"_links":{"self":[{"href":"https:\/\/senoticias.com.br\/se\/wp-json\/wp\/v2\/posts\/101808"}],"collection":[{"href":"https:\/\/senoticias.com.br\/se\/wp-json\/wp\/v2\/posts"}],"about":[{"href":"https:\/\/senoticias.com.br\/se\/wp-json\/wp\/v2\/types\/post"}],"author":[{"embeddable":true,"href":"https:\/\/senoticias.com.br\/se\/wp-json\/wp\/v2\/users\/2"}],"replies":[{"embeddable":true,"href":"https:\/\/senoticias.com.br\/se\/wp-json\/wp\/v2\/comments?post=101808"}],"version-history":[{"count":0,"href":"https:\/\/senoticias.com.br\/se\/wp-json\/wp\/v2\/posts\/101808\/revisions"}],"wp:featuredmedia":[{"embeddable":true,"href":"https:\/\/senoticias.com.br\/se\/wp-json\/wp\/v2\/media\/101809"}],"wp:attachment":[{"href":"https:\/\/senoticias.com.br\/se\/wp-json\/wp\/v2\/media?parent=101808"}],"wp:term":[{"taxonomy":"category","embeddable":true,"href":"https:\/\/senoticias.com.br\/se\/wp-json\/wp\/v2\/categories?post=101808"},{"taxonomy":"post_tag","embeddable":true,"href":"https:\/\/senoticias.com.br\/se\/wp-json\/wp\/v2\/tags?post=101808"}],"curies":[{"name":"wp","href":"https:\/\/api.w.org\/{rel}","templated":true}]}}