{"id":101806,"date":"2017-03-25T14:10:07","date_gmt":"2017-03-25T17:10:07","guid":{"rendered":"http:\/\/senoticias.com.br\/se\/?p=101806"},"modified":"2017-03-27T08:49:15","modified_gmt":"2017-03-27T11:49:15","slug":"claudio-nunes-almeida-lima-desmonta-saude-jackson-faz-de-conta-que-desconhece-o-que-esta-acontecendo","status":"publish","type":"post","link":"https:\/\/senoticias.com.br\/se\/claudio-nunes-almeida-lima-desmonta-saude-jackson-faz-de-conta-que-desconhece-o-que-esta-acontecendo\/","title":{"rendered":"Cl\u00e1udio Nunes: Almeida Lima desmonta sa\u00fade;  Jackson faz de conta que desconhece o que est\u00e1 acontecendo"},"content":{"rendered":"<p style=\"text-align: justify;\">Nos \u00faltimos dias o <a href=\"http:\/\/www.infonet.com.br\/blogs\/claudionunes\/ler.asp?id=197996\"><strong>blog<\/strong><\/a> vem recebendo informa\u00e7\u00f5es de profiss\u00f5es da sa\u00fade, principalmente de m\u00e9dicos e enfermeiras por conta das a\u00e7\u00f5es do<\/p>\n<div id=\"attachment_30377\" style=\"width: 609px\" class=\"wp-caption aligncenter\"><img loading=\"lazy\" decoding=\"async\" aria-describedby=\"caption-attachment-30377\" class=\"size-full wp-image-30377\" src=\"http:\/\/senoticias.com.br\/se\/wp-content\/uploads\/2012\/04\/Senador-Almeida-Lima-e1487014638957.jpg\" alt=\"secret\u00e1rio Almeida Lima e o caos que ser\u00e1 instalado em pouco tempo. (Reprodu\u00e7\u00e3o)\" width=\"599\" height=\"412\" \/><p id=\"caption-attachment-30377\" class=\"wp-caption-text\">secret\u00e1rio Almeida Lima e o caos que ser\u00e1 instalado em pouco tempo, escreve. Cl\u00e1udio Nunes. (Foto: arquivo\/Reprodu\u00e7\u00e3o)<\/p><\/div>\n<p style=\"text-align: justify;\"><em><strong>Samu:<\/strong><\/em> r\u00e1dios sem funcionar, bases trocadas por indica\u00e7\u00e3o pol\u00edtica e ambul\u00e2ncias maquiadas \u2013 Um servidor disse que enquanto os r\u00e1dios da SSP s\u00e3o de qualidade ou r\u00e1dios da Samu n\u00e3o funcionam na Central de regula\u00e7\u00e3o. \u201cPagando um r\u00e1dio sem funcionar, a gente trabalha com vidas, n\u00e3o \u00e9 um com\u00e9rcio\u201d. Hoje o contato da viaturas com equipe de regulamenta\u00e7\u00e3o s\u00f3 por telefone. E o contrato dos r\u00e1dios continua sendo pago. Para o interior num fim de semana s\u00f3 tinham duas Unidades M\u00f3veis de Suporte Avan\u00e7ado (USA). A maioria das bases funciona da seguinte maneira: se tiver funciona, se n\u00e3o tiver tira de um munic\u00edpio para o outro, por exemplo, hoje est\u00e1 em Canind\u00e9, amanh\u00e3, est\u00e1 em Tobias Barreto, por falta de contingente. Quatro bases do edital n\u00e3o abriram, tiram trocam bases por indica\u00e7\u00e3o pol\u00edtica. \u201cAs bases n\u00e3o est\u00e3o sendo locadas de maneira estrat\u00e9gia e sim de maneira pol\u00edtica\u201d, denuncia. Viaturas saem da oficina no in\u00edcio da tarde e no fim da tarde volta para a oficina com o mesmo problema. Est\u00e3o sendo maquiadas.<\/p>\n<p style=\"text-align: justify;\"><em><strong>Desmonte do setor de faturamento HUSE &#8211;<\/strong><\/em> Entre as principais a\u00e7\u00f5es, que n\u00e3o podem ser compreendidas, j\u00e1 que Almeida Lima fala em reduzir despesas e aumentar receita, foi o amplo desmonte do setor de faturamento do HUSE.Este setor, atrav\u00e9s do recebimento das AIHs, tem ajudado e muito na obten\u00e7\u00e3o de recursos para pagamento dos sal\u00e1rios. Com a equipe atual, o faturamento do HUSE reduziu a glossa de 80 para 40%. Aumentou o \u00edndice de pagamento de 20 para 60%. O secret\u00e1rio desmontou nesta semana o setor. Extinguiu a ger\u00eancia e mandou cortar as horas dos m\u00e9dicos respons\u00e1veis pela manufatura das AIHs de todo o hospital. Parece contradit\u00f3rio. O tempo dir\u00e1 a verdade.<\/p>\n<p style=\"text-align: justify;\"><em><strong>Desabastecimento &#8211;<\/strong><\/em> E j\u00e1 est\u00e1 sendo notado por profissionais do HUSE o desabastecimento de itens essenciais ao funcionamento da unidade. Gaze, esparadrapo e alguns medicamentos s\u00e3o exemplos disso. Pr\u00f3teses e \u00f3rteses ortop\u00e9dicas tamb\u00e9m. Equipamentos como aparelhos de tomografia e ar-condicionado continuam quebrados causando desassist\u00eancia e desconforto aos usu\u00e1rios e trabalhadores do hospital.<\/p>\n<p style=\"text-align: justify;\"><em><strong>Regionais \u2013<\/strong><\/em> Ontem, 24, pelas redes sociais, foi denunciado que gestores dos hospitais regionais fazem o uso do cargo para promover persegui\u00e7\u00f5es e beneficiar apadrinhados. \u201cA politiza\u00e7\u00e3o e apadrinhamentos existentes nos hospitais mantidos pela Funda\u00e7\u00e3o Hospitalar promovem persegui\u00e7\u00f5es a quem n\u00e3o reza na cartilha da gest\u00e3o\u201d, denunciou.<\/p>\n<p style=\"text-align: justify;\">Esta semana com a pompa para receber o prefeito do PSC, Walmir Monteiro, Almeida mostrou que n\u00e3o est\u00e1 atuando tecnicamente e que vai usar a sa\u00fade para articular e construir caminhos para 2018. Para isso n\u00e3o vai atropelar qualquer aliado de Jackson.<\/p>\n<p style=\"text-align: justify;\">Jackson parece ref\u00e9m de Almeida ou faz de conta que desconhece o que est\u00e1 acontecendo.<\/p>\n<p style=\"text-align: justify;\">Com certeza, Jackson ficar\u00e1 no governo at\u00e9 o fim. O caos que est\u00e1 sendo instalado na sa\u00fade vai refletir nas elei\u00e7\u00f5es 2018.<\/p>\n<p style=\"text-align: justify;\"><img loading=\"lazy\" decoding=\"async\" class=\"aligncenter size-full wp-image-101666\" src=\"http:\/\/senoticias.com.br\/se\/wp-content\/uploads\/2017\/03\/Logo-fone-1-2-1-2-4-3.jpg\" alt=\"Logo-fone-1-2-1-2-4\" width=\"599\" height=\"78\" srcset=\"https:\/\/senoticias.com.br\/se\/wp-content\/uploads\/2017\/03\/Logo-fone-1-2-1-2-4-3.jpg 599w, https:\/\/senoticias.com.br\/se\/wp-content\/uploads\/2017\/03\/Logo-fone-1-2-1-2-4-3-300x39.jpg 300w\" sizes=\"(max-width: 599px) 100vw, 599px\" \/><\/p>\n<p style=\"text-align: justify;\"><strong>Acompanhe tamb\u00e9m o SE Not\u00edcias no<\/strong><span class=\"apple-converted-space\"><b>\u00a0<\/b><\/span><a href=\"https:\/\/twitter.com\/Senoticias\" target=\"_blank\"><b>Twitter<\/b><\/a><strong>,<\/strong><span class=\"apple-converted-space\"><b>\u00a0<\/b><\/span><a href=\"https:\/\/www.facebook.com\/senoticias1\" target=\"_blank\"><b>Facebook<\/b><span class=\"apple-converted-space\"><b>\u00a0<\/b><\/span><\/a><strong>e no<\/strong><span class=\"apple-converted-space\"><b>\u00a0<\/b><\/span><a href=\"https:\/\/www.instagram.com\/senoticias\/\" target=\"_blank\"><b>Instagram<\/b><\/a><\/p>\n<p style=\"text-align: justify;\"><em>Texto postado originalmente no Blog de Cl\u00e1udio Nunes \/ Infonet<\/em><\/p>\n<p style=\"text-align: justify;\">\n","protected":false},"excerpt":{"rendered":"<p>Nos \u00faltimos dias o blog vem recebendo informa\u00e7\u00f5es de profiss\u00f5es da sa\u00fade, principalmente de m\u00e9dicos e enfermeiras por conta das a\u00e7\u00f5es do Samu: r\u00e1dios sem funcionar, bases trocadas por indica\u00e7\u00e3o pol\u00edtica e ambul\u00e2ncias maquiadas \u2013 Um servidor disse que enquanto os r\u00e1dios da SSP s\u00e3o de qualidade ou r\u00e1dios da Samu n\u00e3o funcionam na Central [&hellip;]<\/p>\n","protected":false},"author":2,"featured_media":30377,"comment_status":"closed","ping_status":"closed","sticky":false,"template":"","format":"standard","meta":{"footnotes":""},"categories":[15,6],"tags":[],"class_list":{"0":"post-101806","1":"post","2":"type-post","3":"status-publish","4":"format-standard","5":"has-post-thumbnail","7":"category-destaques","8":"category-politica"},"_links":{"self":[{"href":"https:\/\/senoticias.com.br\/se\/wp-json\/wp\/v2\/posts\/101806"}],"collection":[{"href":"https:\/\/senoticias.com.br\/se\/wp-json\/wp\/v2\/posts"}],"about":[{"href":"https:\/\/senoticias.com.br\/se\/wp-json\/wp\/v2\/types\/post"}],"author":[{"embeddable":true,"href":"https:\/\/senoticias.com.br\/se\/wp-json\/wp\/v2\/users\/2"}],"replies":[{"embeddable":true,"href":"https:\/\/senoticias.com.br\/se\/wp-json\/wp\/v2\/comments?post=101806"}],"version-history":[{"count":0,"href":"https:\/\/senoticias.com.br\/se\/wp-json\/wp\/v2\/posts\/101806\/revisions"}],"wp:featuredmedia":[{"embeddable":true,"href":"https:\/\/senoticias.com.br\/se\/wp-json\/wp\/v2\/media\/30377"}],"wp:attachment":[{"href":"https:\/\/senoticias.com.br\/se\/wp-json\/wp\/v2\/media?parent=101806"}],"wp:term":[{"taxonomy":"category","embeddable":true,"href":"https:\/\/senoticias.com.br\/se\/wp-json\/wp\/v2\/categories?post=101806"},{"taxonomy":"post_tag","embeddable":true,"href":"https:\/\/senoticias.com.br\/se\/wp-json\/wp\/v2\/tags?post=101806"}],"curies":[{"name":"wp","href":"https:\/\/api.w.org\/{rel}","templated":true}]}}