{"id":101804,"date":"2017-03-25T07:08:02","date_gmt":"2017-03-25T10:08:02","guid":{"rendered":"http:\/\/senoticias.com.br\/se\/?p=101804"},"modified":"2017-03-27T08:52:22","modified_gmt":"2017-03-27T11:52:22","slug":"governo-inicia-formacao-de-professores-para-o-ensino-integral-e-sanciona-lei-de-plano-de-carreira-para-funcionarios-publicos-do-estado","status":"publish","type":"post","link":"https:\/\/senoticias.com.br\/se\/governo-inicia-formacao-de-professores-para-o-ensino-integral-e-sanciona-lei-de-plano-de-carreira-para-funcionarios-publicos-do-estado\/","title":{"rendered":"Governo inicia forma\u00e7\u00e3o de professores para o ensino integral e sanciona lei de plano de carreira para funcion\u00e1rios p\u00fablicos do Estado"},"content":{"rendered":"<p style=\"text-align: justify;\">Na manh\u00e3 da pr\u00f3xima segunda-feira, 27, o governador do estado de Sergipe, Jackson Barreto, participar\u00e1 de dois eventos que dar\u00e3o in\u00edcio a uma s\u00e9rie de melhorias no \u00e2mbito da educa\u00e7\u00e3o e do exerc\u00edcio profissional dos servidores p\u00fablicos. O primeiro, que ocorrer\u00e1 \u00e0s 08h, no teatro Tobias Barreto, marcar\u00e1 o in\u00edcio a forma\u00e7\u00e3o de professores e gestores do Ensino M\u00e9dio em tempo integral no Estado. J\u00e1 o segundo, que est\u00e1 previsto para as 11h, na sede Funda\u00e7\u00e3o Aperip\u00ea, diz respeito \u00e0 san\u00e7\u00e3o do projeto de Lei que institui o Plano de Cargos e Carreira e Vencimentos para os funcion\u00e1rios da \u00a0Funda\u00e7\u00e3o Aperip\u00ea de Sergipe\u00a0(Fundap), \u00a0Empresa de Desenvolvimento Agropecu\u00e1rio de Sergipe (Emdagro) e Empresa de Desenvolvimento Sustent\u00e1vel do Estado de Sergipe (Pronese).<\/p>\n<div id=\"attachment_100655\" style=\"width: 609px\" class=\"wp-caption aligncenter\"><img loading=\"lazy\" decoding=\"async\" aria-describedby=\"caption-attachment-100655\" class=\"size-full wp-image-100655\" src=\"http:\/\/senoticias.com.br\/se\/wp-content\/uploads\/2017\/02\/Gvernador-Jackson-Barreto-SE-Noticias-e1487179227378.jpg\" alt=\" As duas a\u00e7\u00f5es t\u00eam como objetivo aperfei\u00e7oar os servi\u00e7os prestados \u00e0 popula\u00e7\u00e3o atrav\u00e9s da melhoria do trabalho de servidores vinculados \u00e0 administra\u00e7\u00e3o estadual (Foto: Marcelle Cristinne\/ASN)\" width=\"599\" height=\"413\" \/><p id=\"caption-attachment-100655\" class=\"wp-caption-text\">As duas a\u00e7\u00f5es t\u00eam como objetivo aperfei\u00e7oar os servi\u00e7os prestados \u00e0 popula\u00e7\u00e3o atrav\u00e9s da melhoria do trabalho de servidores vinculados \u00e0 administra\u00e7\u00e3o estadual. (Foto: Marcelle Cristinne\/ASN)<\/p><\/div>\n<p style=\"text-align: justify;\">A forma\u00e7\u00e3o de professores e gestores do Ensino M\u00e9dio em tempo integral se estender\u00e1 at\u00e9 a sexta-feira, dia 31 de mar\u00e7o. A iniciativa \u00e9 mais um passo no rumo da amplia\u00e7\u00e3o do ensino integral na rede p\u00fablica de ensino, que hoje conta com apenas tr\u00eas escolas, mas que tem o objetivo de abranger 26 institui\u00e7\u00f5es at\u00e9 o final de 2017 , oferecendo o ensino integral a mais de 5 mil alunos.<\/p>\n<p style=\"text-align: justify;\">As escolas v\u00e3o implementar o novo modelo de forma gradativa, referenciando a demanda da comunidade escolar e respeitando o estudo de impacto realizado com os alunos e professores.<\/p>\n<p style=\"text-align: justify;\">As tr\u00eas unidades de ensino integral da rede p\u00fablica (Col\u00e9gio Estadual Ministro Marco Maciel, Atheneu Sergipense e Vit\u00f3ria de Santa Maria) foram respons\u00e1veis pelos melhores \u00edndices de aprova\u00e7\u00e3o de estudantes em institui\u00e7\u00f5es p\u00fablicas de ensino superior no Sisu 2017. A exemplo do Atheneu, que alcan\u00e7ou o \u00edndice de 83,2% de alunos aprovados no Enem.<\/p>\n<p style=\"text-align: justify;\"><strong>Projeto de Lei<\/strong><\/p>\n<p style=\"text-align: justify;\">O Projeto de Lei que ser\u00e1 assinado na segunda, 27, altera dispositivos da Lei 7.820\/2014, que institui o PCCV (Plano de Cargos e Carreira e Vencimentos) da Administra\u00e7\u00e3o Geral do Poder Executivo do Estado de Sergipe.<\/p>\n<p style=\"text-align: justify;\">De iniciativa do Governo do Estado e aprovado pela Assembleia Legislativa, ele beneficiar\u00e1 diretamente os servidores da Funda\u00e7\u00e3o Aperip\u00ea de Sergipe (Fundap), da Empresa de Desenvolvimento Agropecu\u00e1rio de Sergipe (Emdagro) e da Empresa do Desenvolvimento Sustent\u00e1vel do Estado de Sergipe (Pronese).<\/p>\n<p style=\"text-align: justify;\">O Projeto de Lei traz benef\u00edcios atrav\u00e9s de altera\u00e7\u00f5es de suas carreiras, concedendo amparo legal a gratifica\u00e7\u00f5es trabalhadores da Emdagro e do Pronese. J\u00e1 os trabalhadores da Aperip\u00ea ter\u00e3o as carreiras modificadas nos intern\u00edveis.\u00a0Ao tornar o projeto em Lei Estadual, o governador Jackson Barreto atende a reivindica\u00e7\u00e3o antiga dos funcion\u00e1rios das tr\u00eas institui\u00e7\u00f5es.<\/p>\n<p><strong>Servi\u00e7os<\/strong><\/p>\n<p><strong>Servi\u00e7o 1<\/strong><\/p>\n<p>O qu\u00ea-\u00a0Forma\u00e7\u00e3o de professores e gestores para o Ensino em Tempo Integral;<\/p>\n<p><strong>Quando-<\/strong>\u00a0Nesta segunda-feira, 27, \u00e0s 08h;<\/p>\n<p><strong>Onde-<\/strong>\u00a0Teatro Tobias Barreto, em Aracaju;<\/p>\n<p><strong>Servi\u00e7o 2<\/strong><\/p>\n<p><strong>O qu\u00ea-<\/strong>\u00a0San\u00e7\u00e3o de Projetos de Lei que beneficiam servidores da Administra\u00e7\u00e3o P\u00fablica;<\/p>\n<p><strong>Quando-<\/strong>\u00a0Nesta segunda-feira, 27, \u00e0s 11h;<\/p>\n<p><strong>Onde-\u00a0<\/strong>Funda\u00e7\u00e3o Aperip\u00ea de Sergipe, rua Laranjeiras.<\/p>\n<p><img loading=\"lazy\" decoding=\"async\" class=\"aligncenter size-full wp-image-101666\" src=\"http:\/\/senoticias.com.br\/se\/wp-content\/uploads\/2017\/03\/Logo-fone-1-2-1-2-4-3.jpg\" alt=\"Logo-fone-1-2-1-2-4\" width=\"599\" height=\"78\" srcset=\"https:\/\/senoticias.com.br\/se\/wp-content\/uploads\/2017\/03\/Logo-fone-1-2-1-2-4-3.jpg 599w, https:\/\/senoticias.com.br\/se\/wp-content\/uploads\/2017\/03\/Logo-fone-1-2-1-2-4-3-300x39.jpg 300w\" sizes=\"(max-width: 599px) 100vw, 599px\" \/><\/p>\n<p><strong>Acompanhe o SE Not\u00edcias no <a href=\"https:\/\/twitter.com\/Senoticias\" target=\"_blank\">Twitter<\/a>, <a href=\"https:\/\/www.instagram.com\/senoticias\/\" target=\"_blank\">Instagram<\/a> e no <a href=\"https:\/\/www.facebook.com\/senoticias1\" target=\"_blank\">Facebook<\/a><\/strong><\/p>\n<p><em>Ag\u00eancia Sergipe de Not\u00edcias<\/em><\/p>\n","protected":false},"excerpt":{"rendered":"<p>Na manh\u00e3 da pr\u00f3xima segunda-feira, 27, o governador do estado de Sergipe, Jackson Barreto, participar\u00e1 de dois eventos que dar\u00e3o in\u00edcio a uma s\u00e9rie de melhorias no \u00e2mbito da educa\u00e7\u00e3o e do exerc\u00edcio profissional dos servidores p\u00fablicos. O primeiro, que ocorrer\u00e1 \u00e0s 08h, no teatro Tobias Barreto, marcar\u00e1 o in\u00edcio a forma\u00e7\u00e3o de professores e [&hellip;]<\/p>\n","protected":false},"author":2,"featured_media":100655,"comment_status":"closed","ping_status":"closed","sticky":false,"template":"","format":"standard","meta":{"footnotes":""},"categories":[6],"tags":[],"class_list":{"0":"post-101804","1":"post","2":"type-post","3":"status-publish","4":"format-standard","5":"has-post-thumbnail","7":"category-politica"},"_links":{"self":[{"href":"https:\/\/senoticias.com.br\/se\/wp-json\/wp\/v2\/posts\/101804"}],"collection":[{"href":"https:\/\/senoticias.com.br\/se\/wp-json\/wp\/v2\/posts"}],"about":[{"href":"https:\/\/senoticias.com.br\/se\/wp-json\/wp\/v2\/types\/post"}],"author":[{"embeddable":true,"href":"https:\/\/senoticias.com.br\/se\/wp-json\/wp\/v2\/users\/2"}],"replies":[{"embeddable":true,"href":"https:\/\/senoticias.com.br\/se\/wp-json\/wp\/v2\/comments?post=101804"}],"version-history":[{"count":0,"href":"https:\/\/senoticias.com.br\/se\/wp-json\/wp\/v2\/posts\/101804\/revisions"}],"wp:featuredmedia":[{"embeddable":true,"href":"https:\/\/senoticias.com.br\/se\/wp-json\/wp\/v2\/media\/100655"}],"wp:attachment":[{"href":"https:\/\/senoticias.com.br\/se\/wp-json\/wp\/v2\/media?parent=101804"}],"wp:term":[{"taxonomy":"category","embeddable":true,"href":"https:\/\/senoticias.com.br\/se\/wp-json\/wp\/v2\/categories?post=101804"},{"taxonomy":"post_tag","embeddable":true,"href":"https:\/\/senoticias.com.br\/se\/wp-json\/wp\/v2\/tags?post=101804"}],"curies":[{"name":"wp","href":"https:\/\/api.w.org\/{rel}","templated":true}]}}