{"id":101799,"date":"2017-03-25T06:35:32","date_gmt":"2017-03-25T09:35:32","guid":{"rendered":"http:\/\/senoticias.com.br\/se\/?p=101799"},"modified":"2017-03-26T12:14:27","modified_gmt":"2017-03-26T15:14:27","slug":"desarticula-associacao-criminosa-que-atuava-no-centro-sul-do-estado","status":"publish","type":"post","link":"https:\/\/senoticias.com.br\/se\/desarticula-associacao-criminosa-que-atuava-no-centro-sul-do-estado\/","title":{"rendered":"Pol\u00edcia Civil desarticula associa\u00e7\u00e3o criminosa que atuava no centro-sul do estado"},"content":{"rendered":"<p style=\"text-align: justify;\">Na manh\u00e3 desta sexta-feira, 24, policiais civis da Delegacia Regional de Est\u00e2ncia, em parceria com integrantes do Grupo Especial de Repress\u00e3o e Busca (Gerb) e o Complexo de Opera\u00e7\u00f5es Policiais Especiais (Cope), realizaram as pris\u00f5es de quatro homens e uma mulher envolvidos com tr\u00e1fico de drogas e roubo no centro-sul sergipano.<\/p>\n<div id=\"attachment_101800\" style=\"width: 609px\" class=\"wp-caption aligncenter\"><img loading=\"lazy\" decoding=\"async\" aria-describedby=\"caption-attachment-101800\" class=\"size-full wp-image-101800\" src=\"http:\/\/senoticias.com.br\/se\/wp-content\/uploads\/2017\/03\/Fotos-Cope-SENOTICIAS-e1490434602844.jpeg\" alt=\"O grupo estava envolvido com tr\u00e1fico de drogas e roubos \" width=\"599\" height=\"336\" \/><p id=\"caption-attachment-101800\" class=\"wp-caption-text\">O grupo estava envolvido com tr\u00e1fico de drogas e roubos. (Foto: SSP\/SE)<\/p><\/div>\n<p style=\"text-align: justify;\">A associa\u00e7\u00e3o criminosa, \u00a0que estava sendo investigada h\u00e1 pelo menos quatro meses,\u00a0possu\u00eda mandado de pris\u00e3o para sete integrantes, onde seis deles foram presos. Cleverton Oliveira Santos, popularmente conhecido como &#8220;Kekel&#8221; e Gilvan de Jesus Nascimento, conhecido como &#8220;Djoca&#8221;, haviam sido presos pelo menos tr\u00eas meses antes. Rafael dos Santos Jesus, popularmente conhecido como &#8220;Do ovo&#8221;, se encontra foragido.<\/p>\n<p style=\"text-align: justify;\">No decorrer da opera\u00e7\u00e3o, comandada pelos delegados Hugo Leonardo e Clarissa Lobo, foram presos Alison Lima Silva, Moacir Jos\u00e9 da Silva Neto, Cleiton Oliveira dos Santos e Jos\u00e9 dos Santos, popularmente conhecido como &#8220;Z\u00e9 de Z\u00e9 Homem&#8221;. Eles eram conhecidos por serem muito violentos e atuarem principalmente nas zonas rurais da cidade de Est\u00e2ncia e contra micro\u00f4nibus da linha Est\u00e2ncia &#8211; Santa Luzia do Itanhi, al\u00e9m de roubar motocicleta para revenda.<\/p>\n<p style=\"text-align: justify;\">Al\u00e9m disso, Mar\u00edlia dos Santos, 22, foi presa por conta de uma den\u00fancia an\u00f4nima que informava que ela realizava o transporte de pouco mais de 20kg de maconha e pinos de coca\u00edna. Ela vinha de Osasco, SP, e afirmou que receberia dois mil reais pelo transporte da droga.<\/p>\n<p style=\"text-align: justify;\">&#8220;Ao ser questionada, ela disse que algu\u00e9m a contactaria na rodovi\u00e1ria no momento da chegada e n\u00e3o sabia para quem a droga se encaminharia&#8221;, explicou o delegado Hugo Leonardo, um dos respons\u00e1veis pelo caso.<\/p>\n<p>Mar\u00edlia ser\u00e1 autuada somente por tr\u00e1fico de drogas enquanto os outros ser\u00e3o autuados tamb\u00e9m por roubo, recepta\u00e7\u00e3o de produto roubado e tentativa de homic\u00eddio, al\u00e9m do tr\u00e1fico.<\/p>\n<p><img loading=\"lazy\" decoding=\"async\" class=\"aligncenter size-full wp-image-101666\" src=\"http:\/\/senoticias.com.br\/se\/wp-content\/uploads\/2017\/03\/Logo-fone-1-2-1-2-4-3.jpg\" alt=\"Logo-fone-1-2-1-2-4\" width=\"599\" height=\"78\" srcset=\"https:\/\/senoticias.com.br\/se\/wp-content\/uploads\/2017\/03\/Logo-fone-1-2-1-2-4-3.jpg 599w, https:\/\/senoticias.com.br\/se\/wp-content\/uploads\/2017\/03\/Logo-fone-1-2-1-2-4-3-300x39.jpg 300w\" sizes=\"(max-width: 599px) 100vw, 599px\" \/><\/p>\n<p><strong>Acompanhe tamb\u00e9m o SE Not\u00edcias no<\/strong><span class=\"apple-converted-space\"><b>\u00a0<\/b><\/span><a href=\"https:\/\/twitter.com\/Senoticias\" target=\"_blank\"><b>Twitter<\/b><\/a><strong>,<\/strong><span class=\"apple-converted-space\"><b>\u00a0<\/b><\/span><a href=\"https:\/\/www.facebook.com\/senoticias1\" target=\"_blank\"><b>Facebook<\/b><span class=\"apple-converted-space\"><b>\u00a0<\/b><\/span><\/a><strong>e no<\/strong><span class=\"apple-converted-space\"><b>\u00a0<\/b><\/span><a href=\"https:\/\/www.instagram.com\/senoticias\/\" target=\"_blank\"><b>Instagram<\/b><\/a><\/p>\n","protected":false},"excerpt":{"rendered":"<p>Na manh\u00e3 desta sexta-feira, 24, policiais civis da Delegacia Regional de Est\u00e2ncia, em parceria com integrantes do Grupo Especial de Repress\u00e3o e Busca (Gerb) e o Complexo de Opera\u00e7\u00f5es Policiais Especiais (Cope), realizaram as pris\u00f5es de quatro homens e uma mulher envolvidos com tr\u00e1fico de drogas e roubo no centro-sul sergipano. A associa\u00e7\u00e3o criminosa, \u00a0que [&hellip;]<\/p>\n","protected":false},"author":2,"featured_media":101800,"comment_status":"closed","ping_status":"closed","sticky":false,"template":"","format":"standard","meta":{"footnotes":""},"categories":[7],"tags":[],"class_list":{"0":"post-101799","1":"post","2":"type-post","3":"status-publish","4":"format-standard","5":"has-post-thumbnail","7":"category-policia"},"_links":{"self":[{"href":"https:\/\/senoticias.com.br\/se\/wp-json\/wp\/v2\/posts\/101799"}],"collection":[{"href":"https:\/\/senoticias.com.br\/se\/wp-json\/wp\/v2\/posts"}],"about":[{"href":"https:\/\/senoticias.com.br\/se\/wp-json\/wp\/v2\/types\/post"}],"author":[{"embeddable":true,"href":"https:\/\/senoticias.com.br\/se\/wp-json\/wp\/v2\/users\/2"}],"replies":[{"embeddable":true,"href":"https:\/\/senoticias.com.br\/se\/wp-json\/wp\/v2\/comments?post=101799"}],"version-history":[{"count":0,"href":"https:\/\/senoticias.com.br\/se\/wp-json\/wp\/v2\/posts\/101799\/revisions"}],"wp:featuredmedia":[{"embeddable":true,"href":"https:\/\/senoticias.com.br\/se\/wp-json\/wp\/v2\/media\/101800"}],"wp:attachment":[{"href":"https:\/\/senoticias.com.br\/se\/wp-json\/wp\/v2\/media?parent=101799"}],"wp:term":[{"taxonomy":"category","embeddable":true,"href":"https:\/\/senoticias.com.br\/se\/wp-json\/wp\/v2\/categories?post=101799"},{"taxonomy":"post_tag","embeddable":true,"href":"https:\/\/senoticias.com.br\/se\/wp-json\/wp\/v2\/tags?post=101799"}],"curies":[{"name":"wp","href":"https:\/\/api.w.org\/{rel}","templated":true}]}}