{"id":101493,"date":"2017-03-14T06:46:18","date_gmt":"2017-03-14T09:46:18","guid":{"rendered":"http:\/\/senoticias.com.br\/se\/?p=101493"},"modified":"2017-03-14T06:46:18","modified_gmt":"2017-03-14T09:46:18","slug":"consumo-de-drogas-mata-cerca-de-meio-milhao-de-pessoas-por-ano-alerta-oms","status":"publish","type":"post","link":"https:\/\/senoticias.com.br\/se\/consumo-de-drogas-mata-cerca-de-meio-milhao-de-pessoas-por-ano-alerta-oms\/","title":{"rendered":"Consumo de drogas mata cerca de meio milh\u00e3o de pessoas por ano, alerta OMS"},"content":{"rendered":"<p style=\"text-align: justify;\">A diretora-geral da Organiza\u00e7\u00e3o Mundial da Sa\u00fade (OMS), Margaret Chan, alertou hoje (13) que o consumo de drogas mata cerca de 500 mil pessoas todos os anos no mundo.<\/p>\n<div id=\"attachment_101494\" style=\"width: 609px\" class=\"wp-caption aligncenter\"><img loading=\"lazy\" decoding=\"async\" aria-describedby=\"caption-attachment-101494\" class=\"size-full wp-image-101494\" src=\"http:\/\/senoticias.com.br\/se\/wp-content\/uploads\/2017\/03\/Drogas-mata-senoticias-e1489484654327.jpg\" alt=\"foto: Reprodu\u00e7\u00e3o\/Internet\/novonoticias.com)\" width=\"599\" height=\"389\" \/><p id=\"caption-attachment-101494\" class=\"wp-caption-text\">Drogas mata cerca de meio milh\u00e3o de pessoas por ano. (foto: Reprodu\u00e7\u00e3o\/Internet\/novonoticias.com)<\/p><\/div>\n<p style=\"text-align: justify;\">\u201cA OMS estima que o uso de drogas seja respons\u00e1vel por cerca de meio milh\u00e3o de mortes todos os anos, mas esse n\u00famero representa apenas uma pequena parte de todo o dano causado pelo problema mundial das drogas\u201d, disse.<\/p>\n<p style=\"text-align: justify;\">Durante discurso em Viena, na \u00c1ustria, Margaret destacou ainda que, em alguns aspectos, a situa\u00e7\u00e3o est\u00e1 piorando, e n\u00e3o melhorando, j\u00e1 que muitos pa\u00edses vivenciam o que ela chamou de crise de emerg\u00eancia sanit\u00e1ria decorrente de mortes por overdose.<\/p>\n<p style=\"text-align: justify;\">\u201cGostar\u00edamos de ver mais usu\u00e1rios de drogas sendo canalizados por meio de sistemas p\u00fablicos de sa\u00fade do que por meio de cortes e sistemas de justi\u00e7a criminal\u201d, apontou a entidade.<\/p>\n<p style=\"text-align: justify;\">\u201c\u00c0 medida que muitos pa\u00edses e ag\u00eancias internacionais continuam a lidar com o problema das drogas e suas in\u00fameras dimens\u00f5es, a OMS pede que as pol\u00edticas sejam baseadas em evid\u00eancias m\u00e9dicas e cient\u00edficas, e n\u00e3o em emo\u00e7\u00f5es e ideologias\u201d, concluiu.<\/p>\n<p style=\"text-align: justify;\"><img loading=\"lazy\" decoding=\"async\" class=\"aligncenter size-full wp-image-101461\" src=\"http:\/\/senoticias.com.br\/se\/wp-content\/uploads\/2017\/03\/Logo-fone-1-2-1-2-4-2.jpg\" alt=\"Logo-fone-1-2-1-2-4\" width=\"599\" height=\"78\" srcset=\"https:\/\/senoticias.com.br\/se\/wp-content\/uploads\/2017\/03\/Logo-fone-1-2-1-2-4-2.jpg 599w, https:\/\/senoticias.com.br\/se\/wp-content\/uploads\/2017\/03\/Logo-fone-1-2-1-2-4-2-300x39.jpg 300w\" sizes=\"(max-width: 599px) 100vw, 599px\" \/><\/p>\n<p style=\"text-align: justify;\"><strong>Acompanhe tamb\u00e9m o SE Not\u00edcias no <a href=\"https:\/\/twitter.com\/Senoticias\">Twitter<\/a>, <a href=\"https:\/\/www.facebook.com\/PortalSENoticias\/\">Facebook <\/a>e no <a href=\"https:\/\/www.instagram.com\/senoticias\/\">Instagram<\/a><\/strong><\/p>\n<p style=\"text-align: justify;\"><em>Ag\u00eancia Brasil de Not\u00edcias<\/em><\/p>\n","protected":false},"excerpt":{"rendered":"<p>A diretora-geral da Organiza\u00e7\u00e3o Mundial da Sa\u00fade (OMS), Margaret Chan, alertou hoje (13) que o consumo de drogas mata cerca de 500 mil pessoas todos os anos no mundo. \u201cA OMS estima que o uso de drogas seja respons\u00e1vel por cerca de meio milh\u00e3o de mortes todos os anos, mas esse n\u00famero representa apenas uma [&hellip;]<\/p>\n","protected":false},"author":2,"featured_media":101494,"comment_status":"closed","ping_status":"closed","sticky":false,"template":"","format":"standard","meta":{"footnotes":""},"categories":[15],"tags":[2499,2497,2498],"class_list":{"0":"post-101493","1":"post","2":"type-post","3":"status-publish","4":"format-standard","5":"has-post-thumbnail","7":"category-destaques","8":"tag-consumo-de-drogas","9":"tag-drogas","10":"tag-oms"},"_links":{"self":[{"href":"https:\/\/senoticias.com.br\/se\/wp-json\/wp\/v2\/posts\/101493"}],"collection":[{"href":"https:\/\/senoticias.com.br\/se\/wp-json\/wp\/v2\/posts"}],"about":[{"href":"https:\/\/senoticias.com.br\/se\/wp-json\/wp\/v2\/types\/post"}],"author":[{"embeddable":true,"href":"https:\/\/senoticias.com.br\/se\/wp-json\/wp\/v2\/users\/2"}],"replies":[{"embeddable":true,"href":"https:\/\/senoticias.com.br\/se\/wp-json\/wp\/v2\/comments?post=101493"}],"version-history":[{"count":0,"href":"https:\/\/senoticias.com.br\/se\/wp-json\/wp\/v2\/posts\/101493\/revisions"}],"wp:featuredmedia":[{"embeddable":true,"href":"https:\/\/senoticias.com.br\/se\/wp-json\/wp\/v2\/media\/101494"}],"wp:attachment":[{"href":"https:\/\/senoticias.com.br\/se\/wp-json\/wp\/v2\/media?parent=101493"}],"wp:term":[{"taxonomy":"category","embeddable":true,"href":"https:\/\/senoticias.com.br\/se\/wp-json\/wp\/v2\/categories?post=101493"},{"taxonomy":"post_tag","embeddable":true,"href":"https:\/\/senoticias.com.br\/se\/wp-json\/wp\/v2\/tags?post=101493"}],"curies":[{"name":"wp","href":"https:\/\/api.w.org\/{rel}","templated":true}]}}