{"id":101491,"date":"2017-03-14T06:13:06","date_gmt":"2017-03-14T09:13:06","guid":{"rendered":"http:\/\/senoticias.com.br\/se\/?p=101491"},"modified":"2017-03-14T06:13:06","modified_gmt":"2017-03-14T09:13:06","slug":"grupo-atira-em-carro-forte-explode-veiculo-e-foge-em-rodovia-de-barrinha","status":"publish","type":"post","link":"https:\/\/senoticias.com.br\/se\/grupo-atira-em-carro-forte-explode-veiculo-e-foge-em-rodovia-de-barrinha\/","title":{"rendered":"Grupo atira em carro-forte, explode ve\u00edculo e foge em rodovia de Barrinha"},"content":{"rendered":"<p style=\"text-align: justify;\">Criminosos explodiram um carro-forte no come\u00e7o da noite desta segunda-feira (13) na Rodovia Carlos Tonani, pr\u00f3ximo ao munic\u00edpio de Barrinha (SP). De acordo com informa\u00e7\u00f5es preliminares da Pol\u00edcia Militar, um grupo de aproximadamente 10 pessoas participou da a\u00e7\u00e3o. Nenhuma das v\u00edtimas ficou ferida e at\u00e9 o momento, ningu\u00e9m foi preso.<\/p>\n<div id=\"attachment_101492\" style=\"width: 609px\" class=\"wp-caption aligncenter\"><img loading=\"lazy\" decoding=\"async\" aria-describedby=\"caption-attachment-101492\" class=\"size-full wp-image-101492\" src=\"http:\/\/senoticias.com.br\/se\/wp-content\/uploads\/2017\/03\/carro-forte-SENOTICIAS-e1489482491625.jpg\" alt=\" Desconhecidos explodem carro-forte da Protege em Barrinha (Foto: Ariane Lima\/EPTV) \" width=\"599\" height=\"337\" \/><p id=\"caption-attachment-101492\" class=\"wp-caption-text\"><br \/>Desconhecidos explodem carro-forte da Protege em Barrinha (Foto: Ariane Lima\/EPTV)<\/p><\/div>\n<p style=\"text-align: justify;\">O carro-forte da Protege, empresa que realiza o transportes de valores, ficou completamente destru\u00eddo. Segundo a PM, o grupo chegou atirando contra o ve\u00edculo no quil\u00f4metro 100 da rodovia por volta das 19h10.<\/p>\n<p style=\"text-align: justify;\">A quadrilha estava fortemente armada e carregava fuzis, al\u00e9m de outros armamentos. Eles renderam os profissionais que faziam a seguran\u00e7a do dinheiro que estava no carro-forte e retiraram os homens de dentro do ve\u00edculo.<\/p>\n<p style=\"text-align: justify;\">Em seguida, eles utilizaram explosivos para destruir o carro e conseguir ter acesso ao\u00a0 interior. V\u00e1rias notas acabaram voando ap\u00f3s a a\u00e7\u00e3o e uma parte do dinheiro ficou espalhada pela rodovia depois da quadrilha ter fugido do local em autom\u00f3veis.<\/p>\n<p style=\"text-align: justify;\">A Pol\u00edcia Militar foi acionada e centenas de agentes participam de um cerco na regi\u00e3o com o objetivo de tentar encontrar os suspeitos. Ainda n\u00e3o se sabe se os assaltantes conseguiram roubar o dinheiro.<\/p>\n<p style=\"text-align: justify;\">Em nota, a Protege afirma que seus colaboradores encontram-se em seguran\u00e7a e a empresa esclarece ainda que est\u00e1 colaborando com as autoridades nas investiga\u00e7\u00f5es. A Protege diz ainda que tem como pol\u00edtica de seguran\u00e7a n\u00e3o comentar sobre valores transportados em carros-fortes.<img loading=\"lazy\" decoding=\"async\" class=\"aligncenter size-full wp-image-101461\" src=\"http:\/\/senoticias.com.br\/se\/wp-content\/uploads\/2017\/03\/Logo-fone-1-2-1-2-4-2.jpg\" alt=\"Logo-fone-1-2-1-2-4\" width=\"599\" height=\"78\" srcset=\"https:\/\/senoticias.com.br\/se\/wp-content\/uploads\/2017\/03\/Logo-fone-1-2-1-2-4-2.jpg 599w, https:\/\/senoticias.com.br\/se\/wp-content\/uploads\/2017\/03\/Logo-fone-1-2-1-2-4-2-300x39.jpg 300w\" sizes=\"(max-width: 599px) 100vw, 599px\" \/><\/p>\n<p style=\"text-align: justify;\"><strong>Acompanhe o SE Not\u00edcias no <a href=\"https:\/\/twitter.com\/Senoticias\" target=\"_blank\">Twitter<\/a>, <a href=\"https:\/\/www.instagram.com\/senoticias\/\" target=\"_blank\">Instagram<\/a> e no <a href=\"https:\/\/www.facebook.com\/senoticias1\" target=\"_blank\">Facebook<\/a><\/strong><\/p>\n<p style=\"text-align: justify;\"><em>LG Rodrigues, d<span class=\"adr\"><span class=\"locality\">o <a href=\"http:\/\/g1.globo.com\/sp\/ribeirao-preto-franca\/noticia\/2017\/03\/grupo-atira-em-carro-forte-explode-veiculo-e-foge-em-rodovia-de-barrinha.html\"><strong>G1<\/strong> <\/a>Ribeir\u00e3o e Franca<\/span><\/span><\/em><\/p>\n","protected":false},"excerpt":{"rendered":"<p>Criminosos explodiram um carro-forte no come\u00e7o da noite desta segunda-feira (13) na Rodovia Carlos Tonani, pr\u00f3ximo ao munic\u00edpio de Barrinha (SP). De acordo com informa\u00e7\u00f5es preliminares da Pol\u00edcia Militar, um grupo de aproximadamente 10 pessoas participou da a\u00e7\u00e3o. Nenhuma das v\u00edtimas ficou ferida e at\u00e9 o momento, ningu\u00e9m foi preso. O carro-forte da Protege, empresa [&hellip;]<\/p>\n","protected":false},"author":2,"featured_media":101492,"comment_status":"closed","ping_status":"closed","sticky":false,"template":"","format":"standard","meta":{"footnotes":""},"categories":[7],"tags":[],"class_list":{"0":"post-101491","1":"post","2":"type-post","3":"status-publish","4":"format-standard","5":"has-post-thumbnail","7":"category-policia"},"_links":{"self":[{"href":"https:\/\/senoticias.com.br\/se\/wp-json\/wp\/v2\/posts\/101491"}],"collection":[{"href":"https:\/\/senoticias.com.br\/se\/wp-json\/wp\/v2\/posts"}],"about":[{"href":"https:\/\/senoticias.com.br\/se\/wp-json\/wp\/v2\/types\/post"}],"author":[{"embeddable":true,"href":"https:\/\/senoticias.com.br\/se\/wp-json\/wp\/v2\/users\/2"}],"replies":[{"embeddable":true,"href":"https:\/\/senoticias.com.br\/se\/wp-json\/wp\/v2\/comments?post=101491"}],"version-history":[{"count":0,"href":"https:\/\/senoticias.com.br\/se\/wp-json\/wp\/v2\/posts\/101491\/revisions"}],"wp:featuredmedia":[{"embeddable":true,"href":"https:\/\/senoticias.com.br\/se\/wp-json\/wp\/v2\/media\/101492"}],"wp:attachment":[{"href":"https:\/\/senoticias.com.br\/se\/wp-json\/wp\/v2\/media?parent=101491"}],"wp:term":[{"taxonomy":"category","embeddable":true,"href":"https:\/\/senoticias.com.br\/se\/wp-json\/wp\/v2\/categories?post=101491"},{"taxonomy":"post_tag","embeddable":true,"href":"https:\/\/senoticias.com.br\/se\/wp-json\/wp\/v2\/tags?post=101491"}],"curies":[{"name":"wp","href":"https:\/\/api.w.org\/{rel}","templated":true}]}}