{"id":101488,"date":"2017-03-13T19:57:08","date_gmt":"2017-03-13T22:57:08","guid":{"rendered":"http:\/\/senoticias.com.br\/se\/?p=101488"},"modified":"2017-03-13T19:57:08","modified_gmt":"2017-03-13T22:57:08","slug":"internos-do-copemcan-vao-trabalhar-na-producao-de-pecas","status":"publish","type":"post","link":"https:\/\/senoticias.com.br\/se\/internos-do-copemcan-vao-trabalhar-na-producao-de-pecas\/","title":{"rendered":"Internos do COPEMCAN v\u00e3o trabalhar na produ\u00e7\u00e3o de pe\u00e7as"},"content":{"rendered":"<p style=\"text-align: justify\">A Hydra Corona, fabricante de chuveiros el\u00e9tricos, vai retomar atividades\u00a0 no Complexo Penitenci\u00e1rio Manoel Carvalho Neto (Copemcan) a partir da pr\u00f3xima segunda-feira, 20. A decis\u00e3o foi tomada hoje 13,\u00e0 tarde, durante reuni\u00e3o com o secret\u00e1rio de Justi\u00e7a e Defesa do Consumidor, Cristiano Barreto, e executivos da empresa. O secret\u00e1rio ficou animado com a disponibilidade da empresa, pois isso ajuda no processo de ressocializa\u00e7\u00e3o dos presos.<\/p>\n<div id=\"attachment_101489\" style=\"width: 590px\" class=\"wp-caption aligncenter\"><a href=\"http:\/\/senoticias.com.br\/se\/wp-content\/uploads\/2017\/03\/cb536518dec5b77059cafa42a1898976.jpg\"><img loading=\"lazy\" decoding=\"async\" aria-describedby=\"caption-attachment-101489\" class=\"size-full wp-image-101489\" src=\"http:\/\/senoticias.com.br\/se\/wp-content\/uploads\/2017\/03\/cb536518dec5b77059cafa42a1898976-e1489445785268.jpg\" alt=\"Foto: Ascom\/Sejuc\" width=\"580\" height=\"386\" \/><\/a><p id=\"caption-attachment-101489\" class=\"wp-caption-text\">Foto: Ascom\/Sejuc<\/p><\/div>\n<p style=\"text-align: justify\">A princ\u00edpio, cinco internos do Copemcan ir\u00e3o trabalhar na produ\u00e7\u00e3o de pe\u00e7as pl\u00e1sticas para os chuveiros, mas a expectativa \u00e9 aumentar esse n\u00famero de pessoas paulatinamente. O gerente industrial da Hydra Corona,L\u00edbni da Silva, disse que nesse primeiro momento ser\u00e1 feita uma avalia\u00e7\u00e3o para ver quantas pe\u00e7as pl\u00e1sticas poder\u00e3o ser produzidas no Copemcan.<\/p>\n<p style=\"text-align: justify\">Para elea expectativa de retomar uma unidade fabril dentro do Copemcan \u00e9 importante. A primeira experi\u00eancia ocorreu entre mar\u00e7o ejulho de 2016.\u00a0 A Hydra Corona que possui unidades fabris em Aracaju e Santa Catarina, j\u00e1 tem experi\u00eancia em trabalhar com internos do sistema prisional. \u201cNos j\u00e1 temos 10 anos no sistema penitenci\u00e1rio catarinense e trabalhamos com 160 presos. Temos uma longa caminhada aqui em Sergipe\u201d, disse L\u00edbni.<\/p>\n<p style=\"text-align: justify\">Tamb\u00e9m, durante a reuni\u00e3o ficou definido que nesta ter\u00e7a-feira, 14, L\u00edbni da Silva, juntamente com o coordenador de educa\u00e7\u00e3o do sistema penitenci\u00e1rio, Genaldo Freitas Lima, far\u00e1 uma visita no Copemcan para acertar detalhes t\u00e9cnicos para implanta\u00e7\u00e3o da unidade.<\/p>\n<p style=\"text-align: justify\">A empresa Hydra foi fundada em 1932 e inovou com a cria\u00e7\u00e3o da primeira v\u00e1lvula embutida na parede. Em 2015 a Duratex incorpora Corona, fabricante brasileira de duchas e torneiras el\u00e9tricas. Fundada em 1962 \u00e9 pioneira na fabrica\u00e7\u00e3o de duchas de termopl\u00e1stico de alto desempenho. Ao longo de sua hist\u00f3ria vem conquistando pr\u00eamios importantes em tecnologia, design e economia de energia el\u00e9trica.<\/p>\n<p style=\"text-align: justify\">A Duratex, por sua vez, \u00e9uma empresa brasileira, privada e de capital aberto, com controle compartilhado entre os conglomerados Ita\u00fasa \u2013 Investimentos Ita\u00fa S.A e Companhia Ligna de Investimentos. Maior produtora de pain\u00e9is de madeira industrializada e pisos, lou\u00e7as e metais sanit\u00e1rios do Hemisf\u00e9rio Sul, \u00e9 l\u00edder no mercado brasileiro com as marcas Durafloor, Duratex, Deca e Hydra. Tamb\u00e9m est\u00e1 entre as 10 maiores empresas globais dos setores em que atua.<\/p>\n<p style=\"line-height: 14.25pt;text-align: justify\"><strong><span style=\"font-size: 10.0pt;font-family: 'Georgia','serif';color: #333333\">Acompanhe tamb\u00e9m o SE Not\u00edcias no<\/span><\/strong><span class=\"apple-converted-space\"><b><span style=\"font-size: 10.0pt;font-family: 'Georgia','serif';color: #333333\">\u00a0<\/span><\/b><\/span><a href=\"https:\/\/twitter.com\/Senoticias\" target=\"_blank\"><b><span style=\"font-size: 10.0pt;font-family: 'Georgia','serif'\">Twitter<\/span><\/b><\/a><strong><span style=\"font-size: 10.0pt;font-family: 'Georgia','serif';color: #333333\">,<\/span><\/strong><span class=\"apple-converted-space\"><b><span style=\"font-size: 10.0pt;font-family: 'Georgia','serif';color: #333333\">\u00a0<\/span><\/b><\/span><a href=\"https:\/\/www.facebook.com\/senoticias1\" target=\"_blank\"><b><span style=\"font-size: 10.0pt;font-family: 'Georgia','serif'\">Facebook<\/span><\/b><span class=\"apple-converted-space\"><b><span style=\"font-size: 10.0pt;font-family: 'Georgia','serif';color: windowtext;text-decoration: none\">\u00a0<\/span><\/b><\/span><\/a><strong><span style=\"font-size: 10.0pt;font-family: 'Georgia','serif';color: #333333\">e no<\/span><\/strong><span class=\"apple-converted-space\"><b><span style=\"font-size: 10.0pt;font-family: 'Georgia','serif';color: #333333\">\u00a0<\/span><\/b><\/span><a href=\"https:\/\/www.instagram.com\/senoticias\/\" target=\"_blank\"><b><span style=\"font-size: 10.0pt;font-family: 'Georgia','serif'\">Instagram<\/span><\/b><\/a><strong><span style=\"font-size: 10.0pt;font-family: 'Georgia','serif';color: #333333\">.<\/span><\/strong><\/p>\n<p style=\"text-align: justify\"><a href=\"http:\/\/senoticias.com.br\/se\/wp-content\/uploads\/2017\/03\/Logo-fone-1-2-1-2-4-2.jpg\"><img loading=\"lazy\" decoding=\"async\" class=\"aligncenter size-full wp-image-101461\" src=\"http:\/\/senoticias.com.br\/se\/wp-content\/uploads\/2017\/03\/Logo-fone-1-2-1-2-4-2.jpg\" alt=\"Logo-fone-1-2-1-2-4\" width=\"599\" height=\"78\" srcset=\"https:\/\/senoticias.com.br\/se\/wp-content\/uploads\/2017\/03\/Logo-fone-1-2-1-2-4-2.jpg 599w, https:\/\/senoticias.com.br\/se\/wp-content\/uploads\/2017\/03\/Logo-fone-1-2-1-2-4-2-300x39.jpg 300w\" sizes=\"(max-width: 599px) 100vw, 599px\" \/><\/a><\/p>\n<p style=\"text-align: justify\">Da SEJUC<\/p>\n","protected":false},"excerpt":{"rendered":"<p>A Hydra Corona, fabricante de chuveiros el\u00e9tricos, vai retomar atividades\u00a0 no Complexo Penitenci\u00e1rio Manoel Carvalho Neto (Copemcan) a partir da pr\u00f3xima segunda-feira, 20. A decis\u00e3o foi tomada hoje 13,\u00e0 tarde, durante reuni\u00e3o com o secret\u00e1rio de Justi\u00e7a e Defesa do Consumidor, Cristiano Barreto, e executivos da empresa. O secret\u00e1rio ficou animado com a disponibilidade da [&hellip;]<\/p>\n","protected":false},"author":5618,"featured_media":101489,"comment_status":"closed","ping_status":"closed","sticky":false,"template":"","format":"standard","meta":{"footnotes":""},"categories":[7],"tags":[2496],"class_list":{"0":"post-101488","1":"post","2":"type-post","3":"status-publish","4":"format-standard","5":"has-post-thumbnail","7":"category-policia","8":"tag-internos-do-copemcan-vao-trabalhar-na-producao-de-pecas"},"_links":{"self":[{"href":"https:\/\/senoticias.com.br\/se\/wp-json\/wp\/v2\/posts\/101488"}],"collection":[{"href":"https:\/\/senoticias.com.br\/se\/wp-json\/wp\/v2\/posts"}],"about":[{"href":"https:\/\/senoticias.com.br\/se\/wp-json\/wp\/v2\/types\/post"}],"author":[{"embeddable":true,"href":"https:\/\/senoticias.com.br\/se\/wp-json\/wp\/v2\/users\/5618"}],"replies":[{"embeddable":true,"href":"https:\/\/senoticias.com.br\/se\/wp-json\/wp\/v2\/comments?post=101488"}],"version-history":[{"count":0,"href":"https:\/\/senoticias.com.br\/se\/wp-json\/wp\/v2\/posts\/101488\/revisions"}],"wp:featuredmedia":[{"embeddable":true,"href":"https:\/\/senoticias.com.br\/se\/wp-json\/wp\/v2\/media\/101489"}],"wp:attachment":[{"href":"https:\/\/senoticias.com.br\/se\/wp-json\/wp\/v2\/media?parent=101488"}],"wp:term":[{"taxonomy":"category","embeddable":true,"href":"https:\/\/senoticias.com.br\/se\/wp-json\/wp\/v2\/categories?post=101488"},{"taxonomy":"post_tag","embeddable":true,"href":"https:\/\/senoticias.com.br\/se\/wp-json\/wp\/v2\/tags?post=101488"}],"curies":[{"name":"wp","href":"https:\/\/api.w.org\/{rel}","templated":true}]}}