{"id":101487,"date":"2017-03-13T19:41:25","date_gmt":"2017-03-13T22:41:25","guid":{"rendered":"http:\/\/senoticias.com.br\/se\/?p=101487"},"modified":"2017-03-13T19:41:25","modified_gmt":"2017-03-13T22:41:25","slug":"mais-de-25-milhoes-de-contribuintes-entregaram-declaracao-do-imposto-de-renda","status":"publish","type":"post","link":"https:\/\/senoticias.com.br\/se\/mais-de-25-milhoes-de-contribuintes-entregaram-declaracao-do-imposto-de-renda\/","title":{"rendered":"Mais de 2,5 milh\u00f5es de contribuintes entregaram declara\u00e7\u00e3o do Imposto de Renda"},"content":{"rendered":"<p style=\"text-align: justify\">Mais de 2,5 milh\u00f5es de contribuintes j\u00e1 acertaram as contas com o Le\u00e3o em 11 dias de entrega da declara\u00e7\u00e3o do Imposto de Renda Pessoa F\u00edsica (IRPF) 2017. Segundo balan\u00e7o divulgado pela Receita Federal, 2.594.215 declara\u00e7\u00f5es foram recebidas at\u00e9 as 17h de hoje (13), de um total de 28,3 milh\u00f5es de documentos esperados.<\/p>\n<div id=\"attachment_94208\" style=\"width: 590px\" class=\"wp-caption aligncenter\"><a href=\"http:\/\/senoticias.com.br\/se\/wp-content\/uploads\/2016\/07\/Receita-IRF-2016-SE-Noticias.jpg\"><img loading=\"lazy\" decoding=\"async\" aria-describedby=\"caption-attachment-94208\" class=\"size-full wp-image-94208\" src=\"http:\/\/senoticias.com.br\/se\/wp-content\/uploads\/2016\/07\/Receita-IRF-2016-SE-Noticias.jpg\" alt=\" (Foto: Marcelo Camargo\/Ag\u00eancia Brasil) \" width=\"580\" height=\"388\" srcset=\"https:\/\/senoticias.com.br\/se\/wp-content\/uploads\/2016\/07\/Receita-IRF-2016-SE-Noticias.jpg 580w, https:\/\/senoticias.com.br\/se\/wp-content\/uploads\/2016\/07\/Receita-IRF-2016-SE-Noticias-300x200.jpg 300w, https:\/\/senoticias.com.br\/se\/wp-content\/uploads\/2016\/07\/Receita-IRF-2016-SE-Noticias-342x228.jpg 342w\" sizes=\"(max-width: 580px) 100vw, 580px\" \/><\/a><p id=\"caption-attachment-94208\" class=\"wp-caption-text\">(Foto: Marcelo Camargo\/Ag\u00eancia Brasil)<\/p><\/div>\n<p style=\"text-align: justify\">O prazo de entrega come\u00e7ou no dia 2 e vai at\u00e9 as 23h59min59s de 28 de abril. <a href=\"http:\/\/idg.receita.fazenda.gov.br\/interface\/cidadao\/irpf\/2017\/download\" target=\"_blank\">O programa gerador da declara\u00e7\u00e3o est\u00e1 dispon\u00edvel no <em>site<\/em> da Receita Federal<\/a>.\u00a0 A declara\u00e7\u00e3o \u00e9 obrigat\u00f3ria para quem recebeu rendimentos tribut\u00e1veis superiores a R$ 28.559,70 no ano passado. .<\/p>\n<p style=\"text-align: justify\">Neste ano, a declara\u00e7\u00e3o do Imposto de Renda (IR) teve <a href=\"http:\/\/agenciabrasil.ebc.com.br\/economia\/noticia\/2017-03\/saiba-o-que-muda-nas-regras-para-declaracao-do-imposto-de-renda-em-2017\" target=\"_blank\">uma s\u00e9rie de mudan\u00e7as<\/a>. As principais s\u00e3o: a redu\u00e7\u00e3o da idade m\u00ednima, de 14 para 12 anos, para apresenta\u00e7\u00e3o do CPF de dependentes; e a incorpora\u00e7\u00e3o do Receitanet, programa usado para transmitir a declara\u00e7\u00e3o, ao programa gerador do documento.<\/p>\n<p style=\"text-align: justify\">Precisa ainda declarar o IR quem recebeu rendimentos isentos, n\u00e3o tribut\u00e1veis ou tributados exclusivamente na fonte, cuja soma foi superior a R$ 40 mil; quem obteve, em qualquer m\u00eas de 2016, ganho de capital na aliena\u00e7\u00e3o de bens ou direitos sujeito \u00e0 incid\u00eancia do imposto ou realizou opera\u00e7\u00f5es em bolsas de valores, de mercadorias e de futuros.<\/p>\n<p style=\"text-align: justify\">Quando se trata de atividade rural, \u00e9 obrigado a declarar o contribuinte com renda bruta superior a R$ 142.798,50; quem pretende compensar preju\u00edzos do ano-calend\u00e1rio 2016 ou posteriores ou quem teve, em 31 de dezembro do ano passado, a posse ou propriedade de bens ou direitos, inclusive terra nua, com valor total superior a R$ 300 mil.<\/p>\n<p style=\"text-align: justify\">A Receita Federal pagar\u00e1 a restitui\u00e7\u00e3o do IRPF em sete lotes, entre junho e dezembro deste ano. O primeiro lote ser\u00e1 pago em 16 de junho, o segundo em 17 de julho e o terceiro em 15 de agosto. O quarto, quinto e sexto lotes ser\u00e3o pagos, respectivamente, em 15 de setembro, 16 de outubro e 16 de novembro. O s\u00e9timo e \u00faltimo lote deve ser pago em dezembro.<\/p>\n<p style=\"text-align: justify\">Ao fazer a declara\u00e7\u00e3o, o contribuinte tem de indicar a ag\u00eancia e a conta banc\u00e1ria na qual deseja receber a restitui\u00e7\u00e3o. Idosos, pessoas com defici\u00eancia f\u00edsica, mental ou doen\u00e7a grave t\u00eam prioridade no recebimento.<\/p>\n<p style=\"line-height: 14.25pt\"><strong><span style=\"font-size: 10.0pt;font-family: 'Georgia','serif';color: #333333\">Acompanhe tamb\u00e9m o SE Not\u00edcias no<\/span><\/strong><span class=\"apple-converted-space\"><b><span style=\"font-size: 10.0pt;font-family: 'Georgia','serif';color: #333333\">\u00a0<\/span><\/b><\/span><a href=\"https:\/\/twitter.com\/Senoticias\" target=\"_blank\"><b><span style=\"font-size: 10.0pt;font-family: 'Georgia','serif'\">Twitter<\/span><\/b><\/a><strong><span style=\"font-size: 10.0pt;font-family: 'Georgia','serif';color: #333333\">,<\/span><\/strong><span class=\"apple-converted-space\"><b><span style=\"font-size: 10.0pt;font-family: 'Georgia','serif';color: #333333\">\u00a0<\/span><\/b><\/span><a href=\"https:\/\/www.facebook.com\/senoticias1\" target=\"_blank\"><b><span style=\"font-size: 10.0pt;font-family: 'Georgia','serif'\">Facebook<\/span><\/b><span class=\"apple-converted-space\"><b><span style=\"font-size: 10.0pt;font-family: 'Georgia','serif';color: windowtext;text-decoration: none\">\u00a0<\/span><\/b><\/span><\/a><strong><span style=\"font-size: 10.0pt;font-family: 'Georgia','serif';color: #333333\">e no<\/span><\/strong><span class=\"apple-converted-space\"><b><span style=\"font-size: 10.0pt;font-family: 'Georgia','serif';color: #333333\">\u00a0<\/span><\/b><\/span><a href=\"https:\/\/www.instagram.com\/senoticias\/\" target=\"_blank\"><b><span style=\"font-size: 10.0pt;font-family: 'Georgia','serif'\">Instagram<\/span><\/b><\/a><strong><span style=\"font-size: 10.0pt;font-family: 'Georgia','serif';color: #333333\">.<\/span><\/strong><\/p>\n<p style=\"line-height: 14.25pt\"><a href=\"http:\/\/senoticias.com.br\/se\/wp-content\/uploads\/2017\/03\/Logo-fone-1-2-1-2-4-2.jpg\"><img loading=\"lazy\" decoding=\"async\" class=\"aligncenter size-full wp-image-101461\" src=\"http:\/\/senoticias.com.br\/se\/wp-content\/uploads\/2017\/03\/Logo-fone-1-2-1-2-4-2.jpg\" alt=\"Logo-fone-1-2-1-2-4\" width=\"599\" height=\"78\" srcset=\"https:\/\/senoticias.com.br\/se\/wp-content\/uploads\/2017\/03\/Logo-fone-1-2-1-2-4-2.jpg 599w, https:\/\/senoticias.com.br\/se\/wp-content\/uploads\/2017\/03\/Logo-fone-1-2-1-2-4-2-300x39.jpg 300w\" sizes=\"(max-width: 599px) 100vw, 599px\" \/><\/a><\/p>\n<p style=\"line-height: 14.25pt\">Da Ag\u00eancia Brasil<\/p>\n<p>&nbsp;<\/p>\n","protected":false},"excerpt":{"rendered":"<p>Mais de 2,5 milh\u00f5es de contribuintes j\u00e1 acertaram as contas com o Le\u00e3o em 11 dias de entrega da declara\u00e7\u00e3o do Imposto de Renda Pessoa F\u00edsica (IRPF) 2017. Segundo balan\u00e7o divulgado pela Receita Federal, 2.594.215 declara\u00e7\u00f5es foram recebidas at\u00e9 as 17h de hoje (13), de um total de 28,3 milh\u00f5es de documentos esperados. O prazo [&hellip;]<\/p>\n","protected":false},"author":5618,"featured_media":94208,"comment_status":"closed","ping_status":"closed","sticky":false,"template":"","format":"standard","meta":{"footnotes":""},"categories":[8],"tags":[2495,2494],"class_list":{"0":"post-101487","1":"post","2":"type-post","3":"status-publish","4":"format-standard","5":"has-post-thumbnail","7":"category-esporte-e-cultura","8":"tag-5-milhoes-de-contribuintes-entregaram-declaracao-do-imposto-de-renda","9":"tag-mais-de-2"},"_links":{"self":[{"href":"https:\/\/senoticias.com.br\/se\/wp-json\/wp\/v2\/posts\/101487"}],"collection":[{"href":"https:\/\/senoticias.com.br\/se\/wp-json\/wp\/v2\/posts"}],"about":[{"href":"https:\/\/senoticias.com.br\/se\/wp-json\/wp\/v2\/types\/post"}],"author":[{"embeddable":true,"href":"https:\/\/senoticias.com.br\/se\/wp-json\/wp\/v2\/users\/5618"}],"replies":[{"embeddable":true,"href":"https:\/\/senoticias.com.br\/se\/wp-json\/wp\/v2\/comments?post=101487"}],"version-history":[{"count":0,"href":"https:\/\/senoticias.com.br\/se\/wp-json\/wp\/v2\/posts\/101487\/revisions"}],"wp:featuredmedia":[{"embeddable":true,"href":"https:\/\/senoticias.com.br\/se\/wp-json\/wp\/v2\/media\/94208"}],"wp:attachment":[{"href":"https:\/\/senoticias.com.br\/se\/wp-json\/wp\/v2\/media?parent=101487"}],"wp:term":[{"taxonomy":"category","embeddable":true,"href":"https:\/\/senoticias.com.br\/se\/wp-json\/wp\/v2\/categories?post=101487"},{"taxonomy":"post_tag","embeddable":true,"href":"https:\/\/senoticias.com.br\/se\/wp-json\/wp\/v2\/tags?post=101487"}],"curies":[{"name":"wp","href":"https:\/\/api.w.org\/{rel}","templated":true}]}}