{"id":101486,"date":"2017-03-13T19:36:02","date_gmt":"2017-03-13T22:36:02","guid":{"rendered":"http:\/\/senoticias.com.br\/se\/?p=101486"},"modified":"2017-03-13T19:36:02","modified_gmt":"2017-03-13T22:36:02","slug":"medidas-ligadas-ao-fgts-injetarao-r-48-bi-na-economia-estima-ministerio","status":"publish","type":"post","link":"https:\/\/senoticias.com.br\/se\/medidas-ligadas-ao-fgts-injetarao-r-48-bi-na-economia-estima-ministerio\/","title":{"rendered":"Medidas ligadas ao FGTS injetar\u00e3o R$ 48 bi na economia, estima minist\u00e9rio"},"content":{"rendered":"<p style=\"text-align: justify\">O Minist\u00e9rio do Planejamento, Desenvolvimento e Gest\u00e3o divulgou hoje (13) levantamento em que estima que medidas relacionadas ao uso do Fundo de Garantia do Tempo de Servi\u00e7o (FGTS) injetar\u00e3o R$ 48,2 bilh\u00f5es na economia este ano e ter\u00e3o impacto de aproximadamente 0,7 ponto percentual sobre o Produto Interno Bruto (PIB, a soma dos bens e riquezas produzidos em um pa\u00eds).<\/p>\n<div id=\"attachment_99552\" style=\"width: 609px\" class=\"wp-caption aligncenter\"><a href=\"http:\/\/senoticias.com.br\/se\/wp-content\/uploads\/2017\/01\/SENot\u00edcias-fgts2.jpg\"><img loading=\"lazy\" decoding=\"async\" aria-describedby=\"caption-attachment-99552\" class=\"size-full wp-image-99552\" src=\"http:\/\/senoticias.com.br\/se\/wp-content\/uploads\/2017\/01\/SENot\u00edcias-fgts2.jpg\" alt=\" (Foto: Tha\u00eds Lima\/G1) \" width=\"599\" height=\"375\" srcset=\"https:\/\/senoticias.com.br\/se\/wp-content\/uploads\/2017\/01\/SENot\u00edcias-fgts2.jpg 599w, https:\/\/senoticias.com.br\/se\/wp-content\/uploads\/2017\/01\/SENot\u00edcias-fgts2-300x188.jpg 300w, https:\/\/senoticias.com.br\/se\/wp-content\/uploads\/2017\/01\/SENot\u00edcias-fgts2-120x76.jpg 120w, https:\/\/senoticias.com.br\/se\/wp-content\/uploads\/2017\/01\/SENot\u00edcias-fgts2-274x173.jpg 274w, https:\/\/senoticias.com.br\/se\/wp-content\/uploads\/2017\/01\/SENot\u00edcias-fgts2-308x192.jpg 308w\" sizes=\"(max-width: 599px) 100vw, 599px\" \/><\/a><p id=\"caption-attachment-99552\" class=\"wp-caption-text\">(Foto: Tha\u00eds Lima\/G1)<\/p><\/div>\n<p style=\"text-align: justify\">Segundo o Planejamento, o saque das contas inativas do fundo, o aumento do limite para compra de im\u00f3vel com uso do FGTS e a atualiza\u00e7\u00e3o de par\u00e2metros para o Programa Minha Casa, Minha Vida ter\u00e3o impacto sobre o consumo das fam\u00edlias. A exce\u00e7\u00e3o \u00e9 o uso dos recursos para pagamento de d\u00edvidas imobili\u00e1rias.<\/p>\n<p style=\"text-align: justify\">De acordo com levantamento da Secretaria de Planejamento e Assuntos Econ\u00f4micos do minist\u00e9rio, o FGTS \u201cse mostra sustent\u00e1vel tanto em termos de liquidez no curto prazo quanto em termos de solidez no longo prazo sob o ponto de vista da administra\u00e7\u00e3o de ativos e passivos\u201d.<\/p>\n<p style=\"line-height: 14.25pt\"><strong><span style=\"font-size: 10.0pt;font-family: 'Georgia','serif';color: #333333\">Acompanhe tamb\u00e9m o SE Not\u00edcias no<\/span><\/strong><span class=\"apple-converted-space\"><b><span style=\"font-size: 10.0pt;font-family: 'Georgia','serif';color: #333333\">\u00a0<\/span><\/b><\/span><a href=\"https:\/\/twitter.com\/Senoticias\" target=\"_blank\"><b><span style=\"font-size: 10.0pt;font-family: 'Georgia','serif'\">Twitter<\/span><\/b><\/a><strong><span style=\"font-size: 10.0pt;font-family: 'Georgia','serif';color: #333333\">,<\/span><\/strong><span class=\"apple-converted-space\"><b><span style=\"font-size: 10.0pt;font-family: 'Georgia','serif';color: #333333\">\u00a0<\/span><\/b><\/span><a href=\"https:\/\/www.facebook.com\/senoticias1\" target=\"_blank\"><b><span style=\"font-size: 10.0pt;font-family: 'Georgia','serif'\">Facebook<\/span><\/b><span class=\"apple-converted-space\"><b><span style=\"font-size: 10.0pt;font-family: 'Georgia','serif';color: windowtext;text-decoration: none\">\u00a0<\/span><\/b><\/span><\/a><strong><span style=\"font-size: 10.0pt;font-family: 'Georgia','serif';color: #333333\">e no<\/span><\/strong><span class=\"apple-converted-space\"><b><span style=\"font-size: 10.0pt;font-family: 'Georgia','serif';color: #333333\">\u00a0<\/span><\/b><\/span><a href=\"https:\/\/www.instagram.com\/senoticias\/\" target=\"_blank\"><b><span style=\"font-size: 10.0pt;font-family: 'Georgia','serif'\">Instagram<\/span><\/b><\/a><strong><span style=\"font-size: 10.0pt;font-family: 'Georgia','serif';color: #333333\">.<\/span><\/strong><\/p>\n<p style=\"line-height: 14.25pt\"><a href=\"http:\/\/senoticias.com.br\/se\/wp-content\/uploads\/2017\/03\/Logo-fone-1-2-1-2-4-2.jpg\"><img loading=\"lazy\" decoding=\"async\" class=\"aligncenter size-full wp-image-101461\" src=\"http:\/\/senoticias.com.br\/se\/wp-content\/uploads\/2017\/03\/Logo-fone-1-2-1-2-4-2.jpg\" alt=\"Logo-fone-1-2-1-2-4\" width=\"599\" height=\"78\" srcset=\"https:\/\/senoticias.com.br\/se\/wp-content\/uploads\/2017\/03\/Logo-fone-1-2-1-2-4-2.jpg 599w, https:\/\/senoticias.com.br\/se\/wp-content\/uploads\/2017\/03\/Logo-fone-1-2-1-2-4-2-300x39.jpg 300w\" sizes=\"(max-width: 599px) 100vw, 599px\" \/><\/a><\/p>\n<p style=\"line-height: 14.25pt\">Da Ag\u00eancia Brasil<\/p>\n","protected":false},"excerpt":{"rendered":"<p>O Minist\u00e9rio do Planejamento, Desenvolvimento e Gest\u00e3o divulgou hoje (13) levantamento em que estima que medidas relacionadas ao uso do Fundo de Garantia do Tempo de Servi\u00e7o (FGTS) injetar\u00e3o R$ 48,2 bilh\u00f5es na economia este ano e ter\u00e3o impacto de aproximadamente 0,7 ponto percentual sobre o Produto Interno Bruto (PIB, a soma dos bens e [&hellip;]<\/p>\n","protected":false},"author":5618,"featured_media":99552,"comment_status":"closed","ping_status":"closed","sticky":false,"template":"","format":"standard","meta":{"footnotes":""},"categories":[8],"tags":[2493,2492],"class_list":{"0":"post-101486","1":"post","2":"type-post","3":"status-publish","4":"format-standard","5":"has-post-thumbnail","7":"category-esporte-e-cultura","8":"tag-estima-ministerio","9":"tag-medidas-ligadas-ao-fgts-injetarao-r-48-bi-na-economia"},"_links":{"self":[{"href":"https:\/\/senoticias.com.br\/se\/wp-json\/wp\/v2\/posts\/101486"}],"collection":[{"href":"https:\/\/senoticias.com.br\/se\/wp-json\/wp\/v2\/posts"}],"about":[{"href":"https:\/\/senoticias.com.br\/se\/wp-json\/wp\/v2\/types\/post"}],"author":[{"embeddable":true,"href":"https:\/\/senoticias.com.br\/se\/wp-json\/wp\/v2\/users\/5618"}],"replies":[{"embeddable":true,"href":"https:\/\/senoticias.com.br\/se\/wp-json\/wp\/v2\/comments?post=101486"}],"version-history":[{"count":0,"href":"https:\/\/senoticias.com.br\/se\/wp-json\/wp\/v2\/posts\/101486\/revisions"}],"wp:featuredmedia":[{"embeddable":true,"href":"https:\/\/senoticias.com.br\/se\/wp-json\/wp\/v2\/media\/99552"}],"wp:attachment":[{"href":"https:\/\/senoticias.com.br\/se\/wp-json\/wp\/v2\/media?parent=101486"}],"wp:term":[{"taxonomy":"category","embeddable":true,"href":"https:\/\/senoticias.com.br\/se\/wp-json\/wp\/v2\/categories?post=101486"},{"taxonomy":"post_tag","embeddable":true,"href":"https:\/\/senoticias.com.br\/se\/wp-json\/wp\/v2\/tags?post=101486"}],"curies":[{"name":"wp","href":"https:\/\/api.w.org\/{rel}","templated":true}]}}