{"id":101484,"date":"2017-03-13T19:42:57","date_gmt":"2017-03-13T22:42:57","guid":{"rendered":"http:\/\/senoticias.com.br\/se\/?p=101484"},"modified":"2017-03-13T19:42:57","modified_gmt":"2017-03-13T22:42:57","slug":"populacao-de-rosario-do-catete-celebra-aniversario-da-cidade-na-praca-matriz","status":"publish","type":"post","link":"https:\/\/senoticias.com.br\/se\/populacao-de-rosario-do-catete-celebra-aniversario-da-cidade-na-praca-matriz\/","title":{"rendered":"Popula\u00e7\u00e3o de Ros\u00e1rio do Catete celebra anivers\u00e1rio da cidade na Pra\u00e7a Matriz"},"content":{"rendered":"<p style=\"text-align: justify;\">Os 181 anos de emancipa\u00e7\u00e3o pol\u00edtica de Ros\u00e1rio do Catete foram celebrados neste domingo (12), com muita alegria, orgulho e emo\u00e7\u00e3o. A popula\u00e7\u00e3o rosarense ocupou a Pra\u00e7a Clodoaldo Passos, no Centro da cidade, para acompanhar e comemorar a data hist\u00f3rica.<\/p>\n<div id=\"attachment_101485\" style=\"width: 609px\" class=\"wp-caption aligncenter\"><img loading=\"lazy\" decoding=\"async\" aria-describedby=\"caption-attachment-101485\" class=\"size-full wp-image-101485\" src=\"http:\/\/senoticias.com.br\/se\/wp-content\/uploads\/2017\/03\/Prefeito-Etelvino-Barreto-SE-Noticias-e1489436855499.jpg\" alt=\"Prefeito Etelvino Barreto participou das comemora\u00e7\u00f5es alusivas ao anivers\u00e1rio da cidade. (Foto: ascom\/Rosario)\" width=\"599\" height=\"399\" \/><p id=\"caption-attachment-101485\" class=\"wp-caption-text\">Prefeito Etelvino Barreto participou das comemora\u00e7\u00f5es alusivas a emancipa\u00e7\u00e3o \u00a0da cidade. (Foto: ascom\/Rosario)<\/p><\/div>\n<p style=\"text-align: justify;\">\nAs comemora\u00e7\u00f5es come\u00e7aram \u00e0s 5h com Alvorada Festiva, seguido do hasteamento da Bandeira, \u00e0s 6h. Como parte das comemora\u00e7\u00f5es uma missa foi celebrada, \u00e0s 18h, na Igreja Matriz. Em seguida houve o desfile c\u00edvico da Guarda Municipal, que comemorou 18 anos de atividades, acompanhado pela Banda de M\u00fasica Nossa Senhora do Ros\u00e1rio.<\/p>\n<p style=\"text-align: justify;\">\nEm um pronunciamento emocionante, a primeira-dama do munic\u00edpio, Maria das Gra\u00e7as (Dona Nena), recordou a hist\u00f3ria da cidade e sua trajet\u00f3ria de mudan\u00e7as nesses \u00faltimos anos.<\/p>\n<p style=\"text-align: justify;\">\u201cHoje \u00e9 um dia muito importante para a gest\u00e3o municipal e, principalmente, para a popula\u00e7\u00e3o rosarense. Nossa querida cidade nasceu em 1836 de uma simples Vila e que aos poucos foi crescendo, se desenvolvendo e se transformando hoje em um dos munic\u00edpios mais importantes de Sergipe. Daqui surgiram grandes nomes que orgulham a nossa gente. O prest\u00edgio que a nossa cidade tem em Sergipe e fora do Estado \u00e9 fruto do trabalho de homens e mulheres p\u00fablicas, mas principalmente deste povo hospitaleiro e trabalhador\u201d, discursou dona Nena, como \u00e9 mais conhecida.<\/p>\n<p style=\"text-align: justify;\">Para o prefeito Etelvino Barreto, comemorar 181 anos de emancipa\u00e7\u00e3o pol\u00edtica \u00e9 motivo de orgulho, mas tamb\u00e9m de refor\u00e7ar o compromisso da administra\u00e7\u00e3o com o desenvolvimento do munic\u00edpio e o bem-estar do povo rosarense.<\/p>\n<p style=\"text-align: justify;\">\u201c\u00c9 com muito orgulho que a nossa gest\u00e3o celebra ao lado do povo rosarense essa data hist\u00f3rica. Nos enche de alegria em ver que ao longo dessas 18 d\u00e9cadas o nosso munic\u00edpio se desenvolveu. E o compromisso de nossa gest\u00e3o \u00e9 continuar trabalhando para que o nosso povo tenha a assist\u00eancia necess\u00e1ria, seja na sa\u00fade, educa\u00e7\u00e3o ou na \u00e1rea social. A generosidade e a luta do nosso povo tornaram o munic\u00edpio de Ros\u00e1rio uma refer\u00eancia social, pol\u00edtica e cultural para a hist\u00f3ria de Sergipe\u201d, conclui.<\/p>\n<p style=\"text-align: justify;\">O encerramento se deu por volta das 21h, com a queima de fogos. A Prefeitura ainda serviu um bolo de aproximadamente um metro de comprimento para a comunidade presente e convidados que acompanhavam a festa comemorativa.<\/p>\n<p style=\"text-align: justify;\"><img loading=\"lazy\" decoding=\"async\" class=\"aligncenter size-full wp-image-101461\" src=\"http:\/\/senoticias.com.br\/se\/wp-content\/uploads\/2017\/03\/Logo-fone-1-2-1-2-4-2.jpg\" alt=\"Logo-fone-1-2-1-2-4\" width=\"599\" height=\"78\" srcset=\"https:\/\/senoticias.com.br\/se\/wp-content\/uploads\/2017\/03\/Logo-fone-1-2-1-2-4-2.jpg 599w, https:\/\/senoticias.com.br\/se\/wp-content\/uploads\/2017\/03\/Logo-fone-1-2-1-2-4-2-300x39.jpg 300w\" sizes=\"(max-width: 599px) 100vw, 599px\" \/><\/p>\n<p style=\"text-align: justify;\"><strong>Acompanhe o SE Not\u00edcias no <a href=\"https:\/\/twitter.com\/Senoticias\" target=\"_blank\">Twitter<\/a>, <a href=\"https:\/\/www.instagram.com\/senoticias\/\" target=\"_blank\">Instagram<\/a> e no <a href=\"https:\/\/www.facebook.com\/senoticias1\" target=\"_blank\">Facebook<\/a><\/strong><\/p>\n<p style=\"text-align: justify;\"><em>Ascom\/Ros\u00e1rio do Catete<\/em><\/p>\n","protected":false},"excerpt":{"rendered":"<p>Os 181 anos de emancipa\u00e7\u00e3o pol\u00edtica de Ros\u00e1rio do Catete foram celebrados neste domingo (12), com muita alegria, orgulho e emo\u00e7\u00e3o. A popula\u00e7\u00e3o rosarense ocupou a Pra\u00e7a Clodoaldo Passos, no Centro da cidade, para acompanhar e comemorar a data hist\u00f3rica. As comemora\u00e7\u00f5es come\u00e7aram \u00e0s 5h com Alvorada Festiva, seguido do hasteamento da Bandeira, \u00e0s 6h. [&hellip;]<\/p>\n","protected":false},"author":2,"featured_media":0,"comment_status":"closed","ping_status":"closed","sticky":false,"template":"","format":"standard","meta":{"footnotes":""},"categories":[38],"tags":[],"class_list":{"0":"post-101484","1":"post","2":"type-post","3":"status-publish","4":"format-standard","6":"category-municipios"},"_links":{"self":[{"href":"https:\/\/senoticias.com.br\/se\/wp-json\/wp\/v2\/posts\/101484"}],"collection":[{"href":"https:\/\/senoticias.com.br\/se\/wp-json\/wp\/v2\/posts"}],"about":[{"href":"https:\/\/senoticias.com.br\/se\/wp-json\/wp\/v2\/types\/post"}],"author":[{"embeddable":true,"href":"https:\/\/senoticias.com.br\/se\/wp-json\/wp\/v2\/users\/2"}],"replies":[{"embeddable":true,"href":"https:\/\/senoticias.com.br\/se\/wp-json\/wp\/v2\/comments?post=101484"}],"version-history":[{"count":0,"href":"https:\/\/senoticias.com.br\/se\/wp-json\/wp\/v2\/posts\/101484\/revisions"}],"wp:attachment":[{"href":"https:\/\/senoticias.com.br\/se\/wp-json\/wp\/v2\/media?parent=101484"}],"wp:term":[{"taxonomy":"category","embeddable":true,"href":"https:\/\/senoticias.com.br\/se\/wp-json\/wp\/v2\/categories?post=101484"},{"taxonomy":"post_tag","embeddable":true,"href":"https:\/\/senoticias.com.br\/se\/wp-json\/wp\/v2\/tags?post=101484"}],"curies":[{"name":"wp","href":"https:\/\/api.w.org\/{rel}","templated":true}]}}