{"id":101482,"date":"2017-03-13T17:09:16","date_gmt":"2017-03-13T20:09:16","guid":{"rendered":"http:\/\/senoticias.com.br\/se\/?p=101482"},"modified":"2017-03-13T17:11:50","modified_gmt":"2017-03-13T20:11:50","slug":"justica-suspende-cobranca-extra-por-bagagem-despachada-em-voo","status":"publish","type":"post","link":"https:\/\/senoticias.com.br\/se\/justica-suspende-cobranca-extra-por-bagagem-despachada-em-voo\/","title":{"rendered":"Justi\u00e7a concede liminar que suspende cobran\u00e7a extra por despacho de bagagem"},"content":{"rendered":"<p>Por Karina Trevizan e Marina Gazzoni, G1<\/p>\n<p style=\"text-align: justify;\">A Justi\u00e7a Federal de S\u00e3o Paulo concedeu na tarde desta segunda-feira (13) liminar que suspende a cobran\u00e7a extra pelo despacho de bagagem. A norma havia sido aprovada pela Ag\u00eancia Nacional de Avia\u00e7\u00e3o Civil (Anac), e entraria em vigor no dia 14.<\/p>\n<div id=\"attachment_98728\" style=\"width: 609px\" class=\"wp-caption aligncenter\"><img loading=\"lazy\" decoding=\"async\" aria-describedby=\"caption-attachment-98728\" class=\"size-full wp-image-98728\" src=\"http:\/\/senoticias.com.br\/se\/wp-content\/uploads\/2016\/12\/Passageiros-terao-que-pagar-por-bagagem-SE-Noticias-e1481630560611.jpg\" alt=\"Nova regra havia sido aprovada pela Anac, com entrada em vigor na ter\u00e7a-feira.. (Foto: Aline Christine Massuca\/Divulga\u00e7\u00e3o\/RIOgale\u00e3o)\" width=\"599\" height=\"398\" \/><p id=\"caption-attachment-98728\" class=\"wp-caption-text\">Nova regra havia sido aprovada pela Anac, com entrada em vigor na ter\u00e7a-feira. (Foto: Aline Christine Massuca\/Divulga\u00e7\u00e3o\/RIOgale\u00e3o)<\/p><\/div>\n<p style=\"text-align: justify;\">Pela decis\u00e3o da Justi\u00e7a, ficam mantidas as regras atuais para o despacho de bagagens.<\/p>\n<p style=\"text-align: justify;\">O pedido de anula\u00e7\u00e3o havia sido feito pelo Minist\u00e9rio P\u00fablico de S\u00e3o Paulo na quinta-feira (9). Segundo o MPF, a nova regra contraria o C\u00f3digo Civil e o C\u00f3digo de Defesa do Consumidor, al\u00e9m de ferir a Constitui\u00e7\u00e3o por promover a perda de direitos j\u00e1 adquiridos pelos consumidores.<\/p>\n<p style=\"text-align: justify;\">Na decis\u00e3o desta segunda, o juiz Jos\u00e9 Henrique Prescendo afirma que &#8220;as alega\u00e7\u00f5es do MPF s\u00e3o relevantes&#8221;. O magistrado afirma que as novas regras &#8220;deixam o consumidor inteiramente ao arb\u00edtrio e ao eventual abuso econ\u00f4mico&#8221; por parte das companhias a\u00e9reas. &#8220;Mesmo o dispositivo que amplia de 5 quilos para 10 quilos a franquia de bagagem de m\u00e3o n\u00e3o representa uma garantia ao consumidor, uma vez que esta franquia pode ser restringida pelo transportador, fundamentado na seguran\u00e7a do voo ou da capacidade da aeronave.&#8221;<\/p>\n<p style=\"text-align: justify;\">Pela regra aprovada pela Anac e suspensa nesta segunda, o passageiro passaria a pagar \u00e0 parte por bagagens despachadas em voos nacionais e internacionais. Hoje, esse servi\u00e7o n\u00e3o tem taxa extra. O limite de peso de bagagem de m\u00e3o passaria de 5 para 10 quilos. Na pr\u00e1tica, a medida permitiria que as empresas criem suas pr\u00f3prias regras sobre o despacho de bagagens.<\/p>\n<p style=\"text-align: justify;\">A Anac informou ao G1 que ainda n\u00e3o foi notificada sobre a decis\u00e3o.<br \/>\nA decis\u00e3o, no entanto, suspende apenas as normas relativas \u00e0s bagagens. Outras medidas, como regras a respeito de informa\u00e7\u00f5es e cancelamento de voos, n\u00e3o foram atingidas. Veja quais s\u00e3o as mudan\u00e7as aqui.<\/p>\n<p style=\"text-align: justify;\"><strong>Companhias j\u00e1 haviam decidido pre\u00e7os<\/strong><\/p>\n<p style=\"text-align: justify;\">As companhias a\u00e9reas j\u00e1 haviam divulgado os pre\u00e7os que cobrariam pelo despacho de bagagens. A primeira delas foi a Gol, que informou que valor cobrado por mala seria maior de acordo com a quantidade de itens que cada passageiro despachar. &#8220;A primeira ser\u00e1 mais barata que a segunda, que ser\u00e1 mais barata do que a terceira. E assim por diante&#8221;, afirmou a Gol, em comunicado.<\/p>\n<p style=\"text-align: justify;\"><img loading=\"lazy\" decoding=\"async\" class=\"aligncenter size-full wp-image-101461\" src=\"http:\/\/senoticias.com.br\/se\/wp-content\/uploads\/2017\/03\/Logo-fone-1-2-1-2-4-2.jpg\" alt=\"Logo-fone-1-2-1-2-4\" width=\"599\" height=\"78\" srcset=\"https:\/\/senoticias.com.br\/se\/wp-content\/uploads\/2017\/03\/Logo-fone-1-2-1-2-4-2.jpg 599w, https:\/\/senoticias.com.br\/se\/wp-content\/uploads\/2017\/03\/Logo-fone-1-2-1-2-4-2-300x39.jpg 300w\" sizes=\"(max-width: 599px) 100vw, 599px\" \/><\/p>\n<p style=\"text-align: justify;\"><strong>Acompanhe o SE Not\u00edcias no <a href=\"https:\/\/twitter.com\/Senoticias\" target=\"_blank\">Twitter<\/a>, <a href=\"https:\/\/www.instagram.com\/senoticias\/\" target=\"_blank\">Instagram<\/a> e no <a href=\"https:\/\/www.facebook.com\/senoticias1\" target=\"_blank\">Facebook<\/a><\/strong><\/p>\n","protected":false},"excerpt":{"rendered":"<p>Por Karina Trevizan e Marina Gazzoni, G1 A Justi\u00e7a Federal de S\u00e3o Paulo concedeu na tarde desta segunda-feira (13) liminar que suspende a cobran\u00e7a extra pelo despacho de bagagem. A norma havia sido aprovada pela Ag\u00eancia Nacional de Avia\u00e7\u00e3o Civil (Anac), e entraria em vigor no dia 14. Pela decis\u00e3o da Justi\u00e7a, ficam mantidas as [&hellip;]<\/p>\n","protected":false},"author":2,"featured_media":98728,"comment_status":"closed","ping_status":"closed","sticky":false,"template":"","format":"standard","meta":{"footnotes":""},"categories":[6],"tags":[],"class_list":{"0":"post-101482","1":"post","2":"type-post","3":"status-publish","4":"format-standard","5":"has-post-thumbnail","7":"category-politica"},"_links":{"self":[{"href":"https:\/\/senoticias.com.br\/se\/wp-json\/wp\/v2\/posts\/101482"}],"collection":[{"href":"https:\/\/senoticias.com.br\/se\/wp-json\/wp\/v2\/posts"}],"about":[{"href":"https:\/\/senoticias.com.br\/se\/wp-json\/wp\/v2\/types\/post"}],"author":[{"embeddable":true,"href":"https:\/\/senoticias.com.br\/se\/wp-json\/wp\/v2\/users\/2"}],"replies":[{"embeddable":true,"href":"https:\/\/senoticias.com.br\/se\/wp-json\/wp\/v2\/comments?post=101482"}],"version-history":[{"count":0,"href":"https:\/\/senoticias.com.br\/se\/wp-json\/wp\/v2\/posts\/101482\/revisions"}],"wp:featuredmedia":[{"embeddable":true,"href":"https:\/\/senoticias.com.br\/se\/wp-json\/wp\/v2\/media\/98728"}],"wp:attachment":[{"href":"https:\/\/senoticias.com.br\/se\/wp-json\/wp\/v2\/media?parent=101482"}],"wp:term":[{"taxonomy":"category","embeddable":true,"href":"https:\/\/senoticias.com.br\/se\/wp-json\/wp\/v2\/categories?post=101482"},{"taxonomy":"post_tag","embeddable":true,"href":"https:\/\/senoticias.com.br\/se\/wp-json\/wp\/v2\/tags?post=101482"}],"curies":[{"name":"wp","href":"https:\/\/api.w.org\/{rel}","templated":true}]}}