{"id":101479,"date":"2017-03-13T16:33:14","date_gmt":"2017-03-13T19:33:14","guid":{"rendered":"http:\/\/senoticias.com.br\/se\/?p=101479"},"modified":"2017-03-13T16:33:14","modified_gmt":"2017-03-13T19:33:14","slug":"oi-lanca-aplicativo-tecnico-virtual","status":"publish","type":"post","link":"https:\/\/senoticias.com.br\/se\/oi-lanca-aplicativo-tecnico-virtual\/","title":{"rendered":"Oi lan\u00e7a Aplicativo T\u00e9cnico Virtual"},"content":{"rendered":"<p style=\"text-align: justify;\">Como parte da estrat\u00e9gia de transforma\u00e7\u00e3o digital de seu neg\u00f3cio e com o objetivo de facilitar a experi\u00eancia dos consumidores, a Oi acaba de lan\u00e7ar o T\u00e9cnico Virtual, aplicativo que permite ao cliente identificar e resolver alguns tipos de problemas do telefone fixo e da banda larga sem precisar falar com um atendente. O servi\u00e7o est\u00e1 dispon\u00edvel para clientes da Bahia, Sergipe e Alagoas. Ainda no primeiro semestre, clientes de todo o Brasil poder\u00e3o utilizar o T\u00e9cnico Virtual.<\/p>\n<div id=\"attachment_101480\" style=\"width: 609px\" class=\"wp-caption aligncenter\"><img loading=\"lazy\" decoding=\"async\" aria-describedby=\"caption-attachment-101480\" class=\"size-full wp-image-101480\" src=\"http:\/\/senoticias.com.br\/se\/wp-content\/uploads\/2017\/03\/Oi-t\u00e9cnico-virtual-e1489433408974.jpg\" alt=\"Aplicativo, dispon\u00edvel inicialmente na Bahia, Sergipe e Alagoas, permite a digitaliza\u00e7\u00e3o do suporte t\u00e9cnico. (Foto: Angelo Pontes)\" width=\"599\" height=\"400\" \/><p id=\"caption-attachment-101480\" class=\"wp-caption-text\">Aplicativo, dispon\u00edvel inicialmente na Bahia, Sergipe e Alagoas, permite a digitaliza\u00e7\u00e3o do suporte t\u00e9cnico. (Foto: Angelo Pontes)<\/p><\/div>\n<p style=\"text-align: justify;\">O T\u00e9cnico Virtual d\u00e1 autonomia e comodidade para o cliente solucionar alguns tipos dos problemas t\u00e9cnicos que podem ocorrer com sua linha fixa e sua internet, sem precisar ligar para o atendimento. Atrav\u00e9s de um fluxo autom\u00e1tico de consultas sist\u00eamicas e a\u00e7\u00f5es sobre a rede, ele realiza o autoatendimento pelo aplicativo.<\/p>\n<p style=\"text-align: justify;\">\n<p style=\"text-align: justify;\">O app ter\u00e1 vers\u00f5es constantes com novas funcionalidades &#8211; que aumentam o potencial de resolu\u00e7\u00e3o &#8211; e melhorias na experi\u00eancia com base no uso e no feedback dos clientes. A proje\u00e7\u00e3o \u00e9 que no 2\u00ba semestre, 40% dos problemas das chamadas no Suporte T\u00e9cnico sejam plenamente solucionados pelo T\u00e9cnico Virtual.<\/p>\n<p>&nbsp;<\/p>\n<p>O servi\u00e7o ser\u00e1 oferecido inicialmente para clientes que possuam os produtos fixo e banda larga e a expectativa da companhia \u00e9 transferir em 2017 parte das chamadas de reparo para servi\u00e7os de banda larga e fixo ao T\u00e9cnico Virtual. Em breve, clientes Oi TV tamb\u00e9m poder\u00e3o utilizar o aplicativo.<\/p>\n<p style=\"text-align: justify;\">\n<p style=\"text-align: justify;\">A estrat\u00e9gia da Oi para o digital tem como foco a melhoria da experi\u00eancia do cliente e a qualidade dos servi\u00e7os, al\u00e9m do aprimoramento da efici\u00eancia operacional, promovendo uma transforma\u00e7\u00e3o do nosso neg\u00f3cio em v\u00e1rias frentes. <em>\u201cCom essa nova entrega que estamos apresentando ao mercado, a Oi intensifica seu processo de transforma\u00e7\u00e3o digital, em curso desde o in\u00edcio de 2016\u201d<\/em>, afirma Ariel Dascal, diretor de Transforma\u00e7\u00e3o Digital da Oi.<\/p>\n<p>&nbsp;<\/p>\n<p><img loading=\"lazy\" decoding=\"async\" class=\"aligncenter size-full wp-image-101461\" src=\"http:\/\/senoticias.com.br\/se\/wp-content\/uploads\/2017\/03\/Logo-fone-1-2-1-2-4-2.jpg\" alt=\"Logo-fone-1-2-1-2-4\" width=\"599\" height=\"78\" srcset=\"https:\/\/senoticias.com.br\/se\/wp-content\/uploads\/2017\/03\/Logo-fone-1-2-1-2-4-2.jpg 599w, https:\/\/senoticias.com.br\/se\/wp-content\/uploads\/2017\/03\/Logo-fone-1-2-1-2-4-2-300x39.jpg 300w\" sizes=\"(max-width: 599px) 100vw, 599px\" \/><\/p>\n<p><strong>Acompanhe o SE Not\u00edcias no <a href=\"https:\/\/twitter.com\/Senoticias\" target=\"_blank\">Twitter<\/a>, <a href=\"https:\/\/www.instagram.com\/senoticias\/\" target=\"_blank\">Instagram<\/a> e no <a href=\"https:\/\/www.facebook.com\/senoticias1\" target=\"_blank\">Facebook<\/a><\/strong><\/p>\n<p><strong>Marcio Batista<\/strong><br \/>\nComunica\u00e7\u00e3o Corporativa<\/p>\n","protected":false},"excerpt":{"rendered":"<p>Como parte da estrat\u00e9gia de transforma\u00e7\u00e3o digital de seu neg\u00f3cio e com o objetivo de facilitar a experi\u00eancia dos consumidores, a Oi acaba de lan\u00e7ar o T\u00e9cnico Virtual, aplicativo que permite ao cliente identificar e resolver alguns tipos de problemas do telefone fixo e da banda larga sem precisar falar com um atendente. O servi\u00e7o [&hellip;]<\/p>\n","protected":false},"author":2,"featured_media":101480,"comment_status":"closed","ping_status":"closed","sticky":false,"template":"","format":"standard","meta":{"footnotes":""},"categories":[45],"tags":[2489,2490,2491],"class_list":{"0":"post-101479","1":"post","2":"type-post","3":"status-publish","4":"format-standard","5":"has-post-thumbnail","7":"category-tecnologia","8":"tag-aplicativo-tecnico-virtual","9":"tag-oi-lanca-aplicativo","10":"tag-oi-lanca-aplicativo-bahia-e-sergipe"},"_links":{"self":[{"href":"https:\/\/senoticias.com.br\/se\/wp-json\/wp\/v2\/posts\/101479"}],"collection":[{"href":"https:\/\/senoticias.com.br\/se\/wp-json\/wp\/v2\/posts"}],"about":[{"href":"https:\/\/senoticias.com.br\/se\/wp-json\/wp\/v2\/types\/post"}],"author":[{"embeddable":true,"href":"https:\/\/senoticias.com.br\/se\/wp-json\/wp\/v2\/users\/2"}],"replies":[{"embeddable":true,"href":"https:\/\/senoticias.com.br\/se\/wp-json\/wp\/v2\/comments?post=101479"}],"version-history":[{"count":0,"href":"https:\/\/senoticias.com.br\/se\/wp-json\/wp\/v2\/posts\/101479\/revisions"}],"wp:featuredmedia":[{"embeddable":true,"href":"https:\/\/senoticias.com.br\/se\/wp-json\/wp\/v2\/media\/101480"}],"wp:attachment":[{"href":"https:\/\/senoticias.com.br\/se\/wp-json\/wp\/v2\/media?parent=101479"}],"wp:term":[{"taxonomy":"category","embeddable":true,"href":"https:\/\/senoticias.com.br\/se\/wp-json\/wp\/v2\/categories?post=101479"},{"taxonomy":"post_tag","embeddable":true,"href":"https:\/\/senoticias.com.br\/se\/wp-json\/wp\/v2\/tags?post=101479"}],"curies":[{"name":"wp","href":"https:\/\/api.w.org\/{rel}","templated":true}]}}