{"id":101476,"date":"2017-03-13T16:01:59","date_gmt":"2017-03-13T19:01:59","guid":{"rendered":"http:\/\/senoticias.com.br\/se\/?p=101476"},"modified":"2017-03-13T16:29:17","modified_gmt":"2017-03-13T19:29:17","slug":"policia-civil-desarticula-associacao-criminosa-especializada-em-furtos-de-agencias-bancarias-no-brasil","status":"publish","type":"post","link":"https:\/\/senoticias.com.br\/se\/policia-civil-desarticula-associacao-criminosa-especializada-em-furtos-de-agencias-bancarias-no-brasil\/","title":{"rendered":"Pol\u00edcia Civil desarticula associa\u00e7\u00e3o criminosa especializada em furtos de ag\u00eancias banc\u00e1rias no Brasil"},"content":{"rendered":"<p style=\"text-align: justify;\">A Secretaria de Seguran\u00e7a P\u00fablica de Sergipe (SSP\/SE), por meio do Complexo de Opera\u00e7\u00f5es Policiais Especiais da Pol\u00edcia Civil (Cope), apresentou na manh\u00e3 desta segunda-feira, 13, na sede do Cope, detalhes da investiga\u00e7\u00e3o que resultou na pris\u00e3o de uma associa\u00e7\u00e3o criminosa especializada em furtos de ag\u00eancias banc\u00e1rias no Brasil.<\/p>\n<p>&nbsp;<\/p>\n<p>Em Sergipe, o grupo \u00e9 acusado de furtar uma ag\u00eancia do banco Santander, localizada na avenida Francisco Porto, no dia 29 de janeiro deste ano. Na ocasi\u00e3o, os criminosos subtra\u00edram aproximadamente R$ 300.000,00 de quatro cashes sem a utiliza\u00e7\u00e3o de explosivos e desativando o sistema de seguran\u00e7a e monitoramento do banco.<\/p>\n<p>&nbsp;<\/p>\n<p style=\"text-align: justify;\">Ao total, cinco pessoas, todas da cidade de Joinville\/SC, foram presas nesta opera\u00e7\u00e3o denominada \u201cCa\u00e7a-fantasma\u201d. S\u00e3o elas: Ant\u00f4nio Ricardo Linhares Pinto, vulgo \u201cPapa\u201d, 41 anos; Fabiano Bastos, vulgo \u201cGordo\u201d, 45 anos; Jean Carlos Borges, conhecido como \u201cSeco\u201d, 38 anos; e Rodrigo Della Giustina, 33 anos.<\/p>\n<p>&nbsp;<\/p>\n<p style=\"text-align: justify;\">Entre os presos est\u00e1 Paulo Roberto Ponath, mais conhecido como \u201cRei dos Caixeiros\u201d, 44 anos. L\u00edder e articulador do grupo, ele \u00e9 conhecido nacionalmente por sua especialidade em arrombamentos a caixas eletr\u00f4nicos, agindo desde os anos 90. Somente nos \u00faltimos anos, Ponath j\u00e1 havia sido preso no Maranh\u00e3o, Piau\u00ed, Para\u00edba, Rio de Janeiro, Minas Gerais e no Paran\u00e1. Em Recife, no ano de 2009, ele foi preso por furtar R$ 2 milh\u00f5es de aproximadamente quatro ag\u00eancias do Banco do Brasil utilizando a mesma t\u00e9cnica.<\/p>\n<div id=\"attachment_101477\" style=\"width: 609px\" class=\"wp-caption aligncenter\"><img loading=\"lazy\" decoding=\"async\" aria-describedby=\"caption-attachment-101477\" class=\"size-full wp-image-101477\" src=\"http:\/\/senoticias.com.br\/se\/wp-content\/uploads\/2017\/03\/Suspeitos-de-assalto-a-banco-senoticias-e1489431658187.jpg\" alt=\"Em Sergipe, grupo \u00e9 acusado de furtar ag\u00eancia do banco Santander, localizada em Aracaju, no dia 29 de janeiro deste ano \" width=\"599\" height=\"399\" \/><p id=\"caption-attachment-101477\" class=\"wp-caption-text\">Em Sergipe, grupo \u00e9 acusado de furtar ag\u00eancia do banco Santander, localizada em Aracaju, no dia 29 de janeiro deste ano. (Foto: SSP\/SE)<\/p><\/div>\n<p style=\"text-align: justify;\">Na opera\u00e7\u00e3o foram apreendidas v\u00e1rias ferramentas utilizadas para a pr\u00e1tica do crime, entre elas, furadeiras eletromagn\u00e9ticas, r\u00e1dios amadores, serras, furadeiras de alto impacto, parafusadeira, maleta contendo v\u00e1rias ferramentas, brocas, uniformes utilizados pelo grupo como disfarce. Tr\u00eas ve\u00edculos tamb\u00e9m foram apreendidos, sendo dois deles Renault\/Sandero e um Fiat\/Fiorino com plotagem de uma empresa de TV por assinatura utilizado para armazenar o material empregado na pr\u00e1tica criminosa.<\/p>\n<p style=\"text-align: justify;\"><strong>Opera\u00e7\u00e3o Ca\u00e7a-Fantasma<\/strong><\/p>\n<p style=\"text-align: justify;\">De acordo o delegado Dernival Eloi, respons\u00e1vel por comandar as investiga\u00e7\u00f5es, os trabalhos tiveram in\u00edcio logo ap\u00f3s os primeiros levantamentos do furto \u00e0 ag\u00eancia do banco Santander, na Avenida Francisco, onde eles perfuraram quatro cashes e o cofre da ag\u00eancia utilizando m\u00e1quinas industriais. \u201cA partir da investiga\u00e7\u00e3o, que contou com a an\u00e1lise de c\u00e2meras de seguran\u00e7a e com o apoio das equipes da Divis\u00e3o de Intelig\u00eancia da Pol\u00edcia Civil, nossas equipes conseguiram identificar os cinco suspeitos e dar in\u00edcio ao trabalho de localiza\u00e7\u00e3o do grupo\u201d, disse o delegado.<\/p>\n<p>&nbsp;<\/p>\n<p style=\"text-align: justify;\">O quinteto foi preso em um apartamento no bairro de Boa Viagem, em Recife\/PE. No local, foram apreendidos os dois ve\u00edculos Renault\/Sandero, sendo um pertencente a uma locadora de ve\u00edculos em Natal\/RN e o outro com placa de Santa Catarina. O outro ve\u00edculo Fiat\/Fiorino, utilizado para armazenar os materiais utilizados no crime, foi apreendido no estacionamento de um supermercado, tamb\u00e9m em Recife.<\/p>\n<p style=\"text-align: justify;\">De acordo com Dernival Eloi, o quinteto atuava h\u00e1 tr\u00eas anos e j\u00e1 se preparava para agir em Recife e, logo depois, em outros estados do Nordeste. No momento da pris\u00e3o, eles confessaram a pr\u00e1tica criminosa em Sergipe. \u201cInclusive, todos os integrantes t\u00eam passagem pela pol\u00edcia em v\u00e1rios estados do pa\u00eds, em sua maioria pelo crime de furto a ag\u00eancias banc\u00e1rias\u201d, ressaltou o delegado.<\/p>\n<p style=\"text-align: justify;\">Ainda segundo ele, as investiga\u00e7\u00f5es continuam para identificar outras pessoas envolvidas com a associa\u00e7\u00e3o criminosa. \u201cN\u00f3s prendemos os cinco indiv\u00edduos que efetivamente praticam o furto, mas n\u00f3s sabemos que essa quadrilha possui uma estrutura, principalmente, para oculta\u00e7\u00e3o de bens e lavagem de dinheiro, ent\u00e3o n\u00f3s continuaremos investigando e pretendemos prender mais pessoas\u201d, ressalta.<\/p>\n<p>&nbsp;<\/p>\n<p style=\"text-align: justify;\">A pol\u00edcia investiga tamb\u00e9m a participa\u00e7\u00e3o da associa\u00e7\u00e3o criminosa em um furto a uma ag\u00eancia banc\u00e1ria do banco Santander, em Recife\/PE, no dia 21 de janeiro deste ano, poucos dias antes do furto \u00e0 ag\u00eancia em Aracaju\/SE. Na ocasi\u00e3o, os criminosos levaram aproximadamente R$ 500.000,00.<\/p>\n<p style=\"text-align: justify;\">Para o secret\u00e1rio de Seguran\u00e7a, Jo\u00e3o Batista Santos Junior, o resultado dessa opera\u00e7\u00e3o demonstra a compet\u00eancia da pol\u00edcia sergipana. \u201c\u00c9 uma compet\u00eancia j\u00e1 comprovada. Nosso Departamento de Intelig\u00eancia da Pol\u00edcia Civil \u00e9 refer\u00eancia no Brasil, um dos melhores do Nordeste, e s\u00f3 com um trabalho desse de investiga\u00e7\u00e3o e de paci\u00eancia conseguimos desarticular essa quadrilha que v\u00e1rios estados procuravam e n\u00e3o conseguiam prender. \u00c9 um trabalho de muita qualidade e efici\u00eancia\u201d, elogiou o secret\u00e1rio.<\/p>\n<p style=\"text-align: justify;\">O quinteto est\u00e1 custodiado no Cope, \u00e0 disposi\u00e7\u00e3o do Poder Judici\u00e1rio.<\/p>\n<p style=\"text-align: justify;\"><img loading=\"lazy\" decoding=\"async\" class=\"aligncenter size-full wp-image-101461\" src=\"http:\/\/senoticias.com.br\/se\/wp-content\/uploads\/2017\/03\/Logo-fone-1-2-1-2-4-2.jpg\" alt=\"Logo-fone-1-2-1-2-4\" width=\"599\" height=\"78\" srcset=\"https:\/\/senoticias.com.br\/se\/wp-content\/uploads\/2017\/03\/Logo-fone-1-2-1-2-4-2.jpg 599w, https:\/\/senoticias.com.br\/se\/wp-content\/uploads\/2017\/03\/Logo-fone-1-2-1-2-4-2-300x39.jpg 300w\" sizes=\"(max-width: 599px) 100vw, 599px\" \/><\/p>\n<p><strong>Acompanhe o SE Not\u00edcias no <a href=\"https:\/\/twitter.com\/Senoticias\" target=\"_blank\">Twitter<\/a>, <a href=\"https:\/\/www.instagram.com\/senoticias\/\" target=\"_blank\">Instagram<\/a> e no <a href=\"https:\/\/www.facebook.com\/senoticias1\" target=\"_blank\">Facebook<\/a><\/strong><\/p>\n<p><em>Informa\u00e7\u00f5es da SSP\/SE<\/em><\/p>\n","protected":false},"excerpt":{"rendered":"<p>A Secretaria de Seguran\u00e7a P\u00fablica de Sergipe (SSP\/SE), por meio do Complexo de Opera\u00e7\u00f5es Policiais Especiais da Pol\u00edcia Civil (Cope), apresentou na manh\u00e3 desta segunda-feira, 13, na sede do Cope, detalhes da investiga\u00e7\u00e3o que resultou na pris\u00e3o de uma associa\u00e7\u00e3o criminosa especializada em furtos de ag\u00eancias banc\u00e1rias no Brasil. &nbsp; Em Sergipe, o grupo \u00e9 [&hellip;]<\/p>\n","protected":false},"author":2,"featured_media":101477,"comment_status":"closed","ping_status":"closed","sticky":false,"template":"","format":"standard","meta":{"footnotes":""},"categories":[15,7],"tags":[],"class_list":{"0":"post-101476","1":"post","2":"type-post","3":"status-publish","4":"format-standard","5":"has-post-thumbnail","7":"category-destaques","8":"category-policia"},"_links":{"self":[{"href":"https:\/\/senoticias.com.br\/se\/wp-json\/wp\/v2\/posts\/101476"}],"collection":[{"href":"https:\/\/senoticias.com.br\/se\/wp-json\/wp\/v2\/posts"}],"about":[{"href":"https:\/\/senoticias.com.br\/se\/wp-json\/wp\/v2\/types\/post"}],"author":[{"embeddable":true,"href":"https:\/\/senoticias.com.br\/se\/wp-json\/wp\/v2\/users\/2"}],"replies":[{"embeddable":true,"href":"https:\/\/senoticias.com.br\/se\/wp-json\/wp\/v2\/comments?post=101476"}],"version-history":[{"count":0,"href":"https:\/\/senoticias.com.br\/se\/wp-json\/wp\/v2\/posts\/101476\/revisions"}],"wp:featuredmedia":[{"embeddable":true,"href":"https:\/\/senoticias.com.br\/se\/wp-json\/wp\/v2\/media\/101477"}],"wp:attachment":[{"href":"https:\/\/senoticias.com.br\/se\/wp-json\/wp\/v2\/media?parent=101476"}],"wp:term":[{"taxonomy":"category","embeddable":true,"href":"https:\/\/senoticias.com.br\/se\/wp-json\/wp\/v2\/categories?post=101476"},{"taxonomy":"post_tag","embeddable":true,"href":"https:\/\/senoticias.com.br\/se\/wp-json\/wp\/v2\/tags?post=101476"}],"curies":[{"name":"wp","href":"https:\/\/api.w.org\/{rel}","templated":true}]}}