{"id":101474,"date":"2017-03-13T15:42:29","date_gmt":"2017-03-13T18:42:29","guid":{"rendered":"http:\/\/senoticias.com.br\/se\/?p=101474"},"modified":"2017-03-13T15:42:29","modified_gmt":"2017-03-13T18:42:29","slug":"camara-de-vereadores-de-sao-cristovao-realizara-sessao-solene-em-homenagem-ao-dia-da-mulher","status":"publish","type":"post","link":"https:\/\/senoticias.com.br\/se\/camara-de-vereadores-de-sao-cristovao-realizara-sessao-solene-em-homenagem-ao-dia-da-mulher\/","title":{"rendered":"C\u00e2mara de Vereadores de S\u00e3o Crist\u00f3v\u00e3o realizar\u00e1 sess\u00e3o solene em homenagem ao Dia da Mulher"},"content":{"rendered":"<p style=\"text-align: justify;\">A C\u00e2mara de Vereadores de S\u00e3o Crist\u00f3v\u00e3o realizar\u00e1 nesta ter\u00e7a-feira (14), uma Sess\u00e3o Solene para homenagear as mulheres do munic\u00edpio pela passagem do Dia Internacional da Mulher, comemorado mundialmente no dia 8 de mar\u00e7o.<\/p>\n<p style=\"text-align: justify;\">A sess\u00e3o ser\u00e1 realizada a partir as 9h, no Plen\u00e1rio da C\u00e2mara Municipal, situado na Rua Ivo do Prado, 40, na sede do munic\u00edpio. A sess\u00e3o \u00e9 aberta ao p\u00fablico, especialmente \u00e0s mulheres.<img loading=\"lazy\" decoding=\"async\" class=\"aligncenter size-full wp-image-101475\" src=\"http:\/\/senoticias.com.br\/se\/wp-content\/uploads\/2017\/03\/8-de-mar\u00e7o-camara-de-vereadores-e1489430496357.jpeg\" alt=\"8 de mar\u00e7o camara de vereadores\" width=\"599\" height=\"599\" \/><\/p>\n<p style=\"text-align: justify;\"><img loading=\"lazy\" decoding=\"async\" class=\"aligncenter size-full wp-image-101461\" src=\"http:\/\/senoticias.com.br\/se\/wp-content\/uploads\/2017\/03\/Logo-fone-1-2-1-2-4-2.jpg\" alt=\"Logo-fone-1-2-1-2-4\" width=\"599\" height=\"78\" srcset=\"https:\/\/senoticias.com.br\/se\/wp-content\/uploads\/2017\/03\/Logo-fone-1-2-1-2-4-2.jpg 599w, https:\/\/senoticias.com.br\/se\/wp-content\/uploads\/2017\/03\/Logo-fone-1-2-1-2-4-2-300x39.jpg 300w\" sizes=\"(max-width: 599px) 100vw, 599px\" \/><\/p>\n<p style=\"text-align: justify;\"><strong>Acompanhe tamb\u00e9m o SE Not\u00edcias no <a href=\"https:\/\/twitter.com\/Senoticias\">Twitter<\/a>, <a href=\"https:\/\/www.facebook.com\/PortalSENoticias\/\">Facebook <\/a>e no <a href=\"https:\/\/www.instagram.com\/senoticias\/\">Instagram<\/a><\/strong><\/p>\n<p style=\"text-align: justify;\"><em>por Ascom\/CMSC<\/em><\/p>\n<p style=\"text-align: justify;\">\n","protected":false},"excerpt":{"rendered":"<p>A C\u00e2mara de Vereadores de S\u00e3o Crist\u00f3v\u00e3o realizar\u00e1 nesta ter\u00e7a-feira (14), uma Sess\u00e3o Solene para homenagear as mulheres do munic\u00edpio pela passagem do Dia Internacional da Mulher, comemorado mundialmente no dia 8 de mar\u00e7o. A sess\u00e3o ser\u00e1 realizada a partir as 9h, no Plen\u00e1rio da C\u00e2mara Municipal, situado na Rua Ivo do Prado, 40, na [&hellip;]<\/p>\n","protected":false},"author":2,"featured_media":101475,"comment_status":"closed","ping_status":"closed","sticky":false,"template":"","format":"standard","meta":{"footnotes":""},"categories":[38],"tags":[],"class_list":{"0":"post-101474","1":"post","2":"type-post","3":"status-publish","4":"format-standard","5":"has-post-thumbnail","7":"category-municipios"},"_links":{"self":[{"href":"https:\/\/senoticias.com.br\/se\/wp-json\/wp\/v2\/posts\/101474"}],"collection":[{"href":"https:\/\/senoticias.com.br\/se\/wp-json\/wp\/v2\/posts"}],"about":[{"href":"https:\/\/senoticias.com.br\/se\/wp-json\/wp\/v2\/types\/post"}],"author":[{"embeddable":true,"href":"https:\/\/senoticias.com.br\/se\/wp-json\/wp\/v2\/users\/2"}],"replies":[{"embeddable":true,"href":"https:\/\/senoticias.com.br\/se\/wp-json\/wp\/v2\/comments?post=101474"}],"version-history":[{"count":0,"href":"https:\/\/senoticias.com.br\/se\/wp-json\/wp\/v2\/posts\/101474\/revisions"}],"wp:featuredmedia":[{"embeddable":true,"href":"https:\/\/senoticias.com.br\/se\/wp-json\/wp\/v2\/media\/101475"}],"wp:attachment":[{"href":"https:\/\/senoticias.com.br\/se\/wp-json\/wp\/v2\/media?parent=101474"}],"wp:term":[{"taxonomy":"category","embeddable":true,"href":"https:\/\/senoticias.com.br\/se\/wp-json\/wp\/v2\/categories?post=101474"},{"taxonomy":"post_tag","embeddable":true,"href":"https:\/\/senoticias.com.br\/se\/wp-json\/wp\/v2\/tags?post=101474"}],"curies":[{"name":"wp","href":"https:\/\/api.w.org\/{rel}","templated":true}]}}