{"id":101471,"date":"2017-03-13T15:26:36","date_gmt":"2017-03-13T18:26:36","guid":{"rendered":"http:\/\/senoticias.com.br\/se\/?p=101471"},"modified":"2017-03-14T11:45:43","modified_gmt":"2017-03-14T14:45:43","slug":"palma-e-tema-do-circuito-agropecuario-pecuaria-de-leite","status":"publish","type":"post","link":"https:\/\/senoticias.com.br\/se\/palma-e-tema-do-circuito-agropecuario-pecuaria-de-leite\/","title":{"rendered":"Palma \u00e9 tema do Circuito Agropecu\u00e1rio Pecu\u00e1ria de Leite"},"content":{"rendered":"<p style=\"text-align: justify;\">A reserva de alimento &#8211; palma &#8211; ser\u00e1 tema do Circuito Agropecu\u00e1rio Pecu\u00e1ria de Leite, que acontece no dia 17 de mar\u00e7o, \u00e0s 9h, no espa\u00e7o de eventos Boteco do Sert\u00e3o, rodovia Engenheiro Jorge Neto, Nossa Senhora da Gl\u00f3ria, distante 118 quil\u00f4metros da capital sergipana.<\/p>\n<div id=\"attachment_101472\" style=\"width: 609px\" class=\"wp-caption aligncenter\"><img loading=\"lazy\" decoding=\"async\" aria-describedby=\"caption-attachment-101472\" class=\"size-full wp-image-101472\" src=\"http:\/\/senoticias.com.br\/se\/wp-content\/uploads\/2017\/03\/Evento-SENAR-SENOTICIAS-e1489429824830.jpg\" alt=\"O evento acontece no dia 17 de mar\u00e7o e deve reunir dezenas de agricultores\" width=\"599\" height=\"449\" \/><p id=\"caption-attachment-101472\" class=\"wp-caption-text\">O evento acontece no dia 17 de mar\u00e7o e deve reunir dezenas de agricultores. (Foto: ascom\/Senar)<\/p><\/div>\n<p style=\"text-align: justify;\">Segundo o presidente da Federa\u00e7\u00e3o da Agricultura e Pecu\u00e1ria de Sergipe &#8211; Faese, Ivan Sobral, o evento ser\u00e1 gratuito e faz parte do programa Sert\u00e3o Empreendedor: Um novo tempo para o semi\u00e1rido, desenvolvido em parceria com o Sebrae. \u201cO programa visa promover a competitividade e sustentabilidade dos empreendimentos rurais no semi\u00e1rido atrav\u00e9s do fomento \u00e0 inova\u00e7\u00e3o, ao empreendedorismo e a difus\u00e3o das tecnologias sociais, de produ\u00e7\u00e3o, gest\u00e3o e boas pr\u00e1ticas de conviv\u00eancia\u201d.<\/p>\n<p style=\"text-align: justify;\">Com base nesse objetivo \u00e9 que foi desenvolvido o tema do Circuito. \u201cA tem\u00e1tica deste evento \u00e9 a palma, pois n\u00e3o se convive na regi\u00e3o do semi\u00e1rido sem essa op\u00e7\u00e3o para alimentar o rebanho leiteiro. O agricultor leiteiro pode ter a silagem, o\u00a0feno ou outra alternativa, mas n\u00e3o vive sem a palma. Este evento foi pensado com este tema, pois, estamos \u00e0s v\u00e9speras da \u00e9poca do plantio\u201d, explica o superintendente do Servi\u00e7o Nacional de Aprendizagem Rural &#8211; Senar Sergipe, Denio Leite.<\/p>\n<p>&nbsp;<\/p>\n<p><strong>Produ\u00e7\u00e3o<\/strong><\/p>\n<p>&nbsp;<\/p>\n<p style=\"text-align: justify;\">Em Sergipe ainda existem muitos agricultores que produzem a palma no sistema convencional &#8211; com espa\u00e7amento maior entre uma palma e outra, plantio e corte feito manualmente, por\u00e9m, novas tecnologias j\u00e1 surgiram. \u201cSistema de produ\u00e7\u00e3o: uma an\u00e1lise sobre os custos de produ\u00e7\u00e3o \u00e9 tema de uma das palestras. O palestrante Sidnei Bezerra Lima ir\u00e1 apresentar custos dos plantios convencional, intermedi\u00e1rio e o mais moderno, que \u00e9 o de adensando em fileira dupla (duas linhas), que pode produzir at\u00e9 400 toneladas de massa verde\u00a0por hectare\u201d, detalha a coordenadora do programa de Assist\u00eancia T\u00e9cnica e Gerencial do Senar Sergipe, Luana Arag\u00e3o.<\/p>\n<p style=\"text-align: justify;\">Um dos palestrantes, o zootecnista e diretor da Universidade Federal Rural de Pernambuco, Airon Aparecido Silva de Carvalho conta que a palma forrageira \u00e9 uma planta que se adapta facilmente a v\u00e1rios climas, inclusive no semi\u00e1rido, j\u00e1 que ela n\u00e3o precisa de muita umidade para produzir. \u201cA cact\u00e1cea tem se tornado a melhor alternativa de alimenta\u00e7\u00e3o para o gado leiteiro em regi\u00f5es de extrema seca. Al\u00e9m de ser constitu\u00edda por 90% de \u00e1gua, ela fornece 70% de energia para o animal\u201d.<\/p>\n<p>&nbsp;<\/p>\n<p><strong>Programa\u00e7\u00e3o<\/strong><\/p>\n<p>&nbsp;<\/p>\n<p>9h \u2013 Apresenta\u00e7\u00e3o do Programa Sert\u00e3o Empreendedor, superintendente, Denio Leite;<\/p>\n<p>9h30 \u2013 Manejo da Palma \u2013 pesquisador do Instituto Agron\u00f4mico de Pernambuco, Djalma Cordeiro dos Santos;<\/p>\n<p>10h30 \u2013 Sistema de produ\u00e7\u00e3o: uma an\u00e1lise sobre os custos de produ\u00e7\u00e3o &#8211; consultor do programa Balde Cheio\/Alagoas, Sidnei Bezerra Lima;<\/p>\n<p>11h30 \u2013 Utiliza\u00e7\u00e3o da Palma Forrageira em diferentes dietas, professor da Universidade Federal Rural de Pernambuco, Airon Aparecido Silva de Carvalho.<\/p>\n<p><img loading=\"lazy\" decoding=\"async\" class=\"aligncenter size-full wp-image-101461\" src=\"http:\/\/senoticias.com.br\/se\/wp-content\/uploads\/2017\/03\/Logo-fone-1-2-1-2-4-2.jpg\" alt=\"Logo-fone-1-2-1-2-4\" width=\"599\" height=\"78\" srcset=\"https:\/\/senoticias.com.br\/se\/wp-content\/uploads\/2017\/03\/Logo-fone-1-2-1-2-4-2.jpg 599w, https:\/\/senoticias.com.br\/se\/wp-content\/uploads\/2017\/03\/Logo-fone-1-2-1-2-4-2-300x39.jpg 300w\" sizes=\"(max-width: 599px) 100vw, 599px\" \/><\/p>\n<p><strong>Acompanhe tamb\u00e9m o SE Not\u00edcias no <a href=\"https:\/\/twitter.com\/Senoticias\">Twitter<\/a>, <a href=\"https:\/\/www.facebook.com\/PortalSENoticias\/\">Facebook <\/a>e no <a href=\"https:\/\/www.instagram.com\/senoticias\/\">Instagram<\/a><\/strong><\/p>\n<p>por C\u00e2ndida Oliveira, da Ascom Sistema FAESE\/SENAR Sergipe<\/p>\n","protected":false},"excerpt":{"rendered":"<p>A reserva de alimento &#8211; palma &#8211; ser\u00e1 tema do Circuito Agropecu\u00e1rio Pecu\u00e1ria de Leite, que acontece no dia 17 de mar\u00e7o, \u00e0s 9h, no espa\u00e7o de eventos Boteco do Sert\u00e3o, rodovia Engenheiro Jorge Neto, Nossa Senhora da Gl\u00f3ria, distante 118 quil\u00f4metros da capital sergipana. Segundo o presidente da Federa\u00e7\u00e3o da Agricultura e Pecu\u00e1ria de [&hellip;]<\/p>\n","protected":false},"author":2,"featured_media":101472,"comment_status":"closed","ping_status":"closed","sticky":false,"template":"","format":"standard","meta":{"footnotes":""},"categories":[38,6],"tags":[],"class_list":{"0":"post-101471","1":"post","2":"type-post","3":"status-publish","4":"format-standard","5":"has-post-thumbnail","7":"category-municipios","8":"category-politica"},"_links":{"self":[{"href":"https:\/\/senoticias.com.br\/se\/wp-json\/wp\/v2\/posts\/101471"}],"collection":[{"href":"https:\/\/senoticias.com.br\/se\/wp-json\/wp\/v2\/posts"}],"about":[{"href":"https:\/\/senoticias.com.br\/se\/wp-json\/wp\/v2\/types\/post"}],"author":[{"embeddable":true,"href":"https:\/\/senoticias.com.br\/se\/wp-json\/wp\/v2\/users\/2"}],"replies":[{"embeddable":true,"href":"https:\/\/senoticias.com.br\/se\/wp-json\/wp\/v2\/comments?post=101471"}],"version-history":[{"count":0,"href":"https:\/\/senoticias.com.br\/se\/wp-json\/wp\/v2\/posts\/101471\/revisions"}],"wp:featuredmedia":[{"embeddable":true,"href":"https:\/\/senoticias.com.br\/se\/wp-json\/wp\/v2\/media\/101472"}],"wp:attachment":[{"href":"https:\/\/senoticias.com.br\/se\/wp-json\/wp\/v2\/media?parent=101471"}],"wp:term":[{"taxonomy":"category","embeddable":true,"href":"https:\/\/senoticias.com.br\/se\/wp-json\/wp\/v2\/categories?post=101471"},{"taxonomy":"post_tag","embeddable":true,"href":"https:\/\/senoticias.com.br\/se\/wp-json\/wp\/v2\/tags?post=101471"}],"curies":[{"name":"wp","href":"https:\/\/api.w.org\/{rel}","templated":true}]}}