{"id":101469,"date":"2017-03-13T14:43:33","date_gmt":"2017-03-13T17:43:33","guid":{"rendered":"http:\/\/senoticias.com.br\/se\/?p=101469"},"modified":"2017-03-13T14:43:33","modified_gmt":"2017-03-13T17:43:33","slug":"renan-diz-que-cunha-ainda-exerce-alguma-influencia-no-governo","status":"publish","type":"post","link":"https:\/\/senoticias.com.br\/se\/renan-diz-que-cunha-ainda-exerce-alguma-influencia-no-governo\/","title":{"rendered":"Renan diz que Cunha ainda exerce &#8216;alguma influ\u00eancia&#8217; no governo"},"content":{"rendered":"<p style=\"text-align: justify\">O l\u00edder do PMDB no Senado e ex-presidente da Casa, senador Renan Calheiros (PMDB-AL), afirmou nesta segunda-feira (13) em Macei\u00f3 que o ex-deputado preso Eduardo Cunha ainda exerce &#8220;alguma influ\u00eancia&#8221; sobre o governo.<\/p>\n<div id=\"attachment_98615\" style=\"width: 590px\" class=\"wp-caption aligncenter\"><a href=\"http:\/\/senoticias.com.br\/se\/wp-content\/uploads\/2016\/12\/Renan-diz-que-decisao-do-STF-em-mante-lo-na-presidencia-foi-patriotica-SE-Noticias.jpg\"><img loading=\"lazy\" decoding=\"async\" aria-describedby=\"caption-attachment-98615\" class=\"size-full wp-image-98615\" src=\"http:\/\/senoticias.com.br\/se\/wp-content\/uploads\/2016\/12\/Renan-diz-que-decisao-do-STF-em-mante-lo-na-presidencia-foi-patriotica-SE-Noticias.jpg\" alt=\"Marcelo Camargo\/Ag\u00eancia Brasil\" width=\"580\" height=\"388\" srcset=\"https:\/\/senoticias.com.br\/se\/wp-content\/uploads\/2016\/12\/Renan-diz-que-decisao-do-STF-em-mante-lo-na-presidencia-foi-patriotica-SE-Noticias.jpg 580w, https:\/\/senoticias.com.br\/se\/wp-content\/uploads\/2016\/12\/Renan-diz-que-decisao-do-STF-em-mante-lo-na-presidencia-foi-patriotica-SE-Noticias-300x201.jpg 300w, https:\/\/senoticias.com.br\/se\/wp-content\/uploads\/2016\/12\/Renan-diz-que-decisao-do-STF-em-mante-lo-na-presidencia-foi-patriotica-SE-Noticias-90x60.jpg 90w, https:\/\/senoticias.com.br\/se\/wp-content\/uploads\/2016\/12\/Renan-diz-que-decisao-do-STF-em-mante-lo-na-presidencia-foi-patriotica-SE-Noticias-180x120.jpg 180w, https:\/\/senoticias.com.br\/se\/wp-content\/uploads\/2016\/12\/Renan-diz-que-decisao-do-STF-em-mante-lo-na-presidencia-foi-patriotica-SE-Noticias-95x64.jpg 95w\" sizes=\"(max-width: 580px) 100vw, 580px\" \/><\/a><p id=\"caption-attachment-98615\" class=\"wp-caption-text\">Marcelo Camargo\/Ag\u00eancia Brasil<\/p><\/div>\n<p style=\"text-align: justify\">Nos \u00falitmos dias, Renan vem fazendo cr\u00edticas ao Pal\u00e1cio do Planalto sobre o que ele considera ser uma influ\u00eancia de Cunha nas a\u00e7\u00f5es do Executivo. O senador chegou a dizer que o governo do presidente Michel Temer n\u00e3o pode ficar &#8220;exposto&#8221; ao grupo pol\u00edtico liderado por Cunha, que cumpre pris\u00e3o na Opera\u00e7\u00e3o Lava Jato em Curitiba.<\/p>\n<p style=\"text-align: justify\">Nesta segunda, o senador voltou a fazer as cr\u00edticas e disse que a pol\u00edtica se entende &#8220;por sinais&#8221;. Segundo ele, nomea\u00e7\u00f5es recentes do governo para cargos de ministros e indica\u00e7\u00f5es para fun\u00e7\u00f5es no Congresso mostraram sinais da influ\u00eancia de Cunha.<br \/>\n&#8220;N\u00f3s chegamos depois do carnaval e nos deparamos com um quadro consolidado de nomea\u00e7\u00e3o de ministros e de ocupa\u00e7\u00e3o dos espa\u00e7os do governo federal no parlamento. E esses sinais n\u00e3o eram bom sinais, todos apontavam no rumo de um grupo que foi sempre liderado por Eduardo Cunha, e, certamente, alguma influ\u00eancia ainda existe, sen\u00e3o n\u00e3o existiria esse cen\u00e1rio&#8221;, afirmou Renan.<\/p>\n<p style=\"text-align: justify\">O senador tamb\u00e9m voltou a criticar, como j\u00e1 havia feito na semana passada, a reforma da Previd\u00eancia enviada pelo governo ao Congresso. Ele disse que, da maneira como o texto foi elaborado, n\u00e3o ser\u00e1 aprovado por deputados e senadores.<br \/>\n&#8220;Acho que n\u00f3s precisamos, claro, atualizar a Previd\u00eancia, fazer uma reforma previdenci\u00e1ria, mas essa proposta que o governo mandou para o Congresso Nacioanal, do jeito que ela est\u00e1, ela n\u00e3o tem condi\u00e7\u00e3o nenhuma de passar. Eu disse outro dia, quem exige de um trabalhador alagoano, nordestino, que ele pague 49 anos de contribui\u00e7\u00e3o \u00e9 porque, infelizmente, n\u00e3o conhece a situa\u00e7\u00e3o, a circunst\u00e2ncia, a realidade da nossa regi\u00e3o&#8221;, disse Renan.<\/p>\n<p style=\"text-align: justify\">De acordo com o Blog do Camarotti, Renan foi um dos pol\u00edticos da c\u00fapula do Congresso presentes a um almo\u00e7o na casa do presidente da C\u00e2mara, Rodrigo Maia (DEM-RJ), neste domingo (12). Segundo o blog, chamou aten\u00e7\u00e3o dos convidados uma conversa em particular entre Renan e o ministro da Secretaria-Geral da Presid\u00eancia, Moreira Franco. O gesto foi interpretado como uma reaproxima\u00e7\u00e3o do senador com o governo.<\/p>\n<p style=\"text-align: justify\"><strong>Resposta de Temer<\/strong><\/p>\n<p style=\"text-align: justify\">Na sexta-feira (10), o presidente Michel Temer foi questionado sobre as declara\u00e7\u00f5es de Renan em uma entrevista \u00e0 r\u00e1dio CBN. Na ocasi\u00e3o, Temer disse que Cunha n\u00e3o tem &#8220;nenhuma influ\u00eancia&#8221; sobre o governo.<\/p>\n<p style=\"text-align: justify\">&#8220;Absolutamente n\u00e3o existe [influ\u00eancia de Cunha no governo] [&#8230;] Imagina. Essas afirma\u00e7\u00f5es n\u00e3o t\u00eam sustenta\u00e7\u00e3o. Imagine se o Eduardo Cunha, que est\u00e1, enfim, distante, pode influenciar alguma coisa, n\u00e3o h\u00e1 influ\u00eancia nenhuma. N\u00e3o tem influ\u00eancia nenhuma&#8221;, disse o presidente.<\/p>\n<p style=\"text-align: justify\">Temer tamb\u00e9m foi questionado sobre a rela\u00e7\u00e3o com Renan Calheiros. Para o presidente, a rela\u00e7\u00e3o com o senador vai &#8220;continuar s\u00f3lida, como foi no passado&#8221;.<br \/>\n&#8220;Com o senador Renan, tenho dialogado permanentemente, tenho certeza que vamos continuar dialogando, ele vai continuar nos ajudando, preocupado que \u00e9 com o pa\u00eds. Eu tenho absoluta convic\u00e7\u00e3o de que ele vai nos ajudar. [&#8230;] Quanto a essa rela\u00e7\u00e3o com Renan, eu tenho certeza que ela vai continuar s\u00f3lida como foi no passado&#8221;, afirmou Temer.<\/p>\n<p style=\"line-height: 14.25pt\"><strong><span style=\"font-size: 10.0pt;font-family: 'Georgia','serif';color: #333333\">Acompanhe tamb\u00e9m o SE Not\u00edcias no<\/span><\/strong><span class=\"apple-converted-space\"><b><span style=\"font-size: 10.0pt;font-family: 'Georgia','serif';color: #333333\">\u00a0<\/span><\/b><\/span><a href=\"https:\/\/twitter.com\/Senoticias\" target=\"_blank\"><b><span style=\"font-size: 10.0pt;font-family: 'Georgia','serif'\">Twitter<\/span><\/b><\/a><strong><span style=\"font-size: 10.0pt;font-family: 'Georgia','serif';color: #333333\">,<\/span><\/strong><span class=\"apple-converted-space\"><b><span style=\"font-size: 10.0pt;font-family: 'Georgia','serif';color: #333333\">\u00a0<\/span><\/b><\/span><a href=\"https:\/\/www.facebook.com\/senoticias1\" target=\"_blank\"><b><span style=\"font-size: 10.0pt;font-family: 'Georgia','serif'\">Facebook<\/span><\/b><span class=\"apple-converted-space\"><b><span style=\"font-size: 10.0pt;font-family: 'Georgia','serif';color: windowtext;text-decoration: none\">\u00a0<\/span><\/b><\/span><\/a><strong><span style=\"font-size: 10.0pt;font-family: 'Georgia','serif';color: #333333\">e no<\/span><\/strong><span class=\"apple-converted-space\"><b><span style=\"font-size: 10.0pt;font-family: 'Georgia','serif';color: #333333\">\u00a0<\/span><\/b><\/span><a href=\"https:\/\/www.instagram.com\/senoticias\/\" target=\"_blank\"><b><span style=\"font-size: 10.0pt;font-family: 'Georgia','serif'\">Instagram<\/span><\/b><\/a><strong><span style=\"font-size: 10.0pt;font-family: 'Georgia','serif';color: #333333\">.<\/span><\/strong><\/p>\n<p style=\"line-height: 14.25pt\"><a href=\"http:\/\/senoticias.com.br\/se\/wp-content\/uploads\/2017\/03\/Logo-fone-1-2-1-2-4-2.jpg\"><img loading=\"lazy\" decoding=\"async\" class=\"aligncenter size-full wp-image-101461\" src=\"http:\/\/senoticias.com.br\/se\/wp-content\/uploads\/2017\/03\/Logo-fone-1-2-1-2-4-2.jpg\" alt=\"Logo-fone-1-2-1-2-4\" width=\"599\" height=\"78\" srcset=\"https:\/\/senoticias.com.br\/se\/wp-content\/uploads\/2017\/03\/Logo-fone-1-2-1-2-4-2.jpg 599w, https:\/\/senoticias.com.br\/se\/wp-content\/uploads\/2017\/03\/Logo-fone-1-2-1-2-4-2-300x39.jpg 300w\" sizes=\"(max-width: 599px) 100vw, 599px\" \/><\/a><\/p>\n<p style=\"line-height: 14.25pt\">Por G1, Bras\u00edlia<\/p>\n","protected":false},"excerpt":{"rendered":"<p>O l\u00edder do PMDB no Senado e ex-presidente da Casa, senador Renan Calheiros (PMDB-AL), afirmou nesta segunda-feira (13) em Macei\u00f3 que o ex-deputado preso Eduardo Cunha ainda exerce &#8220;alguma influ\u00eancia&#8221; sobre o governo. Nos \u00falitmos dias, Renan vem fazendo cr\u00edticas ao Pal\u00e1cio do Planalto sobre o que ele considera ser uma influ\u00eancia de Cunha nas [&hellip;]<\/p>\n","protected":false},"author":5618,"featured_media":98615,"comment_status":"closed","ping_status":"closed","sticky":false,"template":"","format":"standard","meta":{"footnotes":""},"categories":[6],"tags":[2488],"class_list":{"0":"post-101469","1":"post","2":"type-post","3":"status-publish","4":"format-standard","5":"has-post-thumbnail","7":"category-politica","8":"tag-renan-diz-que-cunha-ainda-exerce-alguma-influencia-no-governo"},"_links":{"self":[{"href":"https:\/\/senoticias.com.br\/se\/wp-json\/wp\/v2\/posts\/101469"}],"collection":[{"href":"https:\/\/senoticias.com.br\/se\/wp-json\/wp\/v2\/posts"}],"about":[{"href":"https:\/\/senoticias.com.br\/se\/wp-json\/wp\/v2\/types\/post"}],"author":[{"embeddable":true,"href":"https:\/\/senoticias.com.br\/se\/wp-json\/wp\/v2\/users\/5618"}],"replies":[{"embeddable":true,"href":"https:\/\/senoticias.com.br\/se\/wp-json\/wp\/v2\/comments?post=101469"}],"version-history":[{"count":0,"href":"https:\/\/senoticias.com.br\/se\/wp-json\/wp\/v2\/posts\/101469\/revisions"}],"wp:featuredmedia":[{"embeddable":true,"href":"https:\/\/senoticias.com.br\/se\/wp-json\/wp\/v2\/media\/98615"}],"wp:attachment":[{"href":"https:\/\/senoticias.com.br\/se\/wp-json\/wp\/v2\/media?parent=101469"}],"wp:term":[{"taxonomy":"category","embeddable":true,"href":"https:\/\/senoticias.com.br\/se\/wp-json\/wp\/v2\/categories?post=101469"},{"taxonomy":"post_tag","embeddable":true,"href":"https:\/\/senoticias.com.br\/se\/wp-json\/wp\/v2\/tags?post=101469"}],"curies":[{"name":"wp","href":"https:\/\/api.w.org\/{rel}","templated":true}]}}