{"id":101466,"date":"2017-03-13T14:31:31","date_gmt":"2017-03-13T17:31:31","guid":{"rendered":"http:\/\/senoticias.com.br\/se\/?p=101466"},"modified":"2017-03-13T14:31:31","modified_gmt":"2017-03-13T17:31:31","slug":"saco-folia-2017-tem-programacao-definida","status":"publish","type":"post","link":"https:\/\/senoticias.com.br\/se\/saco-folia-2017-tem-programacao-definida\/","title":{"rendered":"Saco Folia 2017 tem programa\u00e7\u00e3o definida"},"content":{"rendered":"<p style=\"text-align: justify\">A temperatura da areia da Praia do Saco promete subir no dia 15 de abril, no s\u00e1bado de feriad\u00e3o. Com in\u00edcio \u00e0s 16 horas, o Saco Folia contar\u00e1 com o pagode do grupo Harmonia do Samba, que apresentar\u00e1 o seu novo projeto \u2018Harmonia S\u00f3 as Antigas\u2019 em 3h de show, repleto de gingado e um repert\u00f3rio com antigos e novos sucessos.<\/p>\n<div id=\"attachment_101468\" style=\"width: 590px\" class=\"wp-caption aligncenter\"><a href=\"http:\/\/senoticias.com.br\/se\/wp-content\/uploads\/2017\/03\/capa-solange-almeida-e1489426167278.jpg\"><img loading=\"lazy\" decoding=\"async\" aria-describedby=\"caption-attachment-101468\" class=\"wp-image-101468 size-full\" src=\"http:\/\/senoticias.com.br\/se\/wp-content\/uploads\/2017\/03\/capa-solange-almeida-e1489426167278.jpg\" alt=\"capa-solange-almeida\" width=\"580\" height=\"435\" \/><\/a><p id=\"caption-attachment-101468\" class=\"wp-caption-text\">Cantora Solange Almeida (Foto: Divulga\u00e7\u00e3o\/assessoria\/Augustus Produ\u00e7\u00f5es )<\/p><\/div>\n<p style=\"text-align: justify\">Outra atra\u00e7\u00e3o de peso \u00e9 a cantora Solange Almeida, que vai estrear carreira solo em Sergipe. Tarc\u00edsio e banda Doce Sedu\u00e7\u00e3o tamb\u00e9m vai garantir divers\u00e3o ao p\u00fablico com o melhor do arrocha.<\/p>\n<p style=\"text-align: justify\"><strong>Servi\u00e7o<\/strong><br \/>\nIngressos est\u00e3o \u00e0 venda na Central do Ticket, no RioMar Shopping.<\/p>\n<p style=\"line-height: 14.25pt;text-align: justify\"><strong><span style=\"font-size: 10.0pt;font-family: 'Georgia','serif';color: #333333\">Acompanhe tamb\u00e9m o SE Not\u00edcias no<\/span><\/strong><span class=\"apple-converted-space\"><b><span style=\"font-size: 10.0pt;font-family: 'Georgia','serif';color: #333333\">\u00a0<\/span><\/b><\/span><a href=\"https:\/\/twitter.com\/Senoticias\" target=\"_blank\"><b><span style=\"font-size: 10.0pt;font-family: 'Georgia','serif'\">Twitter<\/span><\/b><\/a><strong><span style=\"font-size: 10.0pt;font-family: 'Georgia','serif';color: #333333\">,<\/span><\/strong><span class=\"apple-converted-space\"><b><span style=\"font-size: 10.0pt;font-family: 'Georgia','serif';color: #333333\">\u00a0<\/span><\/b><\/span><a href=\"https:\/\/www.facebook.com\/senoticias1\" target=\"_blank\"><b><span style=\"font-size: 10.0pt;font-family: 'Georgia','serif'\">Facebook<\/span><\/b><span class=\"apple-converted-space\"><b><span style=\"font-size: 10.0pt;font-family: 'Georgia','serif';color: windowtext;text-decoration: none\">\u00a0<\/span><\/b><\/span><\/a><strong><span style=\"font-size: 10.0pt;font-family: 'Georgia','serif';color: #333333\">e no<\/span><\/strong><span class=\"apple-converted-space\"><b><span style=\"font-size: 10.0pt;font-family: 'Georgia','serif';color: #333333\">\u00a0<\/span><\/b><\/span><a href=\"https:\/\/www.instagram.com\/senoticias\/\" target=\"_blank\"><b><span style=\"font-size: 10.0pt;font-family: 'Georgia','serif'\">Instagram<\/span><\/b><\/a><strong><span style=\"font-size: 10.0pt;font-family: 'Georgia','serif';color: #333333\">.<\/span><\/strong><\/p>\n<p style=\"line-height: 14.25pt;text-align: justify\"><a href=\"http:\/\/senoticias.com.br\/se\/wp-content\/uploads\/2017\/03\/Logo-fone-1-2-1-2-4-2.jpg\"><img loading=\"lazy\" decoding=\"async\" class=\"aligncenter size-full wp-image-101461\" src=\"http:\/\/senoticias.com.br\/se\/wp-content\/uploads\/2017\/03\/Logo-fone-1-2-1-2-4-2.jpg\" alt=\"Logo-fone-1-2-1-2-4\" width=\"599\" height=\"78\" srcset=\"https:\/\/senoticias.com.br\/se\/wp-content\/uploads\/2017\/03\/Logo-fone-1-2-1-2-4-2.jpg 599w, https:\/\/senoticias.com.br\/se\/wp-content\/uploads\/2017\/03\/Logo-fone-1-2-1-2-4-2-300x39.jpg 300w\" sizes=\"(max-width: 599px) 100vw, 599px\" \/><\/a><\/p>\n<p style=\"line-height: 14.25pt;text-align: justify\">Do G1 SE<\/p>\n","protected":false},"excerpt":{"rendered":"<p>A temperatura da areia da Praia do Saco promete subir no dia 15 de abril, no s\u00e1bado de feriad\u00e3o. Com in\u00edcio \u00e0s 16 horas, o Saco Folia contar\u00e1 com o pagode do grupo Harmonia do Samba, que apresentar\u00e1 o seu novo projeto \u2018Harmonia S\u00f3 as Antigas\u2019 em 3h de show, repleto de gingado e um [&hellip;]<\/p>\n","protected":false},"author":5618,"featured_media":101468,"comment_status":"closed","ping_status":"closed","sticky":false,"template":"","format":"standard","meta":{"footnotes":""},"categories":[21],"tags":[2487],"class_list":{"0":"post-101466","1":"post","2":"type-post","3":"status-publish","4":"format-standard","5":"has-post-thumbnail","7":"category-entretenimento","8":"tag-saco-folia-2017-tem-programacao-definida"},"_links":{"self":[{"href":"https:\/\/senoticias.com.br\/se\/wp-json\/wp\/v2\/posts\/101466"}],"collection":[{"href":"https:\/\/senoticias.com.br\/se\/wp-json\/wp\/v2\/posts"}],"about":[{"href":"https:\/\/senoticias.com.br\/se\/wp-json\/wp\/v2\/types\/post"}],"author":[{"embeddable":true,"href":"https:\/\/senoticias.com.br\/se\/wp-json\/wp\/v2\/users\/5618"}],"replies":[{"embeddable":true,"href":"https:\/\/senoticias.com.br\/se\/wp-json\/wp\/v2\/comments?post=101466"}],"version-history":[{"count":0,"href":"https:\/\/senoticias.com.br\/se\/wp-json\/wp\/v2\/posts\/101466\/revisions"}],"wp:featuredmedia":[{"embeddable":true,"href":"https:\/\/senoticias.com.br\/se\/wp-json\/wp\/v2\/media\/101468"}],"wp:attachment":[{"href":"https:\/\/senoticias.com.br\/se\/wp-json\/wp\/v2\/media?parent=101466"}],"wp:term":[{"taxonomy":"category","embeddable":true,"href":"https:\/\/senoticias.com.br\/se\/wp-json\/wp\/v2\/categories?post=101466"},{"taxonomy":"post_tag","embeddable":true,"href":"https:\/\/senoticias.com.br\/se\/wp-json\/wp\/v2\/tags?post=101466"}],"curies":[{"name":"wp","href":"https:\/\/api.w.org\/{rel}","templated":true}]}}