{"id":101465,"date":"2017-03-13T14:21:37","date_gmt":"2017-03-13T17:21:37","guid":{"rendered":"http:\/\/senoticias.com.br\/se\/?p=101465"},"modified":"2017-03-13T14:21:37","modified_gmt":"2017-03-13T17:21:37","slug":"quadrilha-roubava-bancos-sem-utilizar-armas-diz-ssp","status":"publish","type":"post","link":"https:\/\/senoticias.com.br\/se\/quadrilha-roubava-bancos-sem-utilizar-armas-diz-ssp\/","title":{"rendered":"Quadrilha roubava bancos sem utilizar armas, diz SSP"},"content":{"rendered":"<p style=\"text-align: justify\">Na manh\u00e3 desta segunda-feira (13) a Secretaria de Seguran\u00e7a P\u00fablica de Sergipe (SSP\/SE), por meio do Complexo de Opera\u00e7\u00f5es Policiais Especiais da Pol\u00edcia Civil (Cope), apresentou cinco suspeitos de <a href=\"http:\/\/g1.globo.com\/se\/sergipe\/noticia\/2017\/03\/grupo-suspeito-de-assaltar-banco-sera-apresentado-nesta-segunda.html\">furtarem uma ag\u00eancia do banco Santander, Zona Sul de Aracaju (SE) no dia 29 de janeiro<\/a>. A pris\u00e3o ocorreu na sexta-feira (10) em no Bairro Boa Viagem, em Recife (PE).<\/p>\n<div id=\"attachment_101412\" style=\"width: 609px\" class=\"wp-caption aligncenter\"><a href=\"http:\/\/senoticias.com.br\/se\/wp-content\/uploads\/2017\/03\/Delegado-Joao-Eloy-SENOTICIAS-e1489272198827.jpg\"><img loading=\"lazy\" decoding=\"async\" aria-describedby=\"caption-attachment-101412\" class=\"size-full wp-image-101412\" src=\"http:\/\/senoticias.com.br\/se\/wp-content\/uploads\/2017\/03\/Delegado-Joao-Eloy-SENOTICIAS-e1489272198827.jpg\" alt=\"Bando era especializado em furtos de ag\u00eancias banc\u00e1rias em todo Brasil foi desarticulada, pela Pol\u00edcia Civil de Sergipe. (Foto: arquivo\/SSP\/SE)\" width=\"599\" height=\"398\" \/><\/a><p id=\"caption-attachment-101412\" class=\"wp-caption-text\">Bando era especializado em furtos de ag\u00eancias banc\u00e1rias em todo Brasil foi desarticulada, pela Pol\u00edcia Civil de Sergipe. (Foto: arquivo\/SSP\/SE)<\/p><\/div>\n<p style=\"text-align: justify\">Segundo a pol\u00edcia, eles estavam em um apartamento alugado onde estavam dois ve\u00edculos. Pr\u00f3ximo ao local, em um supermercado, havia um ve\u00edculo inclusive furadeiras eletromagn\u00e9ticas e tamb\u00e9m o uniforme utilizado por eles como disfarce.<\/p>\n<p style=\"text-align: justify\">Na ocasi\u00e3o, os suspeitos levaram aproximadamente R$ 300 mil de quatro caixas eletr\u00f4nicos, sem a utiliza\u00e7\u00e3o de explosivos e desativando o sistema de seguran\u00e7a e monitoramento do banco. Ao total, cinco pessoas, todas da cidade de Joinville, em <a class=\"premium-tip\" href=\"http:\/\/g1.globo.com\/tudo-sobre\/santa-catarina\">Santa Catarina<\/a>, foram presas nesta opera\u00e7\u00e3o que ficou conhecida como \u2018Ca\u00e7a-Fantasma\u2019.<\/p>\n<p style=\"text-align: justify\">\u201cEles atuavam com muita intelig\u00eancia, sem viol\u00eancia, burlando os sistemas dos bancos que tinham como alvo. N\u00e3o deixaram digitais, furtaram o equipamento com as imagens da ag\u00eancia, desligaram os sensores de presen\u00e7a e desativaram o alarme. Eles n\u00e3o utilizavam armas e no cofre da ag\u00eancia de Aracaju havia rev\u00f3lveres e coletes banc\u00e1rios, mas n\u00e3o tocaram. O grupo aproveitava o hor\u00e1rio banc\u00e1rio para trocar a fechadura do banco. Com a chave ingressavam em hor\u00e1rio mais oportuno para fazer o crime\u201d, afirma o delegado Denival El\u00f3i.<\/p>\n<p style=\"text-align: justify\">A investiga\u00e7\u00e3o, que resultou na pris\u00e3o de uma associa\u00e7\u00e3o criminosa especializada em furtos de ag\u00eancias banc\u00e1rias em todo Brasil, concluiu que o l\u00edder do grupo assalta bancos desde os anos 90 e j\u00e1 foi preso em 2009, ap\u00f3s R$ 2 milh\u00f5es de uma ag\u00eancia do Banco do Brasil em <a class=\"premium-tip\" href=\"http:\/\/g1.globo.com\/pe\/pernambuco\/cidade\/recife.html\">Recife<\/a>. O grupo atuava junto h\u00e1 tr\u00eas anos. \u201cEles tinham uma vida de alto padr\u00e3o e exibiam nas redes sociais. Tinham carros de luxo e barcos\u201d, conta o delegado.<\/p>\n<p style=\"text-align: justify\">\u201cFizemos um acompanhamento de algumas semanas e l\u00e1 em <a class=\"premium-tip\" href=\"http:\/\/g1.globo.com\/tudo-sobre\/pernambuco\">Pernambuco<\/a> j\u00e1 estavam com tr\u00eas bancos, j\u00e1 tinham levantado bancos em <a class=\"premium-tip\" href=\"http:\/\/g1.globo.com\/rn\/rio-grande-do-norte\/cidade\/natal.html\">Natal<\/a> (RN) e muito provavelmente iriam fazer todo o Nordeste e quem sabe at\u00e9 votar a Sergipe. Este trabalho foi exclusivamente da pol\u00edcia sergipana\u201d, explica o secret\u00e1rio da SSP\/SE, Jo\u00e3o Batista.<\/p>\n<p style=\"text-align: justify\">A pol\u00edcia tamb\u00e9m investiga a participa\u00e7\u00e3o deles em um furto a uma ag\u00eancia banc\u00e1ria do banco Santander, em Recife, no dia 21 de janeiro deste ano, poucos dias antes do furto \u00e0 ag\u00eancia em Aracaju. Nesta a\u00e7\u00e3o eles levaram aproximadamente meio milh\u00e3o de reais.<\/p>\n<p style=\"line-height: 14.25pt;text-align: justify\"><strong><span style=\"font-size: 10.0pt;font-family: 'Georgia','serif';color: #333333\">Acompanhe tamb\u00e9m o SE Not\u00edcias no<\/span><\/strong><span class=\"apple-converted-space\"><b><span style=\"font-size: 10.0pt;font-family: 'Georgia','serif';color: #333333\">\u00a0<\/span><\/b><\/span><a href=\"https:\/\/twitter.com\/Senoticias\" target=\"_blank\"><b><span style=\"font-size: 10.0pt;font-family: 'Georgia','serif'\">Twitter<\/span><\/b><\/a><strong><span style=\"font-size: 10.0pt;font-family: 'Georgia','serif';color: #333333\">,<\/span><\/strong><span class=\"apple-converted-space\"><b><span style=\"font-size: 10.0pt;font-family: 'Georgia','serif';color: #333333\">\u00a0<\/span><\/b><\/span><a href=\"https:\/\/www.facebook.com\/senoticias1\" target=\"_blank\"><b><span style=\"font-size: 10.0pt;font-family: 'Georgia','serif'\">Facebook<\/span><\/b><span class=\"apple-converted-space\"><b><span style=\"font-size: 10.0pt;font-family: 'Georgia','serif';color: windowtext;text-decoration: none\">\u00a0<\/span><\/b><\/span><\/a><strong><span style=\"font-size: 10.0pt;font-family: 'Georgia','serif';color: #333333\">e no<\/span><\/strong><span class=\"apple-converted-space\"><b><span style=\"font-size: 10.0pt;font-family: 'Georgia','serif';color: #333333\">\u00a0<\/span><\/b><\/span><a href=\"https:\/\/www.instagram.com\/senoticias\/\" target=\"_blank\"><b><span style=\"font-size: 10.0pt;font-family: 'Georgia','serif'\">Instagram<\/span><\/b><\/a><strong><span style=\"font-size: 10.0pt;font-family: 'Georgia','serif';color: #333333\">.<\/span><\/strong><\/p>\n<p style=\"line-height: 14.25pt;text-align: justify\"><a href=\"http:\/\/senoticias.com.br\/se\/wp-content\/uploads\/2017\/03\/Logo-fone-1-2-1-2-4-2.jpg\"><img loading=\"lazy\" decoding=\"async\" class=\"aligncenter size-full wp-image-101461\" src=\"http:\/\/senoticias.com.br\/se\/wp-content\/uploads\/2017\/03\/Logo-fone-1-2-1-2-4-2.jpg\" alt=\"Logo-fone-1-2-1-2-4\" width=\"599\" height=\"78\" srcset=\"https:\/\/senoticias.com.br\/se\/wp-content\/uploads\/2017\/03\/Logo-fone-1-2-1-2-4-2.jpg 599w, https:\/\/senoticias.com.br\/se\/wp-content\/uploads\/2017\/03\/Logo-fone-1-2-1-2-4-2-300x39.jpg 300w\" sizes=\"(max-width: 599px) 100vw, 599px\" \/><\/a><\/p>\n<p style=\"line-height: 14.25pt;text-align: justify\">Do G1 SE<\/p>\n","protected":false},"excerpt":{"rendered":"<p>Na manh\u00e3 desta segunda-feira (13) a Secretaria de Seguran\u00e7a P\u00fablica de Sergipe (SSP\/SE), por meio do Complexo de Opera\u00e7\u00f5es Policiais Especiais da Pol\u00edcia Civil (Cope), apresentou cinco suspeitos de furtarem uma ag\u00eancia do banco Santander, Zona Sul de Aracaju (SE) no dia 29 de janeiro. A pris\u00e3o ocorreu na sexta-feira (10) em no Bairro Boa [&hellip;]<\/p>\n","protected":false},"author":5618,"featured_media":101412,"comment_status":"closed","ping_status":"closed","sticky":false,"template":"","format":"standard","meta":{"footnotes":""},"categories":[7],"tags":[],"class_list":{"0":"post-101465","1":"post","2":"type-post","3":"status-publish","4":"format-standard","5":"has-post-thumbnail","7":"category-policia"},"_links":{"self":[{"href":"https:\/\/senoticias.com.br\/se\/wp-json\/wp\/v2\/posts\/101465"}],"collection":[{"href":"https:\/\/senoticias.com.br\/se\/wp-json\/wp\/v2\/posts"}],"about":[{"href":"https:\/\/senoticias.com.br\/se\/wp-json\/wp\/v2\/types\/post"}],"author":[{"embeddable":true,"href":"https:\/\/senoticias.com.br\/se\/wp-json\/wp\/v2\/users\/5618"}],"replies":[{"embeddable":true,"href":"https:\/\/senoticias.com.br\/se\/wp-json\/wp\/v2\/comments?post=101465"}],"version-history":[{"count":0,"href":"https:\/\/senoticias.com.br\/se\/wp-json\/wp\/v2\/posts\/101465\/revisions"}],"wp:featuredmedia":[{"embeddable":true,"href":"https:\/\/senoticias.com.br\/se\/wp-json\/wp\/v2\/media\/101412"}],"wp:attachment":[{"href":"https:\/\/senoticias.com.br\/se\/wp-json\/wp\/v2\/media?parent=101465"}],"wp:term":[{"taxonomy":"category","embeddable":true,"href":"https:\/\/senoticias.com.br\/se\/wp-json\/wp\/v2\/categories?post=101465"},{"taxonomy":"post_tag","embeddable":true,"href":"https:\/\/senoticias.com.br\/se\/wp-json\/wp\/v2\/tags?post=101465"}],"curies":[{"name":"wp","href":"https:\/\/api.w.org\/{rel}","templated":true}]}}