{"id":101406,"date":"2017-03-11T10:35:58","date_gmt":"2017-03-11T13:35:58","guid":{"rendered":"http:\/\/senoticias.com.br\/se\/?p=101406"},"modified":"2017-03-12T10:45:44","modified_gmt":"2017-03-12T13:45:44","slug":"centro-odontologico-da-ufs-em-lagarto-recebe-40-cadeiras-odontologicas","status":"publish","type":"post","link":"https:\/\/senoticias.com.br\/se\/centro-odontologico-da-ufs-em-lagarto-recebe-40-cadeiras-odontologicas\/","title":{"rendered":"Centro Odontol\u00f3gico da UFS em Lagarto recebe 40 cadeiras odontol\u00f3gicas"},"content":{"rendered":"<div dir=\"ltr\" style=\"text-align: justify;\">\n<p>Na tarde desta sexta-feira (10), o l\u00edder do governo no Congresso Nacional, Andr\u00e9 Moura (PSC-SE), na companhia do prefeito de Lagarto, Valmir Monteiro (PSC), visitou as instala\u00e7\u00f5es de Centro Odontol\u00f3gico do campus Professor Ant\u00f4nio Garcia Filho, no munic\u00edpio, cujas obras est\u00e3o em fase final. Na oportunidade, Andr\u00e9 verificou, in loco, as 40 cadeiras odontol\u00f3gicas que foram adquiridas junto ao Minist\u00e9rio da Educa\u00e7\u00e3o (MEC), atrav\u00e9s de solicita\u00e7\u00e3o realizada pelo l\u00edder ao ministro Mendon\u00e7a Filho, para a institui\u00e7\u00e3o de ensino.<\/p>\n<div id=\"attachment_101407\" style=\"width: 609px\" class=\"wp-caption aligncenter\"><img loading=\"lazy\" decoding=\"async\" aria-describedby=\"caption-attachment-101407\" class=\"size-full wp-image-101407\" src=\"http:\/\/senoticias.com.br\/se\/wp-content\/uploads\/2017\/03\/CADEIRAS-ODONTOLOGICAS-SENOTICIAS-e1489239413215.jpg\" alt=\" Equipamentos v\u00e3o pertmitir que os estudantes de odontologia possam aprender, de forma pr\u00e1tica.\" width=\"599\" height=\"337\" \/><p id=\"caption-attachment-101407\" class=\"wp-caption-text\"><br \/>Equipamentos v\u00e3o permitir que os estudantes de odontologia possam aprender, de forma pr\u00e1tica. (Foto: ascom\/parlamentar)<\/p><\/div>\n<\/div>\n<div dir=\"ltr\" style=\"text-align: justify;\"><\/div>\n<div dir=\"ltr\" style=\"text-align: justify;\">O pleito do l\u00edder Andr\u00e9 Moura foi atendido pelo ministro Mendon\u00e7a Filho em outubro de 2016, quando liberou os recursos de aproximadamente R$ 2 milh\u00f5es para a aquisi\u00e7\u00e3o dos equipamentos que beneficiam alunos e comunidade, pois possibilitar\u00e3o que os estudantes de odontologia possam aprender, de forma pr\u00e1tica, com os servi\u00e7os que ser\u00e3o prestados aos cidad\u00e3os. \u201cVendo a estrutura do local, os servi\u00e7os que ser\u00e3o oferecidos para toda a comunidade e sendo conhecedor do compromisso do Governo Federal com a qualidade do ensino, busquei o ministro que prontamente nos atendeu&#8221;, enfatizou o parlamentar.<\/div>\n<div dir=\"ltr\" style=\"text-align: justify;\"><\/div>\n<div dir=\"ltr\" style=\"text-align: justify;\">Segundo o prefeito Valmir Monteiro, com a parceria entre a prefeitura e a Universidade Federal de Sergipe (UFS), 100% da popula\u00e7\u00e3o assistida pela sa\u00fade p\u00fablica municipal ser\u00e1 beneficiada, al\u00e9m da popula\u00e7\u00e3o dos munic\u00edpios circunvizinhos, fortalecendo a sociedade e a universidade que, de forma integrada, cumpre seu papel social.<\/div>\n<div dir=\"ltr\" style=\"text-align: justify;\"><\/div>\n<div dir=\"ltr\" style=\"text-align: justify;\">Participaram da visita, os senadores Eduardo Amorim (PSDB) e Ant\u00f4nio Carlos Valadares (PSB), os prefeitos Iggor Oliveira (Po\u00e7o Verde) e Marival Santana (Sim\u00e3o Dias), a diretora geral da UFS, Adriana Carvalho, superintendente da Empresa Brasileira de Servi\u00e7os Hospitalares &#8211; EBSERH, Valter Santana, secret\u00e1rios, vereadores e lideran\u00e7as da regi\u00e3o.<\/div>\n<div dir=\"ltr\" style=\"text-align: justify;\"><\/div>\n<div dir=\"ltr\" style=\"text-align: justify;\"><\/div>\n<div dir=\"ltr\" style=\"text-align: justify;\"><strong>Acompanhe tamb\u00e9m o SE Not\u00edcias no <a href=\"https:\/\/twitter.com\/Senoticias\">Twitter<\/a>, <a href=\"https:\/\/www.facebook.com\/PortalSENoticias\/\">Facebook <\/a>e no <a href=\"https:\/\/www.instagram.com\/senoticias\/\">Instagram<\/a><\/strong><\/div>\n<div dir=\"ltr\" style=\"text-align: justify;\"><\/div>\n<div dir=\"ltr\" style=\"text-align: justify;\"><img loading=\"lazy\" decoding=\"async\" class=\"aligncenter size-full wp-image-101307\" src=\"http:\/\/senoticias.com.br\/se\/wp-content\/uploads\/2017\/03\/Logo-fone-1-2-1-2-4-1.jpg\" alt=\"Logo-fone-1-2-1-2-4\" width=\"599\" height=\"78\" srcset=\"https:\/\/senoticias.com.br\/se\/wp-content\/uploads\/2017\/03\/Logo-fone-1-2-1-2-4-1.jpg 599w, https:\/\/senoticias.com.br\/se\/wp-content\/uploads\/2017\/03\/Logo-fone-1-2-1-2-4-1-300x39.jpg 300w\" sizes=\"(max-width: 599px) 100vw, 599px\" \/><\/div>\n<div dir=\"ltr\" style=\"text-align: justify;\"><\/div>\n<div dir=\"ltr\" style=\"text-align: justify;\"><\/div>\n<div dir=\"ltr\" style=\"text-align: justify;\"><\/div>\n<div dir=\"ltr\" style=\"text-align: justify;\"><\/div>\n<div dir=\"ltr\" style=\"text-align: justify;\"><\/div>\n","protected":false},"excerpt":{"rendered":"<p>Na tarde desta sexta-feira (10), o l\u00edder do governo no Congresso Nacional, Andr\u00e9 Moura (PSC-SE), na companhia do prefeito de Lagarto, Valmir Monteiro (PSC), visitou as instala\u00e7\u00f5es de Centro Odontol\u00f3gico do campus Professor Ant\u00f4nio Garcia Filho, no munic\u00edpio, cujas obras est\u00e3o em fase final. Na oportunidade, Andr\u00e9 verificou, in loco, as 40 cadeiras odontol\u00f3gicas que [&hellip;]<\/p>\n","protected":false},"author":2,"featured_media":101407,"comment_status":"closed","ping_status":"closed","sticky":false,"template":"","format":"standard","meta":{"footnotes":""},"categories":[6],"tags":[],"class_list":{"0":"post-101406","1":"post","2":"type-post","3":"status-publish","4":"format-standard","5":"has-post-thumbnail","7":"category-politica"},"_links":{"self":[{"href":"https:\/\/senoticias.com.br\/se\/wp-json\/wp\/v2\/posts\/101406"}],"collection":[{"href":"https:\/\/senoticias.com.br\/se\/wp-json\/wp\/v2\/posts"}],"about":[{"href":"https:\/\/senoticias.com.br\/se\/wp-json\/wp\/v2\/types\/post"}],"author":[{"embeddable":true,"href":"https:\/\/senoticias.com.br\/se\/wp-json\/wp\/v2\/users\/2"}],"replies":[{"embeddable":true,"href":"https:\/\/senoticias.com.br\/se\/wp-json\/wp\/v2\/comments?post=101406"}],"version-history":[{"count":0,"href":"https:\/\/senoticias.com.br\/se\/wp-json\/wp\/v2\/posts\/101406\/revisions"}],"wp:featuredmedia":[{"embeddable":true,"href":"https:\/\/senoticias.com.br\/se\/wp-json\/wp\/v2\/media\/101407"}],"wp:attachment":[{"href":"https:\/\/senoticias.com.br\/se\/wp-json\/wp\/v2\/media?parent=101406"}],"wp:term":[{"taxonomy":"category","embeddable":true,"href":"https:\/\/senoticias.com.br\/se\/wp-json\/wp\/v2\/categories?post=101406"},{"taxonomy":"post_tag","embeddable":true,"href":"https:\/\/senoticias.com.br\/se\/wp-json\/wp\/v2\/tags?post=101406"}],"curies":[{"name":"wp","href":"https:\/\/api.w.org\/{rel}","templated":true}]}}