{"id":101405,"date":"2017-03-10T20:04:05","date_gmt":"2017-03-10T23:04:05","guid":{"rendered":"http:\/\/senoticias.com.br\/se\/?p=101405"},"modified":"2017-03-10T20:04:05","modified_gmt":"2017-03-10T23:04:05","slug":"juiza-indefere-pedido-do-ministerio-publico-em-nenhum-momento-mendonca-prado-desrespeitou-decisoes-judiciais","status":"publish","type":"post","link":"https:\/\/senoticias.com.br\/se\/juiza-indefere-pedido-do-ministerio-publico-em-nenhum-momento-mendonca-prado-desrespeitou-decisoes-judiciais\/","title":{"rendered":"Ju\u00edza indefere pedido do Minist\u00e9rio P\u00fablico: &#8220;em nenhum momento, Mendon\u00e7a Prado desrespeitou decis\u00f5es judiciais&#8221;"},"content":{"rendered":"<p style=\"text-align: justify;\">A ju\u00edza Christina Machado de Sales e Silva indeferiu o pedido de afastamento de Mendon\u00e7a Prado da presid\u00eancia da Empresa Municipal de Servi\u00e7os Urbanos (Emsurb). Na decis\u00e3o, desta sexta-feira, 10, a magistrada diz que, &#8220;em nenhum momento&#8221;, ele desrespeitou a Justi\u00e7a.<\/p>\n<div id=\"attachment_89514\" style=\"width: 410px\" class=\"wp-caption aligncenter\"><img loading=\"lazy\" decoding=\"async\" aria-describedby=\"caption-attachment-89514\" class=\"size-full wp-image-89514\" src=\"http:\/\/senoticias.com.br\/se\/wp-content\/uploads\/2016\/03\/1-grau.jpg\" alt=\"Ju\u00edza indefere pedido do Minist\u00e9rio Publico Estadual. \" width=\"400\" height=\"268\" srcset=\"https:\/\/senoticias.com.br\/se\/wp-content\/uploads\/2016\/03\/1-grau.jpg 400w, https:\/\/senoticias.com.br\/se\/wp-content\/uploads\/2016\/03\/1-grau-300x201.jpg 300w, https:\/\/senoticias.com.br\/se\/wp-content\/uploads\/2016\/03\/1-grau-342x229.jpg 342w\" sizes=\"(max-width: 400px) 100vw, 400px\" \/><p id=\"caption-attachment-89514\" class=\"wp-caption-text\">Ju\u00edza indefere pedido do Minist\u00e9rio Publico Estadual.<\/p><\/div>\n<p style=\"text-align: justify;\">&#8220;Em nenhum momento, Mendon\u00e7a Prado desrespeitou as decis\u00f5es judiciais&#8221;, afirmou a ju\u00edza Christina Machado de Sales e Silva, negando assim o pedido feito pelo Minist\u00e9rio P\u00fablico Estadual (MPE) na a\u00e7\u00e3o civil p\u00fablica.<\/p>\n<p style=\"text-align: justify;\">Em <a href=\"http:\/\/aracaju.se.gov.br\/index.php?act=leitura&amp;codigo=71050\" target=\"_blank\">nota divulgada ontem<\/a>, o presidente da Emsurb refutou a posi\u00e7\u00e3o do MPE. Segundo Mendon\u00e7a Prado, apesar do respeito que tem pelo \u00f3rg\u00e3o acusador, ele disse ter &#8220;convic\u00e7\u00e3o absoluta que o Poder Judici\u00e1rio \u00e9 criterioso e constitu\u00eddo de pessoas honradas&#8221;. &#8220;Dessa maneira, ir\u00e1 apreciar a a\u00e7\u00e3o de autoria dos promotores de Justi\u00e7a com seriedade, observando todos os atos e datas registrados nos documentos&#8221;, complementou.<\/p>\n<p style=\"text-align: justify;\">&#8220;N\u00e3o fazemos nada que desobede\u00e7a ao que est\u00e1 previsto no ordenamento jur\u00eddico ou ordens emanadas do Poder Judici\u00e1rio. A nossa conduta \u00e9 conhecida por todos. Tenho 30 anos de vida p\u00fablica, j\u00e1 ocupei diversos cargos e sempre procurei ser disciplinado e obediente aos textos legais&#8221;, frisou Mendon\u00e7a, que lamentou ainda que o Minist\u00e9rio P\u00fablico tenha solicitado ao Judici\u00e1rio a puni\u00e7\u00e3o dele, incluindo no pedido que o magistrado n\u00e3o ouvisse a outra parte. Ele afirmou que prosseguir\u00e1 trabalhando com honradez e dignidade, sem se deixar levar por press\u00f5es.<\/p>\n<p style=\"text-align: justify;\"><img loading=\"lazy\" decoding=\"async\" class=\"aligncenter size-full wp-image-101307\" src=\"http:\/\/senoticias.com.br\/se\/wp-content\/uploads\/2017\/03\/Logo-fone-1-2-1-2-4-1.jpg\" alt=\"Logo-fone-1-2-1-2-4\" width=\"599\" height=\"78\" srcset=\"https:\/\/senoticias.com.br\/se\/wp-content\/uploads\/2017\/03\/Logo-fone-1-2-1-2-4-1.jpg 599w, https:\/\/senoticias.com.br\/se\/wp-content\/uploads\/2017\/03\/Logo-fone-1-2-1-2-4-1-300x39.jpg 300w\" sizes=\"(max-width: 599px) 100vw, 599px\" \/><\/p>\n<p style=\"text-align: justify;\"><strong>Acompanhe tamb\u00e9m o SE Not\u00edcias no<\/strong><span class=\"apple-converted-space\"><b>\u00a0<\/b><\/span><strong><a href=\"https:\/\/twitter.com\/Senoticias\" target=\"_blank\">Twitter<\/a>,<\/strong><span class=\"apple-converted-space\"><b>\u00a0<\/b><\/span><strong><a href=\"https:\/\/www.facebook.com\/senoticias1\" target=\"_blank\">Facebook<span class=\"apple-converted-space\">\u00a0<\/span><\/a>e no<\/strong><span class=\"apple-converted-space\"><b>\u00a0<\/b><\/span><strong><a href=\"https:\/\/www.instagram.com\/senoticias\/\" target=\"_blank\">Instagram<\/a><\/strong><\/p>\n<p style=\"text-align: justify;\"><em>Ag\u00eancia Aracaju de Not\u00edcias<\/em><\/p>\n","protected":false},"excerpt":{"rendered":"<p>A ju\u00edza Christina Machado de Sales e Silva indeferiu o pedido de afastamento de Mendon\u00e7a Prado da presid\u00eancia da Empresa Municipal de Servi\u00e7os Urbanos (Emsurb). Na decis\u00e3o, desta sexta-feira, 10, a magistrada diz que, &#8220;em nenhum momento&#8221;, ele desrespeitou a Justi\u00e7a. &#8220;Em nenhum momento, Mendon\u00e7a Prado desrespeitou as decis\u00f5es judiciais&#8221;, afirmou a ju\u00edza Christina Machado [&hellip;]<\/p>\n","protected":false},"author":2,"featured_media":89514,"comment_status":"closed","ping_status":"closed","sticky":false,"template":"","format":"standard","meta":{"footnotes":""},"categories":[6],"tags":[],"class_list":{"0":"post-101405","1":"post","2":"type-post","3":"status-publish","4":"format-standard","5":"has-post-thumbnail","7":"category-politica"},"_links":{"self":[{"href":"https:\/\/senoticias.com.br\/se\/wp-json\/wp\/v2\/posts\/101405"}],"collection":[{"href":"https:\/\/senoticias.com.br\/se\/wp-json\/wp\/v2\/posts"}],"about":[{"href":"https:\/\/senoticias.com.br\/se\/wp-json\/wp\/v2\/types\/post"}],"author":[{"embeddable":true,"href":"https:\/\/senoticias.com.br\/se\/wp-json\/wp\/v2\/users\/2"}],"replies":[{"embeddable":true,"href":"https:\/\/senoticias.com.br\/se\/wp-json\/wp\/v2\/comments?post=101405"}],"version-history":[{"count":0,"href":"https:\/\/senoticias.com.br\/se\/wp-json\/wp\/v2\/posts\/101405\/revisions"}],"wp:featuredmedia":[{"embeddable":true,"href":"https:\/\/senoticias.com.br\/se\/wp-json\/wp\/v2\/media\/89514"}],"wp:attachment":[{"href":"https:\/\/senoticias.com.br\/se\/wp-json\/wp\/v2\/media?parent=101405"}],"wp:term":[{"taxonomy":"category","embeddable":true,"href":"https:\/\/senoticias.com.br\/se\/wp-json\/wp\/v2\/categories?post=101405"},{"taxonomy":"post_tag","embeddable":true,"href":"https:\/\/senoticias.com.br\/se\/wp-json\/wp\/v2\/tags?post=101405"}],"curies":[{"name":"wp","href":"https:\/\/api.w.org\/{rel}","templated":true}]}}