{"id":101403,"date":"2017-03-10T19:42:27","date_gmt":"2017-03-10T22:42:27","guid":{"rendered":"http:\/\/senoticias.com.br\/se\/?p=101403"},"modified":"2017-03-12T10:27:30","modified_gmt":"2017-03-12T13:27:30","slug":"policia-civil-detalha-prisao-de-tres-traficantes-de-drogas-interestadual","status":"publish","type":"post","link":"https:\/\/senoticias.com.br\/se\/policia-civil-detalha-prisao-de-tres-traficantes-de-drogas-interestadual\/","title":{"rendered":"Pol\u00edcia Civil detalha pris\u00e3o de tr\u00eas traficantes de drogas interestadual"},"content":{"rendered":"<p style=\"text-align: justify;\">A Secretaria da Seguran\u00e7a P\u00fablica (SSP) realizou na manh\u00e3 desta sexta-feira, 10, na sede do Complexo de Opera\u00e7\u00f5es Policiais Especiais (Cope) uma coletiva detalhando a pris\u00e3o de tr\u00eas traficantes de drogas interestaduais.<\/p>\n<div id=\"attachment_101404\" style=\"width: 609px\" class=\"wp-caption aligncenter\"><img loading=\"lazy\" decoding=\"async\" aria-describedby=\"caption-attachment-101404\" class=\"size-full wp-image-101404\" src=\"http:\/\/senoticias.com.br\/se\/wp-content\/uploads\/2017\/03\/Drogas-estancia-senoticias-e1489185684535.jpeg\" alt=\"Os suspeitos tentavam levar drogas de Recife para Campo Grande\" width=\"599\" height=\"449\" \/><p id=\"caption-attachment-101404\" class=\"wp-caption-text\">Os suspeitos tentavam levar drogas de Recife para Campo Grande. (Foto: SSP\/SE)<\/p><\/div>\n<p style=\"text-align: justify;\">Guilherme Bezerra, 26 anos, Reginaldo Dantas, 28 anos, e Fabiana Alfonso foram presos pela Pol\u00edcia Civil, na BR 101, nos arredores de Est\u00e2ncia, oriundos dos estados de Rond\u00f4nia e Mato Grosso do Sul. O ve\u00edculo foi interceptado na rodovia, ap\u00f3s den\u00fancia an\u00f4nima, e com eles foram encontrados 500 gramas de maconha prensada, coca\u00edna, cartelas de LSD, mil e cinquenta reais em dinheiro, dois notebooks, um equipamento utilizado para aplicar golpes banc\u00e1rios e v\u00e1rios cart\u00f5es de cr\u00e9dito.<\/p>\n<p style=\"text-align: justify;\">Segundo informa\u00e7\u00f5es repassadas pelo delegado Hugo Leonardo, respons\u00e1vel pelo caso, o trio estava em Recife durante o carnaval, com o intuito de traficar drogas no festejo e aplicar golpes nos bancos locais. \u201c Temos a informa\u00e7\u00e3o que eles conseguiram lesar uma ag\u00eancia em cerca de R$80 mil reais. Eles possuem um hist\u00f3rico de grandes transa\u00e7\u00f5es financeiras, inclusive verificamos isso em suas redes sociais. Eles estavam em Pernambuco, local onde adquiriram as drogas, mas possuem liga\u00e7\u00f5es com o tr\u00e1fico em outros estados, em Rond\u00f4nia e no Mato Grosso do Sul. N\u00f3s, at\u00e9 mesmo,\u00a0 j\u00e1 identificamos dois dos receptadores aos quais as drogas eram endere\u00e7adas\u201d, explica o delegado.<\/p>\n<p style=\"text-align: justify;\">O trio pagou R$19 mil em esp\u00e9cie em um carro com placa de Recife, apreendido na opera\u00e7\u00e3o por ser fruto de dinheiro il\u00edcito. Os dois homens s\u00e3o amigos e j\u00e1 possuem passagens pelo sistema prisional, um por Goi\u00e1s e outro por S\u00e3o Paulo. Reginaldo foi preso anteriormente por recepta\u00e7\u00e3o e uso de documento falsificado, enquanto Guilherme j\u00e1 foi preso tamb\u00e9m por tr\u00e1fico de drogas. Fabiana por sua vez \u00e9 namorada de Reginaldo, a maioria da droga apreendida foi encontrada em sua bagagem. \u201cEles estavam apenas de passagem por Sergipe. O destino final deles era Campo Grande, local onde residem. N\u00f3s vamos indici\u00e1-los por tr\u00e1fico e associa\u00e7\u00e3o para o tr\u00e1fico e assim que tivermos comprova\u00e7\u00e3o de v\u00edtimas desses golpes que eles aplicaram tamb\u00e9m responder\u00e3o por eles. Agora s\u00f3 estamos aguardando a decis\u00e3o judicial para transferi-los de Est\u00e2ncia para o pres\u00eddio aqui em Aracaju\u201d, reitera o delegado Hugo Leonardo.<\/p>\n<p style=\"text-align: justify;\"><img loading=\"lazy\" decoding=\"async\" class=\"aligncenter size-full wp-image-101307\" src=\"http:\/\/senoticias.com.br\/se\/wp-content\/uploads\/2017\/03\/Logo-fone-1-2-1-2-4-1.jpg\" alt=\"Logo-fone-1-2-1-2-4\" width=\"599\" height=\"78\" srcset=\"https:\/\/senoticias.com.br\/se\/wp-content\/uploads\/2017\/03\/Logo-fone-1-2-1-2-4-1.jpg 599w, https:\/\/senoticias.com.br\/se\/wp-content\/uploads\/2017\/03\/Logo-fone-1-2-1-2-4-1-300x39.jpg 300w\" sizes=\"(max-width: 599px) 100vw, 599px\" \/><\/p>\n<p style=\"text-align: justify;\"><strong>Acompanhe tamb\u00e9m o SE Not\u00edcias no <a href=\"https:\/\/twitter.com\/Senoticias\">Twitter<\/a>, <a href=\"https:\/\/www.facebook.com\/PortalSENoticias\/?ref=page_internal\">Facebook <\/a>e no <a href=\"https:\/\/www.instagram.com\/senoticias\/\">Instagram<\/a><\/strong><\/p>\n<p style=\"text-align: justify;\"><em><strong>Ascom\/SSP\/SE<\/strong><\/em><\/p>\n","protected":false},"excerpt":{"rendered":"<p>A Secretaria da Seguran\u00e7a P\u00fablica (SSP) realizou na manh\u00e3 desta sexta-feira, 10, na sede do Complexo de Opera\u00e7\u00f5es Policiais Especiais (Cope) uma coletiva detalhando a pris\u00e3o de tr\u00eas traficantes de drogas interestaduais. Guilherme Bezerra, 26 anos, Reginaldo Dantas, 28 anos, e Fabiana Alfonso foram presos pela Pol\u00edcia Civil, na BR 101, nos arredores de Est\u00e2ncia, [&hellip;]<\/p>\n","protected":false},"author":2,"featured_media":101404,"comment_status":"closed","ping_status":"closed","sticky":false,"template":"","format":"standard","meta":{"footnotes":""},"categories":[7],"tags":[],"class_list":{"0":"post-101403","1":"post","2":"type-post","3":"status-publish","4":"format-standard","5":"has-post-thumbnail","7":"category-policia"},"_links":{"self":[{"href":"https:\/\/senoticias.com.br\/se\/wp-json\/wp\/v2\/posts\/101403"}],"collection":[{"href":"https:\/\/senoticias.com.br\/se\/wp-json\/wp\/v2\/posts"}],"about":[{"href":"https:\/\/senoticias.com.br\/se\/wp-json\/wp\/v2\/types\/post"}],"author":[{"embeddable":true,"href":"https:\/\/senoticias.com.br\/se\/wp-json\/wp\/v2\/users\/2"}],"replies":[{"embeddable":true,"href":"https:\/\/senoticias.com.br\/se\/wp-json\/wp\/v2\/comments?post=101403"}],"version-history":[{"count":0,"href":"https:\/\/senoticias.com.br\/se\/wp-json\/wp\/v2\/posts\/101403\/revisions"}],"wp:featuredmedia":[{"embeddable":true,"href":"https:\/\/senoticias.com.br\/se\/wp-json\/wp\/v2\/media\/101404"}],"wp:attachment":[{"href":"https:\/\/senoticias.com.br\/se\/wp-json\/wp\/v2\/media?parent=101403"}],"wp:term":[{"taxonomy":"category","embeddable":true,"href":"https:\/\/senoticias.com.br\/se\/wp-json\/wp\/v2\/categories?post=101403"},{"taxonomy":"post_tag","embeddable":true,"href":"https:\/\/senoticias.com.br\/se\/wp-json\/wp\/v2\/tags?post=101403"}],"curies":[{"name":"wp","href":"https:\/\/api.w.org\/{rel}","templated":true}]}}