{"id":101401,"date":"2017-03-10T19:34:04","date_gmt":"2017-03-10T22:34:04","guid":{"rendered":"http:\/\/senoticias.com.br\/se\/?p=101401"},"modified":"2017-03-11T20:10:49","modified_gmt":"2017-03-11T23:10:49","slug":"batalhao-de-choque-da-policia-militar-faz-treinamento-na-escola-de-gestao-penitenciaria","status":"publish","type":"post","link":"https:\/\/senoticias.com.br\/se\/batalhao-de-choque-da-policia-militar-faz-treinamento-na-escola-de-gestao-penitenciaria\/","title":{"rendered":"Batalh\u00e3o de Choque da Pol\u00edcia Militar  faz treinamento na Escola de Gest\u00e3o Penitenci\u00e1ria"},"content":{"rendered":"<p>&nbsp;<\/p>\n<p>&nbsp;<\/p>\n<p style=\"text-align: justify;\">O Batalh\u00e3o de Choque da Pol\u00edcia Militar utilizou hoje, 10, as instala\u00e7\u00f5es da Escola de Gest\u00e3o Penitenci\u00e1ria (Egesp), no bairro Am\u00e9rica, para o treinamento de 28 dos 150 policiais que integram a unidade. Eles aprimoraram as t\u00e9cnicas de agrupamento, uso de bombas de conten\u00e7\u00e3o, balas de borracha e sprays.<\/p>\n<div id=\"attachment_101402\" style=\"width: 609px\" class=\"wp-caption aligncenter\"><img loading=\"lazy\" decoding=\"async\" aria-describedby=\"caption-attachment-101402\" class=\"size-full wp-image-101402\" src=\"http:\/\/senoticias.com.br\/se\/wp-content\/uploads\/2017\/03\/Batalhao-de-Choque-senoticias-e1489185122817.jpg\" alt=\"Choque faz treinamento na Egesp\" width=\"599\" height=\"392\" \/><p id=\"caption-attachment-101402\" class=\"wp-caption-text\">Choque faz treinamento na Egesp. (Foto:\u00a0<span style=\"font-size: 16px;\">Carolina Matias \/ Ascom Sejuc)<\/span><\/p><\/div>\n<p style=\"text-align: justify;\">Segundo o comandante do Batalh\u00e3o de Choque, major Fl\u00e1vio Ervilha, \u201co treinamento \u00e9 realizado para que quando demandado por uma autoridade judici\u00e1ria, consigamos manter e restabelecer a ordem p\u00fablica, que pode ser em pres\u00eddios, nas ruas, manifesta\u00e7\u00f5es e reintegra\u00e7\u00e3o de posse\u201d.<\/p>\n<p style=\"text-align: justify;\">O diretor da Egesp, Delm\u00e1rio Magalh\u00e3es, explica que \u201co intuito \u00e9 fazer a integra\u00e7\u00e3o de todas as for\u00e7as de seguran\u00e7a, inclusive For\u00e7a Nacional j\u00e1 solicitou local para fazer o treinamento\u201d.<\/p>\n<p style=\"text-align: justify;\">A Egesp tem um planejamento de cursos para o ano de 2017 e vai inaugurar no final deste m\u00eas o Centro de Treinamento e ao mesmo tempo disponibilizar um novo site para maior facilidade dos agentes e policiais se inscreverem nos cursos e obterem o certificado.<\/p>\n<p style=\"text-align: justify;\">Ap\u00f3s a autoriza\u00e7\u00e3o do secret\u00e1rio Cristiano Barreto um dos cursos que ser\u00e3o realizados e disponibilizados pela Egesp ser\u00e1 de instrutor de tiros com credenciamento pela Pol\u00edcia Federal. ser\u00e3o enviados tamb\u00e9m alguns servidores para a participa\u00e7\u00e3o no curso de armeiro.<\/p>\n<p style=\"text-align: justify;\">Na pr\u00f3xima segunda-feira, 13, \u00e0s 8 horas da manh\u00e3, ser\u00e1 realizado um teste de aptid\u00e3o f\u00edsica com os agentes e guardas prisionais candidatos para o curso de interven\u00e7\u00e3o prisional que ser\u00e1 realizado em Bras\u00edlia com o Grupo de Opera\u00e7\u00f5es Especiais local da Diretoria Penitenci\u00e1ria de Opera\u00e7\u00f5es Especiais (DEPOE). Quando retornarem a Sergipe, esses candidatos ir\u00e3o compor a equipe t\u00e1tica do Grupo de Opera\u00e7\u00f5es Penitenci\u00e1rias Especiais (GOPE) e multiplicar as informa\u00e7\u00f5es com os demais servidores.<\/p>\n<p style=\"text-align: justify;\"><img loading=\"lazy\" decoding=\"async\" class=\"aligncenter size-full wp-image-101307\" src=\"http:\/\/senoticias.com.br\/se\/wp-content\/uploads\/2017\/03\/Logo-fone-1-2-1-2-4-1.jpg\" alt=\"Logo-fone-1-2-1-2-4\" width=\"599\" height=\"78\" srcset=\"https:\/\/senoticias.com.br\/se\/wp-content\/uploads\/2017\/03\/Logo-fone-1-2-1-2-4-1.jpg 599w, https:\/\/senoticias.com.br\/se\/wp-content\/uploads\/2017\/03\/Logo-fone-1-2-1-2-4-1-300x39.jpg 300w\" sizes=\"(max-width: 599px) 100vw, 599px\" \/><\/p>\n<p style=\"text-align: justify;\"><strong>Acompanhe tamb\u00e9m o SE Not\u00edcias no <a href=\"https:\/\/twitter.com\/Senoticias\">Twitter<\/a>, <a href=\"https:\/\/www.facebook.com\/PortalSENoticias\/\">Facebook<\/a> e no <a href=\"https:\/\/www.instagram.com\/senoticias\/\">Instagram<\/a><\/strong><\/p>\n<p style=\"text-align: justify;\"><em>por Ant\u00f4nio Carlos Garcia, da Assessoria de Imprensa<\/em><\/p>\n","protected":false},"excerpt":{"rendered":"<p>&nbsp; &nbsp; O Batalh\u00e3o de Choque da Pol\u00edcia Militar utilizou hoje, 10, as instala\u00e7\u00f5es da Escola de Gest\u00e3o Penitenci\u00e1ria (Egesp), no bairro Am\u00e9rica, para o treinamento de 28 dos 150 policiais que integram a unidade. Eles aprimoraram as t\u00e9cnicas de agrupamento, uso de bombas de conten\u00e7\u00e3o, balas de borracha e sprays. Segundo o comandante do [&hellip;]<\/p>\n","protected":false},"author":2,"featured_media":101402,"comment_status":"closed","ping_status":"closed","sticky":false,"template":"","format":"standard","meta":{"footnotes":""},"categories":[7],"tags":[],"class_list":{"0":"post-101401","1":"post","2":"type-post","3":"status-publish","4":"format-standard","5":"has-post-thumbnail","7":"category-policia"},"_links":{"self":[{"href":"https:\/\/senoticias.com.br\/se\/wp-json\/wp\/v2\/posts\/101401"}],"collection":[{"href":"https:\/\/senoticias.com.br\/se\/wp-json\/wp\/v2\/posts"}],"about":[{"href":"https:\/\/senoticias.com.br\/se\/wp-json\/wp\/v2\/types\/post"}],"author":[{"embeddable":true,"href":"https:\/\/senoticias.com.br\/se\/wp-json\/wp\/v2\/users\/2"}],"replies":[{"embeddable":true,"href":"https:\/\/senoticias.com.br\/se\/wp-json\/wp\/v2\/comments?post=101401"}],"version-history":[{"count":0,"href":"https:\/\/senoticias.com.br\/se\/wp-json\/wp\/v2\/posts\/101401\/revisions"}],"wp:featuredmedia":[{"embeddable":true,"href":"https:\/\/senoticias.com.br\/se\/wp-json\/wp\/v2\/media\/101402"}],"wp:attachment":[{"href":"https:\/\/senoticias.com.br\/se\/wp-json\/wp\/v2\/media?parent=101401"}],"wp:term":[{"taxonomy":"category","embeddable":true,"href":"https:\/\/senoticias.com.br\/se\/wp-json\/wp\/v2\/categories?post=101401"},{"taxonomy":"post_tag","embeddable":true,"href":"https:\/\/senoticias.com.br\/se\/wp-json\/wp\/v2\/tags?post=101401"}],"curies":[{"name":"wp","href":"https:\/\/api.w.org\/{rel}","templated":true}]}}