{"id":101399,"date":"2017-03-10T19:14:09","date_gmt":"2017-03-10T22:14:09","guid":{"rendered":"http:\/\/senoticias.com.br\/se\/?p=101399"},"modified":"2017-03-10T19:14:10","modified_gmt":"2017-03-10T22:14:10","slug":"governo-do-estado-abre-processo-seletivo-simplificado-para-educacao-especial","status":"publish","type":"post","link":"https:\/\/senoticias.com.br\/se\/governo-do-estado-abre-processo-seletivo-simplificado-para-educacao-especial\/","title":{"rendered":"Governo do Estado abre Processo Seletivo Simplificado para Educa\u00e7\u00e3o Especial"},"content":{"rendered":"<div class=\"adn ads\">\n<div class=\"gs\">\n<div id=\":15o\" class=\"ii gt adP adO\">\n<div id=\":15n\" class=\"a3s aXjCH m15aba139d39df69e\">\n<div>\n<div class=\"m_6154893839078431811mb-30 m_6154893839078431811row\">\n<div class=\"m_6154893839078431811col-lg-12 m_6154893839078431811col-md-12 m_6154893839078431811col-sm-12 m_6154893839078431811col-xs-12\">\n<div class=\"m_6154893839078431811abstract\">\n<p style=\"text-align: justify;\">As secretarias de Estado do Planejamento, Or\u00e7amento e Gest\u00e3o (Seplag), e da Educa\u00e7\u00e3o (Seed) divulgam edital para o Processo Seletivo Simplificado que visa contrata\u00e7\u00e3o tempor\u00e1ria de 43 professores de Educa\u00e7\u00e3o B\u00e1sica, que dever\u00e3o atuar na \u00e1rea de Educa\u00e7\u00e3o Especial. O edital ser\u00e1 publicado\u00a0no\u00a0Di\u00e1rio Oficial dessa\u00a0segunda-feira, 13.<\/p>\n<div id=\"attachment_101400\" style=\"width: 609px\" class=\"wp-caption aligncenter\"><img loading=\"lazy\" decoding=\"async\" aria-describedby=\"caption-attachment-101400\" class=\"size-full wp-image-101400\" src=\"http:\/\/senoticias.com.br\/se\/wp-content\/uploads\/2017\/03\/processo-seletivo-estado-professor-especial-senoticias-e1489183906533.jpg\" alt=\"Professores dever\u00e3o atuar na sala de recursos multifuncionais e no aux\u00edlio a alunos surdos\" width=\"599\" height=\"372\" \/><p id=\"caption-attachment-101400\" class=\"wp-caption-text\">Professores dever\u00e3o atuar na sala de recursos multifuncionais e no aux\u00edlio a alunos surdos. (Foto: Maria Od\u00edlia)<\/p><\/div>\n<p style=\"text-align: justify;\">As vagas s\u00e3o divididas em dois grupos, sendo 22 para atua\u00e7\u00e3o na Sala de Recursos Multifuncionais e mais 21 para ensino fundamental menor com alunos surdos. As vagas est\u00e3o distribu\u00eddas por todas as Diretorias Regionais de Educa\u00e7\u00e3o (DRE\u2019s).<\/p>\n<p style=\"text-align: justify;\">De acordo com a gerente geral de Recrutamento, Sele\u00e7\u00e3o e Acompanhamento de servidores do Estado, Z\u00e9lia Ap\u00f3stolo, o PSS deve ocorrer de forma bastante objetiva, para que os profissionais aprovados possam ingressar em sala de aula o quanto antes. \u201cAs inscri\u00e7\u00f5es iniciar\u00e3o na segunda-feira, 13, e j\u00e1 no dia 03 de abril pretendemos fazer\u00a0a homologa\u00e7\u00e3o do certame\u201d, explica.<\/p>\n<p style=\"text-align: justify;\">A remunera\u00e7\u00e3o varia entre R$ 2.011,45 para 125 horas\/aula, R$ 2.574,66, para 160 horas\/aula e R$ 3.128,32 no desempenho da carga hor\u00e1ria de 200 horas. O edital completo est\u00e1 dispon\u00edvel\u00a0<strong><a href=\"http:\/\/seplag.se.gov.br\/index.php\/concursos\/concursos-em-andamento\/secretaria-de-estado-da-educacao-seed\/\" target=\"_blank\" data-saferedirecturl=\"https:\/\/www.google.com\/url?hl=pt-BR&amp;q=http:\/\/seplag.se.gov.br\/index.php\/concursos\/concursos-em-andamento\/secretaria-de-estado-da-educacao-seed\/&amp;source=gmail&amp;ust=1489269320916000&amp;usg=AFQjCNEfQN5aZH8Xq5zntzvJ8lLYwNUcCQ\">aqui<\/a>.<\/strong><\/p>\n<p style=\"text-align: justify;\"><strong>Inscri\u00e7\u00f5es<\/strong><\/p>\n<p style=\"text-align: justify;\">Para se inscrever, o candidato dever\u00e1 acessar o portal da Seplag, onde constam o Edital, a Ficha de Inscri\u00e7\u00e3o\u00a0<em>on-line<\/em>\u00a0e os procedimentos necess\u00e1rios \u00e0 efetiva\u00e7\u00e3o da inscri\u00e7\u00e3o e\u00a0<em>upload<\/em>\u00a0da documenta\u00e7\u00e3o. A inscri\u00e7\u00e3o pela Internet estar\u00e1 dispon\u00edvel ininterruptamente, desde as 10 horas do dia 13 de mar\u00e7o at\u00e9 \u00e0s 17 horas do dia 16 de mar\u00e7o. O candidato dever\u00e1 ler e seguir atentamente as orienta\u00e7\u00f5es para formaliza\u00e7\u00e3o de sua inscri\u00e7\u00e3o, tomando todo o cuidado com a confirma\u00e7\u00e3o dos dados preenchidos.<\/p>\n<p style=\"text-align: justify;\">\u00c9 importante lembrar que s\u00f3 ser\u00e1 permitida a inscri\u00e7\u00e3o em um dos cargos.\u00a0\u201cSe o candidato realizar a inscri\u00e7\u00e3o e perceber que errou na escolha do cargo ou lota\u00e7\u00e3o, poder\u00e1, no prazo de at\u00e9 24 horas, cancel\u00e1-la e efetivar nova inscri\u00e7\u00e3o\u201d, completa Z\u00e9lia Ap\u00f3stolo, ressaltando ainda a import\u00e2ncia dos interessados lerem atentamente a todos os itens do edital.<\/p>\n<p style=\"text-align: justify;\">Das vagas atuais e das que vierem a surgir em uma Diretoria de Educa\u00e7\u00e3o (DEA ou DRE), 20% (vinte por cento) ser\u00e3o reservadas \u00e0s pessoas com defici\u00eancia. Sendo assim, fica assegurado \u00e0s pessoas com defici\u00eancia o direito de inscri\u00e7\u00e3o na presente sele\u00e7\u00e3o, desde que a defici\u00eancia seja compat\u00edvel com a fun\u00e7\u00e3o para a qual o candidato deseja se inscrever.<\/p>\n<p style=\"text-align: justify;\">J\u00e1 os candidatos que pretendem concorrer \u00e0 lista preferencial para as unidades escolares de comunidades quilombolas ou ind\u00edgenas dever\u00e1, sob as penas da lei, declarar-se como pertencente \u00e0 comunidade no ato de inscri\u00e7\u00e3o. Caso o candidato n\u00e3o apresente a declara\u00e7\u00e3o de pertencimento ou esta n\u00e3o seja declarada v\u00e1lida pela Comiss\u00e3o de Avalia\u00e7\u00e3o, o candidato ser\u00e1 exclu\u00eddo da listagem preferencial, passando a constar somente da listagem de ampla concorr\u00eancia.<\/p>\n<p><strong>Atribui\u00e7\u00f5es<\/strong><\/p>\n<p style=\"text-align: justify;\">Professores de Sala de Recursos Multifuncionais ter\u00e3o como atividades a participa\u00e7\u00e3o na elabora\u00e7\u00e3o da proposta pedag\u00f3gica dos estabelecimentos de ensino; elabora\u00e7\u00e3o e cumprimento do plano de trabalho, segundo a proposta pedag\u00f3gica do estabelecimento de ensino; zelar pela aprendizagem dos alunos; cumprir os dias letivos e horas-aula estabelecidos, al\u00e9m de participar integralmente dos per\u00edodos dedicados ao planejamento, \u00e0 avalia\u00e7\u00e3o e ao desenvolvimento profissional.<\/p>\n<p style=\"text-align: justify;\">Os educadores dever\u00e3o ainda identificar, elaborar, produzir e organizar servi\u00e7os, recursos pedag\u00f3gicos, de acessibilidade e estrat\u00e9gias considerando as necessidades espec\u00edficas dos alunos p\u00fablico alvo da Educa\u00e7\u00e3o Especial; elaborar e executar o Plano de Atendimento Educacional Especializado, avaliando a funcionalidade e a aplicabilidade dos recursos pedag\u00f3gicos e de acessibilidade; organizar o tipo e o n\u00famero de atendimentos aos alunos na sala de recursos multifuncionais; acompanhar a funcionalidade e a aplicabilidade dos recursos pedag\u00f3gicos e de acessibilidade na sala de aula do ensino regular, bem como em outros ambientes da escola; entre outras atividades.<\/p>\n<p style=\"text-align: justify;\">Os professores da educa\u00e7\u00e3o fundamental menor com alunos surdos dever\u00e3o exercer\u00a0as mesmas atribui\u00e7\u00f5es, com \u00eanfase na colabora\u00e7\u00e3o com o professor regente em turmas com alunos surdos.<\/p>\n<div class=\"yj6qo\"><img loading=\"lazy\" decoding=\"async\" class=\"aligncenter size-full wp-image-101307\" src=\"http:\/\/senoticias.com.br\/se\/wp-content\/uploads\/2017\/03\/Logo-fone-1-2-1-2-4-1.jpg\" alt=\"Logo-fone-1-2-1-2-4\" width=\"599\" height=\"78\" srcset=\"https:\/\/senoticias.com.br\/se\/wp-content\/uploads\/2017\/03\/Logo-fone-1-2-1-2-4-1.jpg 599w, https:\/\/senoticias.com.br\/se\/wp-content\/uploads\/2017\/03\/Logo-fone-1-2-1-2-4-1-300x39.jpg 300w\" sizes=\"(max-width: 599px) 100vw, 599px\" \/><\/div>\n<\/div>\n<\/div>\n<\/div>\n<\/div>\n<\/div>\n<\/div>\n<\/div>\n<\/div>\n<div class=\"yj6qo\"><\/div>\n<div class=\"yj6qo\"><strong>Acompanhe tamb\u00e9m o SE Not\u00edcias no <a href=\"https:\/\/twitter.com\/Senoticias\">Twitter<\/a>, <a href=\"https:\/\/www.facebook.com\/PortalSENoticias\/\">Facebook<\/a> e no <a href=\"https:\/\/www.instagram.com\/senoticias\/\">Instagram<\/a><\/strong><\/div>\n<div class=\"yj6qo\"><em>Ascom\/Seed<\/em><\/div>\n<div class=\"adn ads\">\n<div class=\"gs\">\n<div id=\":16h\" class=\"hq gt a10\">\n<div class=\"a3I\"><\/div>\n<\/div>\n<\/div>\n<\/div>\n<div class=\"gA gt acV\"><\/div>\n","protected":false},"excerpt":{"rendered":"<p>As secretarias de Estado do Planejamento, Or\u00e7amento e Gest\u00e3o (Seplag), e da Educa\u00e7\u00e3o (Seed) divulgam edital para o Processo Seletivo Simplificado que visa contrata\u00e7\u00e3o tempor\u00e1ria de 43 professores de Educa\u00e7\u00e3o B\u00e1sica, que dever\u00e3o atuar na \u00e1rea de Educa\u00e7\u00e3o Especial. O edital ser\u00e1 publicado\u00a0no\u00a0Di\u00e1rio Oficial dessa\u00a0segunda-feira, 13. As vagas s\u00e3o divididas em dois grupos, sendo 22 [&hellip;]<\/p>\n","protected":false},"author":2,"featured_media":101400,"comment_status":"closed","ping_status":"closed","sticky":false,"template":"","format":"standard","meta":{"footnotes":""},"categories":[9,15],"tags":[],"class_list":{"0":"post-101399","1":"post","2":"type-post","3":"status-publish","4":"format-standard","5":"has-post-thumbnail","7":"category-concursos","8":"category-destaques"},"_links":{"self":[{"href":"https:\/\/senoticias.com.br\/se\/wp-json\/wp\/v2\/posts\/101399"}],"collection":[{"href":"https:\/\/senoticias.com.br\/se\/wp-json\/wp\/v2\/posts"}],"about":[{"href":"https:\/\/senoticias.com.br\/se\/wp-json\/wp\/v2\/types\/post"}],"author":[{"embeddable":true,"href":"https:\/\/senoticias.com.br\/se\/wp-json\/wp\/v2\/users\/2"}],"replies":[{"embeddable":true,"href":"https:\/\/senoticias.com.br\/se\/wp-json\/wp\/v2\/comments?post=101399"}],"version-history":[{"count":0,"href":"https:\/\/senoticias.com.br\/se\/wp-json\/wp\/v2\/posts\/101399\/revisions"}],"wp:featuredmedia":[{"embeddable":true,"href":"https:\/\/senoticias.com.br\/se\/wp-json\/wp\/v2\/media\/101400"}],"wp:attachment":[{"href":"https:\/\/senoticias.com.br\/se\/wp-json\/wp\/v2\/media?parent=101399"}],"wp:term":[{"taxonomy":"category","embeddable":true,"href":"https:\/\/senoticias.com.br\/se\/wp-json\/wp\/v2\/categories?post=101399"},{"taxonomy":"post_tag","embeddable":true,"href":"https:\/\/senoticias.com.br\/se\/wp-json\/wp\/v2\/tags?post=101399"}],"curies":[{"name":"wp","href":"https:\/\/api.w.org\/{rel}","templated":true}]}}