{"id":101397,"date":"2017-03-10T17:41:41","date_gmt":"2017-03-10T20:41:41","guid":{"rendered":"http:\/\/senoticias.com.br\/se\/?p=101397"},"modified":"2017-03-10T17:41:41","modified_gmt":"2017-03-10T20:41:41","slug":"temer-diz-que-quer-ser-lembrado-na-historia-por-promover-as-reformas-necessarias","status":"publish","type":"post","link":"https:\/\/senoticias.com.br\/se\/temer-diz-que-quer-ser-lembrado-na-historia-por-promover-as-reformas-necessarias\/","title":{"rendered":"Temer diz que quer ser lembrado na hist\u00f3ria por promover as reformas necess\u00e1rias"},"content":{"rendered":"<p style=\"text-align: justify;\">O presidente Michel Temer disse que quer ser lembrado na hist\u00f3ria pelo servi\u00e7o que prestou ao pa\u00eds promovendo as reformas necess\u00e1rias. Em entrevista \u00e0 r\u00e1dio CBN, ele negou se candidatar \u00e0 reelei\u00e7\u00e3o em 2018 mesmo que as mudan\u00e7as estruturais encaminhadas por ele sejam aprovadas e o Brasil esteja em uma situa\u00e7\u00e3o melhor.<\/p>\n<div id=\"attachment_101398\" style=\"width: 609px\" class=\"wp-caption aligncenter\"><img loading=\"lazy\" decoding=\"async\" aria-describedby=\"caption-attachment-101398\" class=\"size-full wp-image-101398\" src=\"http:\/\/senoticias.com.br\/se\/wp-content\/uploads\/2017\/03\/SENot\u00edcias-7.jpg\" alt=\"Foto: Reprodu\u00e7\u00e3o \" width=\"599\" height=\"399\" srcset=\"https:\/\/senoticias.com.br\/se\/wp-content\/uploads\/2017\/03\/SENot\u00edcias-7.jpg 599w, https:\/\/senoticias.com.br\/se\/wp-content\/uploads\/2017\/03\/SENot\u00edcias-7-300x200.jpg 300w, https:\/\/senoticias.com.br\/se\/wp-content\/uploads\/2017\/03\/SENot\u00edcias-7-90x60.jpg 90w, https:\/\/senoticias.com.br\/se\/wp-content\/uploads\/2017\/03\/SENot\u00edcias-7-180x120.jpg 180w, https:\/\/senoticias.com.br\/se\/wp-content\/uploads\/2017\/03\/SENot\u00edcias-7-95x64.jpg 95w\" sizes=\"(max-width: 599px) 100vw, 599px\" \/><p id=\"caption-attachment-101398\" class=\"wp-caption-text\">Foto: Reprodu\u00e7\u00e3o<\/p><\/div>\n<p style=\"text-align: justify;\">De acordo com o presidente, o ex-deputado Eduardo Cunha (PMDB-RJ), que est\u00e1 preso em Curitiba pela Opera\u00e7\u00e3o Lava Jato, n\u00e3o tem \u201cinflu\u00eancia nenhuma\u201d no governo. Ao repetir a promessa de afastar provisoriamente os ministros que forem denunciados por fatos relativos \u00e0 opera\u00e7\u00e3o, Temer disse que a sa\u00edda tempor\u00e1ria ser\u00e1 \u201cevidentemente sem subs\u00eddios\u201d.<\/p>\n<p style=\"text-align: justify;\">\u201cSe eu chegar ao fim do governo nessas condi\u00e7\u00f5es [aprova\u00e7\u00e3o das reformas e recupera\u00e7\u00e3o econ\u00f4mica], e tenho quase que absoluta certeza que chegarei, a \u00fanica coisa que quero \u00e9 ser reconhecido pela hist\u00f3ria. Quero ser recordado pelo servi\u00e7o que fa\u00e7o ao meu pa\u00eds, e ser reconhecido como quem prestou um servi\u00e7o pelo pa\u00eds\u201d, afirmou, negando que ser\u00e1 mordido pela \u201cmosca azul\u201d do poder, como indagou o jornalista Jorge Bastos Moreno, na entrevista.<\/p>\n<p style=\"text-align: justify;\"><strong>Reforma da Previd\u00eancia<\/strong><\/p>\n<p style=\"text-align: justify;\">Sobre as dificuldades para aprova\u00e7\u00e3o da reforma da Previd\u00eancia, o presidente voltou a defender que ela seja aprovada \u201ctal como est\u00e1\u201d no Congresso Nacional. Segundo ele, o governo federal encaminhou a proposta que \u201cacha necess\u00e1rio para que o Brasil n\u00e3o se transforme [fique com situa\u00e7\u00e3o semelhante] em estados como Rio de Janeiro, Rio Grande do Sul e Minas Gerais\u201d, que est\u00e3o com &#8220;enormes dificuldades&#8221; no or\u00e7amento previdenci\u00e1rio.<\/p>\n<p style=\"text-align: justify;\">&#8220;O Brasil n\u00e3o pode, daqui a quatro, cinco anos, transformar-se numa figura como est\u00e3o os estados brasileiros&#8221;, disse.<\/p>\n<p style=\"text-align: justify;\">Questionado sobre as cr\u00edticas do l\u00edder do PMDB no Senado, Renan Calheiros, segundo quem o ex-presidente da C\u00e2mara Eduardo Cunha est\u00e1 ocupando espa\u00e7o no governo, o presidente negou. \u201cAbsolutamente n\u00e3o existe [influ\u00eancia]. Imagine se o Eduardo Cunha, que est\u00e1 distante, pode influenciar alguma coisa aqui? N\u00e3o tem influ\u00eancia nenhuma\u201d, respondeu.<\/p>\n<p style=\"text-align: justify;\">Segundo ele, Renan Calheiros, que comandou o Senado at\u00e9 fevereiro deste ano, tem dialogado permanentemente com o governo. \u201cTenho certeza de que ele vai continuar nos ajudando. Vai nos ajudar na aprova\u00e7\u00e3o das reformas. Tenho certeza que nossa rela\u00e7\u00e3o vai continuar s\u00f3lida\u201d, disse.<\/p>\n<p style=\"text-align: justify;\"><strong>Acompanhe tamb\u00e9m o SE Not\u00edcias no <a href=\"https:\/\/twitter.com\/Senoticias\">Twitter<\/a>, <a href=\"https:\/\/www.facebook.com\/PortalSENoticias\/\">Facebook <\/a>e no <a href=\"https:\/\/www.instagram.com\/senoticias\/\">Instagram<\/a><\/strong><\/p>\n<p style=\"text-align: justify;\"><img loading=\"lazy\" decoding=\"async\" class=\"aligncenter size-full wp-image-101307\" src=\"http:\/\/senoticias.com.br\/se\/wp-content\/uploads\/2017\/03\/Logo-fone-1-2-1-2-4-1.jpg\" alt=\"Logo-fone-1-2-1-2-4\" width=\"599\" height=\"78\" srcset=\"https:\/\/senoticias.com.br\/se\/wp-content\/uploads\/2017\/03\/Logo-fone-1-2-1-2-4-1.jpg 599w, https:\/\/senoticias.com.br\/se\/wp-content\/uploads\/2017\/03\/Logo-fone-1-2-1-2-4-1-300x39.jpg 300w\" sizes=\"(max-width: 599px) 100vw, 599px\" \/><\/p>\n<p style=\"text-align: justify;\"><em>Da Ag\u00eancia Brasil<\/em><\/p>\n","protected":false},"excerpt":{"rendered":"<p>O presidente Michel Temer disse que quer ser lembrado na hist\u00f3ria pelo servi\u00e7o que prestou ao pa\u00eds promovendo as reformas necess\u00e1rias. Em entrevista \u00e0 r\u00e1dio CBN, ele negou se candidatar \u00e0 reelei\u00e7\u00e3o em 2018 mesmo que as mudan\u00e7as estruturais encaminhadas por ele sejam aprovadas e o Brasil esteja em uma situa\u00e7\u00e3o melhor. De acordo com [&hellip;]<\/p>\n","protected":false},"author":2,"featured_media":0,"comment_status":"closed","ping_status":"closed","sticky":false,"template":"","format":"standard","meta":{"footnotes":""},"categories":[6],"tags":[],"class_list":{"0":"post-101397","1":"post","2":"type-post","3":"status-publish","4":"format-standard","6":"category-politica"},"_links":{"self":[{"href":"https:\/\/senoticias.com.br\/se\/wp-json\/wp\/v2\/posts\/101397"}],"collection":[{"href":"https:\/\/senoticias.com.br\/se\/wp-json\/wp\/v2\/posts"}],"about":[{"href":"https:\/\/senoticias.com.br\/se\/wp-json\/wp\/v2\/types\/post"}],"author":[{"embeddable":true,"href":"https:\/\/senoticias.com.br\/se\/wp-json\/wp\/v2\/users\/2"}],"replies":[{"embeddable":true,"href":"https:\/\/senoticias.com.br\/se\/wp-json\/wp\/v2\/comments?post=101397"}],"version-history":[{"count":0,"href":"https:\/\/senoticias.com.br\/se\/wp-json\/wp\/v2\/posts\/101397\/revisions"}],"wp:attachment":[{"href":"https:\/\/senoticias.com.br\/se\/wp-json\/wp\/v2\/media?parent=101397"}],"wp:term":[{"taxonomy":"category","embeddable":true,"href":"https:\/\/senoticias.com.br\/se\/wp-json\/wp\/v2\/categories?post=101397"},{"taxonomy":"post_tag","embeddable":true,"href":"https:\/\/senoticias.com.br\/se\/wp-json\/wp\/v2\/tags?post=101397"}],"curies":[{"name":"wp","href":"https:\/\/api.w.org\/{rel}","templated":true}]}}