{"id":101395,"date":"2017-03-10T17:29:41","date_gmt":"2017-03-10T20:29:41","guid":{"rendered":"http:\/\/senoticias.com.br\/se\/?p=101395"},"modified":"2017-03-10T17:29:41","modified_gmt":"2017-03-10T20:29:41","slug":"jackson-barreto-inaugura-escola-profissionalizante-em-nossa-senhora-das-dores","status":"publish","type":"post","link":"https:\/\/senoticias.com.br\/se\/jackson-barreto-inaugura-escola-profissionalizante-em-nossa-senhora-das-dores\/","title":{"rendered":"Jackson Barreto inaugura escola profissionalizante em Nossa Senhora das Dores"},"content":{"rendered":"<p style=\"text-align: justify;\">Sergipe recebeu na manh\u00e3 desta sexta-feira, 10, uma nova escola profissionalizante, entregue pelo governador Jackson Barreto em Nossa Senhora das Dores. O Centro de Educa\u00e7\u00e3o Berila Alves de Almeida recebeu investimento na ordem de R$ 12.400.000 e oportunizar\u00e1 a profissionaliza\u00e7\u00e3o dos jovens, qualificando m\u00e3o de obra em Sergipe e promovendo melhores oportunidades de trabalho. A unidade de ensino ter\u00e1 forma\u00e7\u00e3o no eixo de agroind\u00fastria com cursos t\u00e9cnicos de n\u00edvel m\u00e9dio nas \u00e1reas de alimentos e bebidas, com capacidade para atender 500 alunos por turno.<\/p>\n<div id=\"attachment_101396\" style=\"width: 609px\" class=\"wp-caption aligncenter\"><img loading=\"lazy\" decoding=\"async\" aria-describedby=\"caption-attachment-101396\" class=\"size-full wp-image-101396\" src=\"http:\/\/senoticias.com.br\/se\/wp-content\/uploads\/2017\/03\/SENot\u00edcias-MCM_5678.jpg\" alt=\"Munic\u00edpio de Nossa Senhora das Dores recebeu centro de ensino que, fruto de um investimento de R$ 12.400.000 (Foto: Marcelle Cristinne\/ASN)\" width=\"599\" height=\"399\" srcset=\"https:\/\/senoticias.com.br\/se\/wp-content\/uploads\/2017\/03\/SENot\u00edcias-MCM_5678.jpg 599w, https:\/\/senoticias.com.br\/se\/wp-content\/uploads\/2017\/03\/SENot\u00edcias-MCM_5678-300x200.jpg 300w, https:\/\/senoticias.com.br\/se\/wp-content\/uploads\/2017\/03\/SENot\u00edcias-MCM_5678-90x60.jpg 90w, https:\/\/senoticias.com.br\/se\/wp-content\/uploads\/2017\/03\/SENot\u00edcias-MCM_5678-180x120.jpg 180w, https:\/\/senoticias.com.br\/se\/wp-content\/uploads\/2017\/03\/SENot\u00edcias-MCM_5678-95x64.jpg 95w\" sizes=\"(max-width: 599px) 100vw, 599px\" \/><p id=\"caption-attachment-101396\" class=\"wp-caption-text\">Munic\u00edpio de Nossa Senhora das Dores recebeu centro de ensino que, fruto de um investimento de R$ 12.400.000 (Foto: Marcelle Cristinne\/ASN)<\/p><\/div>\n<p style=\"text-align: justify;\">\n<p>Em seu discurso, o governador falou da import\u00e2ncia da aplica\u00e7\u00e3o de recursos na educa\u00e7\u00e3o para preparar as gera\u00e7\u00f5es futuras e destacou a grandiosidade da escola em Dores. &#8220;Essa obra foi feita para o povo de Dores. Hoje, quando cheguei aqui, as pessoas me diziam que isso n\u00e3o parecia uma escola, e sim uma universidade. Acho que o povo merece obras como essa. Posso dizer que n\u00e3o tem em Sergipe escola assim. Estou muito feliz e com o cora\u00e7\u00e3o em festa por oferecer obra com essa estrutura e qualidade na educa\u00e7\u00e3o, para que os jovens passem n\u00e3o s\u00f3 no vestibular, como tenham profiss\u00e3o para o futuro. Aproveito para homenagear aos estudantes de Gl\u00f3ria, Feira Nova, Cumbe, Capela, Siriri e Dores que vieram hoje. Saibam da minha alegria, pois cada um de voc\u00eas vai ser testemunha da beleza da escola de Dores, que vai servir toda a regi\u00e3o. Eu sonhava em ter estudado em uma escola como essa. N\u00e3o sou governador, estou governador, e a escola p\u00fablica me proporcionou a alegria de estar aqui olhando para todos e acompanhar o crescimento. N\u00e3o esqueci meus caminhos de cria\u00e7\u00e3o e \u00e9 por isso que estamos aqui investindo nas futuras gera\u00e7\u00f5es. Fico feliz de ter tido oportunidade de fazer todas essas obras&#8221;, declarou.<\/p>\n<p>Jackson tamb\u00e9m rememorou a sua hist\u00f3ria de carinho com o munic\u00edpio e as li\u00e7\u00f5es de sua tia Berila Almeida. &#8220;Gosto de vir para c\u00e1 sem protocolo, pois me sinto em casa nesta terra. Venho aqui hoje muito feliz por voc\u00eas, por tia Berila e tio Am\u00e9rico. Tia Berila deixou boas li\u00e7\u00f5es para todos n\u00f3s. Nas minhas reflex\u00f5es, penso que, assim como minha m\u00e3e foi uma luz, tia Berila tamb\u00e9m. Minha tia sabia conduzir a fam\u00edlia e era uma mulher decidida. Bendita seja a senhora, que nos deixou belas li\u00e7\u00f5es, assim como minha m\u00e3e&#8221;.<\/p>\n<p>O secret\u00e1rio de Estado da Educa\u00e7\u00e3o, Jorge Carvalho, ressaltou que o governo tem feito hist\u00f3ria na educa\u00e7\u00e3o de Sergipe e que, gra\u00e7as aos Centros Profissionalizantes instalados em todo estado, os jovens n\u00e3o precisar\u00e3o mais se deslocar para Aracaju para obter forma\u00e7\u00e3o. &#8220;Jackson, quero dizer que o senhor indiscutivelmente j\u00e1 escreveu seu nome na hist\u00f3ria da educa\u00e7\u00e3o de Sergipe. Esta \u00e9 d\u00e9cima terceira escola t\u00e9cnica entregue \u00e0 popula\u00e7\u00e3o. Quando o senhor assumiu, Sergipe tinha 10. E at\u00e9 2018, ter\u00e1 16 escolas t\u00e9cnicas estaduais. Ainda no primeiro semestre, o senhor entrega a Escola Ulysses Guimar\u00e3es, em Socorro. Vai formar gente para trabalhar no Distrito Industrial do munic\u00edpio. Tamb\u00e9m est\u00e1 em constru\u00e7\u00e3o a de Umba\u00faba, para atender a produ\u00e7\u00e3o t\u00eaxtil da regi\u00e3o. E, aqui em Dores, vamos formar, em regime integrado e subsequente, t\u00e9cnicos em Agroind\u00fastria para aproveitar a voca\u00e7\u00e3o econ\u00f4mica da bacia leiteira da regi\u00e3o. Esta escola vai fornecer t\u00e9cnicos para as dezenas de ind\u00fastrias da \u00e1rea, os grandes latic\u00ednios e ind\u00fastrias de queijo, iogurte e manteiga. Essa \u00e9 a voca\u00e7\u00e3o dessa escola&#8221;, ressaltou.<\/p>\n<p>Escola modelo. \u00c9 assim que o diretor do Centro Profissionalizante, Adalberto dos Santos S\u00e1, define a unidade de ensino. &#8220;Esse tipo de constru\u00e7\u00e3o atende \u00e0s condi\u00e7\u00f5es de mobilidade, acessibilidade e compet\u00eancia t\u00e9cnica. N\u00e3o tenho d\u00favida sobre a qualidade da estrutura da escola. S\u00e3o oito laborat\u00f3rios, audit\u00f3rio, 12 salas, \u00e1rea de conviv\u00eancia, quadra de esportes e muitas possibilidades para desenvolver a regi\u00e3o. \u00c9 um espa\u00e7o voltado para a agroind\u00fastria, mas tem outros cursos agregados \u00e0 \u00e1rea, que podem ser desenvolvidos nessa escola. Vamos come\u00e7ar com turmas de qualifica\u00e7\u00e3o o mais breve poss\u00edvel&#8221;, anunciou.<\/p>\n<p>O prefeito do munic\u00edpio, Thiago de Souza Santos, reconheceu o empenho do governo na destina\u00e7\u00e3o de recursos para Dores e pediu aux\u00edlio de Jackson para solucionar o problema do desemprego . &#8220;\u00c9 com muito prazer que recebemos essa escola. Queria dizer, governador, que hoje o senhor pode ter certeza que essa \u00e9 a maior obra do Estado em Dores. Nenhum governo como o do senhor j\u00e1 investiu tanto aqui. Jackson, o senhor j\u00e1 fez muito por Dores, e o munic\u00edpio anseia pela instala\u00e7\u00e3o de ind\u00fastria nessa cidade, para conseguir resolver problema de desemprego. Se o senhor tiver oportunidade de nos dar esse presente, seremos muito gratos&#8221;, solicitou.<\/p>\n<p>Para constru\u00e7\u00e3o do Centro Profissionalizante, a Empresa Brasileira de Pesquisa Agropecu\u00e1ria (Embrapa) viabilizou parte da \u00e1rea utilizada como campo experimental para o Estado. Por conta dessa parceria, o governador fez agradecimento ao \u00f3rg\u00e3o. &#8220;Aproveito para agradecer a Embrapa e \u00e0 Manoel pelo trabalho feito de libera\u00e7\u00e3o do terreno para constru\u00e7\u00e3o da mais bela escola de Sergipe. A Embrapa aqui do nosso estado foi altamente solid\u00e1ria, assim como a Embrapa Nacional&#8221;.<\/p>\n<p>O chefe-geral da Embrapa em Sergipe, Manoel Moacir Macedo, acredita que a doa\u00e7\u00e3o do terreno foi apenas o in\u00edcio da parceria com a gest\u00e3o estadual, que se estender\u00e1, tamb\u00e9m, na forma\u00e7\u00e3o dos alunos como t\u00e9cnicos agr\u00edcolas e agroindustriais, e na participa\u00e7\u00e3o de est\u00e1gios e aulas pr\u00e1ticas no pr\u00f3prio campo da Embrapa. &#8220;\u00c9 uma honra estarmos presentes aqui hoje. Esse \u00e9 apenas o in\u00edcio da parceria. Hoje o senhor constr\u00f3i escolas, ao inv\u00e9s de construir pres\u00eddios. S\u00f3 um idealista com sua vis\u00e3o para fazer algo assim. A Embrapa se sente honrada e est\u00e1 \u00e0 disposi\u00e7\u00e3o&#8221;, assegurou.<\/p>\n<p>A constru\u00e7\u00e3o da nova escola objetiva aumentar a oferta de vagas no ensino t\u00e9cnico de n\u00edvel m\u00e9dio aos moradores do munic\u00edpio e regi\u00e3o, diminuindo o d\u00e9ficit educacional. \u00c9 uma unidade com instala\u00e7\u00f5es modernas e seguras, contribuindo para melhor aproveitamento do aluno e oferecendo boas condi\u00e7\u00f5es de trabalho ao professor. O Centro Profissionalizante segue um projeto padr\u00e3o estabelecido pelo Minist\u00e9rio da Educa\u00e7\u00e3o (MEC) e desenvolvido pelo Fundo Nacional de Desenvolvimento da Educa\u00e7\u00e3o (FNDE).<\/p>\n<p>O estudante Lucas Rodrigues, natural de Capela, visitou a unidade escolar na manh\u00e3 de hoje, elogiou a estrutura e destacou que o espa\u00e7o beneficiar\u00e1 toda a regi\u00e3o do M\u00e9dio Sert\u00e3o. &#8220;Uma escola t\u00e9cnica \u00e9 um grande passo, e caso a gente decida que n\u00e3o quer ingressar na universidade logo, \u00e9 poss\u00edvel fazer um curso t\u00e9cnico. Esse \u00e9 um grande incentivo do governo para a educa\u00e7\u00e3o e uma oportunidade para n\u00f3s, estudantes. Sou de outro munic\u00edpio, mas posso dizer que a escola n\u00e3o vai beneficiar s\u00f3 Dores, como toda a \u00e1rea. A estrutura da escola \u00e9 \u00f3tima. Se comparada a que estudo, essa \u00e9 muito mais equipada. Tudo o que a gente sempre sonhou para a nossa escola, tem aqui. \u00c9 uma unidade de ensino modelo&#8221;.<\/p>\n<p style=\"text-align: justify;\">A faxineira Maria da Silva acredita que o funcionamento do centro profissionalizante vai beneficiar muito, inclusive com rela\u00e7\u00e3o \u00e0 gera\u00e7\u00e3o de empregos, que \u00e9 uma das maiores dificuldades, segundo ela, na regi\u00e3o. \u201cVai ser bom para todo mundo, pois as coisas n\u00e3o est\u00e3o f\u00e1ceis. Est\u00e1 todo mundo procurando trabalho, inclusive eu, que tenho um filho e passamos por muitas necessidades\u201d, comentou. Vislumbrando a gera\u00e7\u00e3o de renda, o comerciante Jorge Sobrinho viu na abertura do centro profissionalizante uma oportunidade de ganhar dinheiro. Por morar pr\u00f3ximo, ele decidiu abrir uma lanchonete para vender comida aos trabalhadores e estudantes da nova escola da regi\u00e3o. \u201cCreio que a escola vai ter um bom movimento\u201d, ensejou.<\/p>\n<p>O novo Centro de Educa\u00e7\u00e3o Profissional tem um gin\u00e1sio poliesportivo coberto com arquibancadas e dois vesti\u00e1rios. O espa\u00e7o conta, ainda, com dois galp\u00f5es para capacita\u00e7\u00e3o t\u00e9cnica dos alunos. A unidade ocupa \u00e1rea total de 20.000 m\u00b2, sendo 5.600 m\u00b2 de \u00e1rea constru\u00edda. S\u00e3o dois pavimentos com 12 salas de aula, seis laborat\u00f3rios de inform\u00e1tica, l\u00ednguas, f\u00edsica, qu\u00edmica, biologia e matem\u00e1tica e dois laborat\u00f3rios especiais. A unidade de ensino tamb\u00e9m \u00e9 dotada de audit\u00f3rio, anfiteatro, biblioteca, salas de diretoria, secretaria, coordena\u00e7\u00e3o pedag\u00f3gica e coordena\u00e7\u00e3o de est\u00e1gio, de reprografia e de professores.<\/p>\n<p>A escola foi dotada de acessibilidade em todos os ambientes, com rampa, elevador para pessoas com defici\u00eancia, piso t\u00e1til e sinaliza\u00e7\u00e3o. Foram constru\u00eddos estacionamento interno, biciclet\u00e1rio e muro em concreto. A cobertura da unidade de ensino foi feita em estrutura met\u00e1lica, com telhas em alum\u00ednio e forro de gesso. Houve a implanta\u00e7\u00e3o de piso de alta resist\u00eancia nas salas e \u00e1reas de circula\u00e7\u00e3o. J\u00e1 as \u00e1reas externas da escola foram pavimentadas com piso em concreto intertravado. Outro detalhe foi a instala\u00e7\u00e3o de rede de combate a inc\u00eandio com hidrantes e sistemas de prote\u00e7\u00e3o contra descargas atmosf\u00e9ricas (SPDA) e de irriga\u00e7\u00e3o para as \u00e1reas gramadas.<\/p>\n<p style=\"text-align: justify;\">Durante a solenidade, o governador aproveitou para falar, tamb\u00e9m, dos investimentos j\u00e1 feitos pelo Governo do Estado no munic\u00edpio e destacou que Dores ser\u00e1 o primeiro munic\u00edpio sergipano a ter esgotamento total em sua sede. &#8220;Lembro-me que eu e Belivaldo fizemos aqui muito asfalto. Ao lado de tantas obras que realizamos aqui nesse munic\u00edpio, eu destacaria que esse vai ser o primeiro munic\u00edpio do estado de Sergipe a ter esgotamento sanit\u00e1rio completo. Nossa Senhora das Dores tem investimento de mais de R$ 40 milh\u00f5es s\u00f3 nessa \u00e1rea, e esgoto significa sa\u00fade, vida e preocupa\u00e7\u00e3o com as gera\u00e7\u00f5es de agora e do futuro&#8221;.<\/p>\n<p><strong>Homenageada<\/strong><\/p>\n<p>Dona Berila Alves de Almeida nasceu em Santa Rosa de Lima. Era a m\u00e3e do secret\u00e1rio de Estado da Sa\u00fade, Jos\u00e9 Almeida Lima, e irm\u00e3 de seu Etelvino Alves de Lima, pai do governador Jackson Barreto. Casada com Jos\u00e9 Am\u00e9rico de Almeida, foi comerciante em Nossa Senhora das Dores e Santa Rosa de Lima.<\/p>\n<p style=\"text-align: justify;\">Durante a solenidade, o filho da homenageada, o secret\u00e1rio de Estado da Sa\u00fade, Almeida Lima, agradeceu ao governador pela distin\u00e7\u00e3o recebida e lembrou que, apesar de n\u00e3o ter sido uma mulher letrada, dona Berila sempre deu valor \u00e0 educa\u00e7\u00e3o. &#8220;Aqui n\u00e3o falo como secret\u00e1rio, falo como filho de dona Berila e fa\u00e7o agradecimento a Jackson, a quem n\u00e3o dirijo a palavra apenas agora como governador, e sim como primo e sobrinho de dona Berila. Agrade\u00e7o em nome da minha fam\u00edlia Almeida Alves de Lima, formada pelo n\u00facleo dorense e de Santa Rosa de Lima. Nunca imaginava que dona Berila iria receber uma homenagem t\u00e3o esplendorosa. \u00c9 uma grande escola, e mesmo se fosse uma escola pequenininha, como a que estudei, j\u00e1 seria uma homenagem correta e dedicada, que diz respeito, de fato, a figura de nossa querida m\u00e3e. Berila n\u00e3o foi uma mulher de letras, mas foi uma mulher que compreendeu a import\u00e2ncia da educa\u00e7\u00e3o, do ensinamento e do encaminhamento dos seus filhos, objetivando o crescimento espiritual, de cidadania e intelectual. Sua preocupa\u00e7\u00e3o diuturna naquela \u00e9poca era para que n\u00e3o nos transformassem naquilo que hoje h\u00e1 de forma abundante: crian\u00e7as de rua. Nosso agradecimento, governador. Essa \u00e9 uma homenagem correta, sempre dada aos letrados, e que, nesse instante, \u00e9 dado a um exemplo de m\u00e3e e mulher, que se preocupou na agrega\u00e7\u00e3o da fam\u00edlia, para que ela n\u00e3o se deteriorasse no progresso social&#8221;, declarou.<\/p>\n<p style=\"text-align: justify;\">O padre Jos\u00e9 Lima Santana tamb\u00e9m falou de dona Berila e lembrou-se de sua devo\u00e7\u00e3o \u00e0 fam\u00edlia e ao trabalho. &#8220;Jackson, o senhor hoje n\u00e3o est\u00e1 homenageando sua tia, a m\u00e3e de ex-senador, ex-vereador ou ex-prefeito. Homenageia uma mulher, m\u00e3e que educou seus filhos na escola p\u00fablica, uma mulher forte e de fibra. Dona Berila muitas vezes me chamava em seu quartinho de costura para que rez\u00e1ssemos quando algo na fam\u00edlia n\u00e3o estava bem. Essa mulher extraordin\u00e1ria fazia doces na beira do fog\u00e3o para vender em sua bodega&#8221;.<\/p>\n<p><strong>Educa\u00e7\u00e3o profissional<\/strong><\/p>\n<p>Desde 2007, o Governo do Estado amplia a oferta da educa\u00e7\u00e3o profissional. No momento, Sergipe possui 14 unidades de ensino nessa modalidade em funcionamento. A previs\u00e3o \u00e9 de que sejam 16 at\u00e9 2018. Entre reformas e constru\u00e7\u00e3o de centros estaduais de educa\u00e7\u00e3o profissional, o investimento ultrapassa R$ 73 milh\u00f5es em recursos estaduais dos programas Sergipe Cidades e Brasil Alfabetizado.<\/p>\n<p>Em agosto do ano passado, o Governo de Sergipe inaugurou uma unidade escolar no conjunto Jardim, em Nossa Senhora do Socorro: a Escola Estadual Governador Seixas D\u00f3ria. O investimento foi da ordem de R$ 8.449.412 e a escola oferece ensino profissionalizante na \u00e1rea da sa\u00fade.<\/p>\n<p>Em Boquim, o Estado ofertou educa\u00e7\u00e3o profissional no Col\u00e9gio Cleonice Soares da Fonseca, que, al\u00e9m de ensino regular, passou a oferecer cursos t\u00e9cnicos em Administra\u00e7\u00e3o e Manuten\u00e7\u00e3o e Suporte em Inform\u00e1tica, e o Centro Estadual de Educa\u00e7\u00e3o Profissional Maria Fontes de Faria (Dona Marieta), que oferece o Curso T\u00e9cnico em Fruticultura. Em Carm\u00f3polis, o governo inaugurou o Centro Estadual de Educa\u00e7\u00e3o Profissional Governador Marcelo D\u00e9da Chagas, que oferece o curso t\u00e9cnico em Petr\u00f3leo e G\u00e1s e T\u00e9cnico em Seguran\u00e7a do Trabalho.<br \/>\nNo munic\u00edpio de Ne\u00f3polis, o Centro Estadual de Educa\u00e7\u00e3o Profissional Agonalto Pacheco da Silva oferece o curso t\u00e9cnico em Agroind\u00fastria e T\u00e9cnico em Alimentos. Na capital sergipana, o Centro de Educa\u00e7\u00e3o Profissional Jos\u00e9 Figueiredo Barreto contempla os eixos tecnol\u00f3gicos de Turismo, Hospitalidade e Lazer (T\u00e9cnico em Servi\u00e7os de Restaurante e Bar), Gest\u00e3o e Neg\u00f3cios (T\u00e9cnico em Servi\u00e7os de Condom\u00ednios), Informa\u00e7\u00e3o e Comunica\u00e7\u00e3o (T\u00e9cnico em Redes de Computadores). O Conservat\u00f3rio de M\u00fasica oferece o Curso T\u00e9cnico em Canto e em Instrumento Musical. O instituto de Educa\u00e7\u00e3o Rui Barbosa oferece curso de ensino profissional de t\u00e9cnico em Secretaria Escolar, j\u00e1 o Atheneu oferece forma\u00e7\u00e3o em Inform\u00e1tica articulado \u00e0 Educa\u00e7\u00e3o de Jovens e Adultos.<\/p>\n<p>No Alto Sert\u00e3o, em Po\u00e7o Redondo, o governo construiu o Centro Estadual de Educa\u00e7\u00e3o Profissional Dom Jos\u00e9 Brand\u00e3o de Castro, com recursos do programa Sergipe Cidades, que oferece os cursos t\u00e9cnicos em Agropecu\u00e1ria e Agroind\u00fastria, na forma integrada, utilizando a pedagogia da altern\u00e2ncia. No Baixo S\u00e3o Francisco, em Japoat\u00e3, a Escola Fam\u00edlia Agr\u00edcola de Ladeirinhas atua no eixo Recursos Naturais com o curso t\u00e9cnico em Agropecu\u00e1ria.<\/p>\n<p>Em Itabaiana, o Col\u00e9gio Murilo Braga foi ampliado e passou a oferecer curso na \u00e1rea de design de m\u00f3veis. J\u00e1 em Propri\u00e1, a Escola Joana de Freitas foi ampliada e passou a oferecer curso na \u00e1rea de recursos pesqueiros.<\/p>\n<p>Est\u00e3o em constru\u00e7\u00e3o centros no Marcos Freire (curso t\u00e9cnico em Automa\u00e7\u00e3o Industrial), Indiaroba (recursos pesqueiros) e Umba\u00faba (Modelagem de Vestu\u00e1rio). Ainda ser\u00e1 constru\u00eddo um centro em Sim\u00e3o Dias (t\u00e9cnico em Enfermagem).<\/p>\n<p><strong>Escolas em tempo integral<\/strong><\/p>\n<p>Sergipe ter\u00e1 26 novas escolas funcionando em tempo integral ao longo de 2017. No primeiro semestre, a jornada integral se inicia em 15 unidades de ensino e, em outras 11, come\u00e7a no segundo semestre. As tr\u00eas unidades de ensino da rede p\u00fablica estadual que j\u00e1 ofertam o ensino m\u00e9dio em tempo integral s\u00e3o o Col\u00e9gio Estadual Atheneu Sergipense e os Centros de Excel\u00eancia Ministro Marco Maciel e Vit\u00f3ria de Santa Maria, em Aracaju. Essas escolas foram respons\u00e1veis pelos melhores \u00edndices de aprova\u00e7\u00e3o de estudantes em institui\u00e7\u00f5es p\u00fablicas de ensino superior no Sisu 2017.<\/p>\n<p><strong>Reformas<\/strong><\/p>\n<p>O Governo do Estado determinou, at\u00e9 o final de 2018, reformar todas as escolas da rede estadual, dotando-as de um padr\u00e3o de qualidade, proporcionando melhoria ao processo de ensino e aprendizagem das escolas p\u00fablicas estaduais, melhorando, assim, os \u00edndices educacionais sergipanos. Nos \u00faltimos anos, juntas, as reformas e amplia\u00e7\u00f5es das unidades da rede estadual somam R$ 240 milh\u00f5es em investimentos.<\/p>\n<p>O Governo de Sergipe tamb\u00e9m firmou ordens de servi\u00e7o autorizando a realiza\u00e7\u00e3o de obras de reforma de pequena monta em escolas da Rede P\u00fablica de estadual de educa\u00e7\u00e3o. O investimento total \u00e9 de R$ 12.085.118,78 destinados a interven\u00e7\u00f5es nas 356 escolas da Rede entre agosto de 2016 e o mesmo m\u00eas em 2017.<\/p>\n<p><strong>Frei Paulo<\/strong><\/p>\n<p>\u00c0 tarde, Jackson foi at\u00e9 o munic\u00edpio de Frei Paulo, no Agreste Central sergipano, para entregar a reforma da escola Rural do povoado Alagadi\u00e7o e a quadra de esportes do Col\u00e9gio Estadual Professor Gentil Tavares da Mota.<\/p>\n<p>A escola rural passou por uma ampla reforma em sua estrutura f\u00edsica, que dotou a unidade escolar de condi\u00e7\u00f5es adequadas para receber com conforto alunos, professores e servidores. Um investimento de R$ 122.529,32.<\/p>\n<p>Todas as depend\u00eancias da escola receberam nova pintura e a cobertura foi recuperada, passando por retelhamento. Os banheiros passaram por revis\u00e3o geral e foram adequados \u00e0s normas de acessibilidade, assim como o resto da edifica\u00e7\u00e3o. A cozinha e o dep\u00f3sito da merenda escolar foram reformados e uma casa de g\u00e1s foi instalada e o p\u00e1tio recebeu uma cobertura com forro.<\/p>\n<p>No Col\u00e9gio Estadual Professor Gentil Tavares da Mota, localizado na sede municipal, a gest\u00e3o estadual construiu uma quadra esportiva, atendendo a um pedido da comunidade escolar. Com investimento de R$ 645.211,62, o espa\u00e7o recebeu a pintura das linhas demarcat\u00f3rias para a pr\u00e1tica de esportes, assim como equipamentos esportivos como traves para futsal, poste e rede para v\u00f4lei e tabelas para basquetebol. Foi constru\u00edda mureta e implantado alambrado no entorno da quadra. Foi realizada ainda a implanta\u00e7\u00e3o de ilumina\u00e7\u00e3o e instala\u00e7\u00f5es el\u00e9tricas.<\/p>\n<p>Em 2014, o Governo do Estado inaugurou a reforma e amplia\u00e7\u00e3o do Col\u00e9gio Estadual Professor Gentil Tavares de Melo, onde se investiu R$ 996,2 mil. A escola passou por uma ampla reforma que contemplou a execu\u00e7\u00e3o de nova cobertura, a aplica\u00e7\u00e3o de revestimento cer\u00e2mico em salas de aula e \u00e1rea de circula\u00e7\u00e3o, coloca\u00e7\u00e3o de forro de PVC em todas as salas de aula, execu\u00e7\u00e3o de piso de alta resist\u00eancia, substitui\u00e7\u00e3o de esquadrias de madeira por esquadrias de alum\u00ednio, revis\u00e3o das instala\u00e7\u00f5es el\u00e9tricas, hidr\u00e1ulicas e hidrossanit\u00e1rias e pintura geral do pr\u00e9dio.<\/p>\n<p style=\"text-align: justify;\"><strong>Acompanhe tamb\u00e9m o SE Not\u00edcias no <a href=\"https:\/\/twitter.com\/Senoticias\">Twitter<\/a>, <a href=\"https:\/\/www.facebook.com\/PortalSENoticias\/\">Facebook <\/a>e no <a href=\"https:\/\/www.instagram.com\/senoticias\/\">Instagram<\/a><\/strong><\/p>\n<p style=\"text-align: justify;\"><img loading=\"lazy\" decoding=\"async\" class=\"aligncenter size-full wp-image-101307\" src=\"http:\/\/senoticias.com.br\/se\/wp-content\/uploads\/2017\/03\/Logo-fone-1-2-1-2-4-1.jpg\" alt=\"Logo-fone-1-2-1-2-4\" width=\"599\" height=\"78\" srcset=\"https:\/\/senoticias.com.br\/se\/wp-content\/uploads\/2017\/03\/Logo-fone-1-2-1-2-4-1.jpg 599w, https:\/\/senoticias.com.br\/se\/wp-content\/uploads\/2017\/03\/Logo-fone-1-2-1-2-4-1-300x39.jpg 300w\" sizes=\"(max-width: 599px) 100vw, 599px\" \/><\/p>\n<p style=\"text-align: justify;\"><em>Da Ag\u00eancia Sergipe de Not\u00edcias<\/em><\/p>\n","protected":false},"excerpt":{"rendered":"<p>Sergipe recebeu na manh\u00e3 desta sexta-feira, 10, uma nova escola profissionalizante, entregue pelo governador Jackson Barreto em Nossa Senhora das Dores. O Centro de Educa\u00e7\u00e3o Berila Alves de Almeida recebeu investimento na ordem de R$ 12.400.000 e oportunizar\u00e1 a profissionaliza\u00e7\u00e3o dos jovens, qualificando m\u00e3o de obra em Sergipe e promovendo melhores oportunidades de trabalho. A [&hellip;]<\/p>\n","protected":false},"author":2,"featured_media":101396,"comment_status":"closed","ping_status":"closed","sticky":false,"template":"","format":"standard","meta":{"footnotes":""},"categories":[38],"tags":[],"class_list":{"0":"post-101395","1":"post","2":"type-post","3":"status-publish","4":"format-standard","5":"has-post-thumbnail","7":"category-municipios"},"_links":{"self":[{"href":"https:\/\/senoticias.com.br\/se\/wp-json\/wp\/v2\/posts\/101395"}],"collection":[{"href":"https:\/\/senoticias.com.br\/se\/wp-json\/wp\/v2\/posts"}],"about":[{"href":"https:\/\/senoticias.com.br\/se\/wp-json\/wp\/v2\/types\/post"}],"author":[{"embeddable":true,"href":"https:\/\/senoticias.com.br\/se\/wp-json\/wp\/v2\/users\/2"}],"replies":[{"embeddable":true,"href":"https:\/\/senoticias.com.br\/se\/wp-json\/wp\/v2\/comments?post=101395"}],"version-history":[{"count":0,"href":"https:\/\/senoticias.com.br\/se\/wp-json\/wp\/v2\/posts\/101395\/revisions"}],"wp:featuredmedia":[{"embeddable":true,"href":"https:\/\/senoticias.com.br\/se\/wp-json\/wp\/v2\/media\/101396"}],"wp:attachment":[{"href":"https:\/\/senoticias.com.br\/se\/wp-json\/wp\/v2\/media?parent=101395"}],"wp:term":[{"taxonomy":"category","embeddable":true,"href":"https:\/\/senoticias.com.br\/se\/wp-json\/wp\/v2\/categories?post=101395"},{"taxonomy":"post_tag","embeddable":true,"href":"https:\/\/senoticias.com.br\/se\/wp-json\/wp\/v2\/tags?post=101395"}],"curies":[{"name":"wp","href":"https:\/\/api.w.org\/{rel}","templated":true}]}}