{"id":101393,"date":"2017-03-10T17:17:34","date_gmt":"2017-03-10T20:17:34","guid":{"rendered":"http:\/\/senoticias.com.br\/se\/?p=101393"},"modified":"2017-03-10T17:17:34","modified_gmt":"2017-03-10T20:17:34","slug":"pela-segunda-vez-consecutiva-graduacao-em-tecnologia-em-logistica-recebe-nota-4-em-avaliacao-do-mec","status":"publish","type":"post","link":"https:\/\/senoticias.com.br\/se\/pela-segunda-vez-consecutiva-graduacao-em-tecnologia-em-logistica-recebe-nota-4-em-avaliacao-do-mec\/","title":{"rendered":"Pela segunda vez consecutiva, gradua\u00e7\u00e3o em Tecnologia em Log\u00edstica recebe nota 4 em avalia\u00e7\u00e3o do MEC"},"content":{"rendered":"<p style=\"text-align: justify;\">Em agosto de 2015, o Instituto Federal de Sergipe \u2013 Campus Itabaiana recebeu por tr\u00eas dias avaliadores do Minist\u00e9rio da Educa\u00e7\u00e3o (MEC) que tinham como atribui\u00e7\u00e3o aferir a qualidade do curso de Tecnologia em Log\u00edstica. No mesmo ano, a gradua\u00e7\u00e3o foi alvo de nova avalia\u00e7\u00e3o do \u00f3rg\u00e3o do Governo Federal, mas atrav\u00e9s da aferi\u00e7\u00e3o do conhecimento dos seus estudantes. O que os dois momentos t\u00eam em comum \u00e9 o resultado: em ambos os julgamentos do MEC, o curso de n\u00edvel superior em Log\u00edstica obteve a nota 4, que atribui como muito bom os aspectos inspecionados in loco e o desempenho acad\u00eamico dos alunos na prova do Enade.<\/p>\n<div id=\"attachment_101394\" style=\"width: 609px\" class=\"wp-caption aligncenter\"><img loading=\"lazy\" decoding=\"async\" aria-describedby=\"caption-attachment-101394\" class=\"size-full wp-image-101394\" src=\"http:\/\/senoticias.com.br\/se\/wp-content\/uploads\/2017\/03\/SENot\u00edcias-Alunos_de_Logistica.jpg\" alt=\"Foto: Divulga\u00e7\u00e3o \" width=\"599\" height=\"449\" srcset=\"https:\/\/senoticias.com.br\/se\/wp-content\/uploads\/2017\/03\/SENot\u00edcias-Alunos_de_Logistica.jpg 599w, https:\/\/senoticias.com.br\/se\/wp-content\/uploads\/2017\/03\/SENot\u00edcias-Alunos_de_Logistica-300x225.jpg 300w, https:\/\/senoticias.com.br\/se\/wp-content\/uploads\/2017\/03\/SENot\u00edcias-Alunos_de_Logistica-45x35.jpg 45w\" sizes=\"(max-width: 599px) 100vw, 599px\" \/><p id=\"caption-attachment-101394\" class=\"wp-caption-text\">Foto: Divulga\u00e7\u00e3o<\/p><\/div>\n<p style=\"text-align: justify;\">Os resultados do Enade foram divulgados na \u00faltima quarta-feira, 8, pelo MEC. A escala de notas vai de 1 a 5, e cada curso \u00e9 avaliado com a periodicidade de tr\u00eas anos. Segundo Jos\u00e9 Rocha Filho, diretor geral do Campus Itabaiana, o resultado demonstra o comprometimento do corpo docente e, principalmente, dos discentes, que buscaram cada vez mais novos conhecimentos. \u201cPara n\u00f3s, que compomos a gest\u00e3o, isso serve como incentivo para continuarmos na busca da excel\u00eancia, aumentando assim nossa responsabilidade e compromisso na oferta de um ensino p\u00fablico de qualidade, capaz de formar alunos que representam de maneira digna o IFS\u201d, aponta.<\/p>\n<p style=\"text-align: justify;\">A prova do Enade foi realizada por sete alunos concluintes do curso de Tecnologia em Log\u00edstica, os quais alcan\u00e7aram uma nota bruta de cerca de 60%. Um dos participantes foi o ex-aluno e hoje tecn\u00f3logo em Log\u00edstica Leonardo Melo. Ele avalia como fundamental para o resultado o empenho dos professores, que se mantiveram em sintonia com os estudantes participantes e buscaram desenvolver um trabalho de prepara\u00e7\u00e3o espec\u00edfica para o exame. \u201cAtrav\u00e9s do esfor\u00e7o de cada um em realizar da melhor maneira a sua parte, novamente fizemos hist\u00f3ria. Todos os discentes s\u00e3o merecedores do resultado por acreditarem e escolherem os IFS como institui\u00e7\u00e3o para sua forma\u00e7\u00e3o superior, pela escolha do curso e pela capacidade de corresponderem de forma \u00e9tica aos professores\u201d.<\/p>\n<p style=\"text-align: justify;\">J\u00e1 na inspe\u00e7\u00e3o feita presencialmente em 2015, os avaliadores do MEC atribu\u00edram resultado positivo ap\u00f3s aferirem a organiza\u00e7\u00e3o did\u00e1tico-pedag\u00f3gica, a qualidade do corpo docente e a infraestrutura. Para chegar ao resultado, visitaram laborat\u00f3rios, biblioteca e salas, al\u00e9m de examinarem projetos pedag\u00f3gicos e apreciarem a titula\u00e7\u00e3o acad\u00eamica dos professores. \u00c0 \u00e9poca, um dos aspectos mais bem avaliados foi o curr\u00edculo do curso &#8211; de acordo com o relat\u00f3rio de avalia\u00e7\u00e3o, \u201ca estrutura curricular contempla muito bem, em uma an\u00e1lise sist\u00eamica e global, os aspectos: flexibilidade, interdisciplinaridade, compatibilidade da carga hor\u00e1ria total, articula\u00e7\u00e3o da teoria com a pr\u00e1tica e nos mecanismos de familiariza\u00e7\u00e3o com a modalidade presencial\u201d.<\/p>\n<p style=\"text-align: justify;\"><strong>O curso<\/strong><\/p>\n<p style=\"text-align: justify;\">A gradua\u00e7\u00e3o em Tecnologia em Log\u00edstica busca formar profissionais especializados em aquisi\u00e7\u00e3o, recebimento, armazenagem, distribui\u00e7\u00e3o e transporte. De acordo com pesquisa realizada pelo Instituto de Pesquisas Aplicadas (IPEA), o profissional que trabalha com servi\u00e7os de transporte, como a Log\u00edstica, possui um dos mercados mais aquecidos do Brasil \u2013 ficando \u00e0 frente de profiss\u00f5es tradicionais como Engenharia, Arquitetura e Direito. Durante tr\u00eas anos, o aluno estuda disciplinas como Estat\u00edstica, Planejamento e Controle da Produ\u00e7\u00e3o, Gest\u00e3o de Estoques e de Suprimentos. Ao fim do curso, o estudante recebe o diploma de Tecn\u00f3logo em Log\u00edstica e est\u00e1 apto a atuar em organiza\u00e7\u00f5es, prestar concursos p\u00fablicos para \u00e1reas que exijam n\u00edvel superior, bem como ingressar em cursos de especializa\u00e7\u00e3o ou mestrado.<\/p>\n<p style=\"text-align: justify;\"><strong>Acompanhe tamb\u00e9m o SE Not\u00edcias no <a href=\"https:\/\/twitter.com\/Senoticias\">Twitter<\/a>, <a href=\"https:\/\/www.facebook.com\/PortalSENoticias\/\">Facebook <\/a>e no <a href=\"https:\/\/www.instagram.com\/senoticias\/\">Instagram<\/a><\/strong><\/p>\n<p style=\"text-align: justify;\"><img loading=\"lazy\" decoding=\"async\" class=\"aligncenter size-full wp-image-101307\" src=\"http:\/\/senoticias.com.br\/se\/wp-content\/uploads\/2017\/03\/Logo-fone-1-2-1-2-4-1.jpg\" alt=\"Logo-fone-1-2-1-2-4\" width=\"599\" height=\"78\" srcset=\"https:\/\/senoticias.com.br\/se\/wp-content\/uploads\/2017\/03\/Logo-fone-1-2-1-2-4-1.jpg 599w, https:\/\/senoticias.com.br\/se\/wp-content\/uploads\/2017\/03\/Logo-fone-1-2-1-2-4-1-300x39.jpg 300w\" sizes=\"(max-width: 599px) 100vw, 599px\" \/><\/p>\n<p style=\"text-align: justify;\"><em>Do IFS\/SE<\/em><\/p>\n","protected":false},"excerpt":{"rendered":"<p>Em agosto de 2015, o Instituto Federal de Sergipe \u2013 Campus Itabaiana recebeu por tr\u00eas dias avaliadores do Minist\u00e9rio da Educa\u00e7\u00e3o (MEC) que tinham como atribui\u00e7\u00e3o aferir a qualidade do curso de Tecnologia em Log\u00edstica. No mesmo ano, a gradua\u00e7\u00e3o foi alvo de nova avalia\u00e7\u00e3o do \u00f3rg\u00e3o do Governo Federal, mas atrav\u00e9s da aferi\u00e7\u00e3o do [&hellip;]<\/p>\n","protected":false},"author":2,"featured_media":101394,"comment_status":"closed","ping_status":"closed","sticky":false,"template":"","format":"standard","meta":{"footnotes":""},"categories":[45],"tags":[],"class_list":{"0":"post-101393","1":"post","2":"type-post","3":"status-publish","4":"format-standard","5":"has-post-thumbnail","7":"category-tecnologia"},"_links":{"self":[{"href":"https:\/\/senoticias.com.br\/se\/wp-json\/wp\/v2\/posts\/101393"}],"collection":[{"href":"https:\/\/senoticias.com.br\/se\/wp-json\/wp\/v2\/posts"}],"about":[{"href":"https:\/\/senoticias.com.br\/se\/wp-json\/wp\/v2\/types\/post"}],"author":[{"embeddable":true,"href":"https:\/\/senoticias.com.br\/se\/wp-json\/wp\/v2\/users\/2"}],"replies":[{"embeddable":true,"href":"https:\/\/senoticias.com.br\/se\/wp-json\/wp\/v2\/comments?post=101393"}],"version-history":[{"count":0,"href":"https:\/\/senoticias.com.br\/se\/wp-json\/wp\/v2\/posts\/101393\/revisions"}],"wp:featuredmedia":[{"embeddable":true,"href":"https:\/\/senoticias.com.br\/se\/wp-json\/wp\/v2\/media\/101394"}],"wp:attachment":[{"href":"https:\/\/senoticias.com.br\/se\/wp-json\/wp\/v2\/media?parent=101393"}],"wp:term":[{"taxonomy":"category","embeddable":true,"href":"https:\/\/senoticias.com.br\/se\/wp-json\/wp\/v2\/categories?post=101393"},{"taxonomy":"post_tag","embeddable":true,"href":"https:\/\/senoticias.com.br\/se\/wp-json\/wp\/v2\/tags?post=101393"}],"curies":[{"name":"wp","href":"https:\/\/api.w.org\/{rel}","templated":true}]}}