{"id":101391,"date":"2017-03-10T17:09:52","date_gmt":"2017-03-10T20:09:52","guid":{"rendered":"http:\/\/senoticias.com.br\/se\/?p=101391"},"modified":"2017-03-10T17:09:52","modified_gmt":"2017-03-10T20:09:52","slug":"prefeita-de-japaratuba-busca-orientacao-do-tce-para-retomar-obras-inacabadas","status":"publish","type":"post","link":"https:\/\/senoticias.com.br\/se\/prefeita-de-japaratuba-busca-orientacao-do-tce-para-retomar-obras-inacabadas\/","title":{"rendered":"Prefeita de Japaratuba busca orienta\u00e7\u00e3o do TCE para retomar obras inacabadas"},"content":{"rendered":"<p style=\"text-align: justify;\">A prefeita de Japaratuba, Lara Moura, esteve no Tribunal de Contas do Estado (TCE\/SE) na manh\u00e3 desta sexta-feira, 10, em busca de orienta\u00e7\u00e3o quanto \u00e0s medidas que dever\u00e1 adotar para retomar as obras que est\u00e3o paralisadas no munic\u00edpio, embora as empresas respons\u00e1veis j\u00e1 tenham recebido valores suficientes para deix\u00e1-las em est\u00e1gios mais avan\u00e7ados.<\/p>\n<div id=\"attachment_101392\" style=\"width: 609px\" class=\"wp-caption aligncenter\"><img loading=\"lazy\" decoding=\"async\" aria-describedby=\"caption-attachment-101392\" class=\"size-full wp-image-101392\" src=\"http:\/\/senoticias.com.br\/se\/wp-content\/uploads\/2017\/03\/SENot\u00edcias-thumb.jpg\" alt=\"Foto: TCE\/SE\" width=\"599\" height=\"401\" srcset=\"https:\/\/senoticias.com.br\/se\/wp-content\/uploads\/2017\/03\/SENot\u00edcias-thumb.jpg 599w, https:\/\/senoticias.com.br\/se\/wp-content\/uploads\/2017\/03\/SENot\u00edcias-thumb-300x201.jpg 300w, https:\/\/senoticias.com.br\/se\/wp-content\/uploads\/2017\/03\/SENot\u00edcias-thumb-90x60.jpg 90w, https:\/\/senoticias.com.br\/se\/wp-content\/uploads\/2017\/03\/SENot\u00edcias-thumb-180x120.jpg 180w, https:\/\/senoticias.com.br\/se\/wp-content\/uploads\/2017\/03\/SENot\u00edcias-thumb-95x64.jpg 95w\" sizes=\"(max-width: 599px) 100vw, 599px\" \/><p id=\"caption-attachment-101392\" class=\"wp-caption-text\">Foto: TCE\/SE<\/p><\/div>\n<p style=\"text-align: justify;\">No decorrer da visita a prefeita esteve nos gabinetes do conselheiro-presidente Cl\u00f3vis Barbosa e do conselheiro Luiz Augusto, que \u00e9 o respons\u00e1vel pela \u00e1rea de controle e inspe\u00e7\u00e3o da qual faz parte o munic\u00edpio de Japaratuba. Lara Moura foi recebida ainda pelo procurador-geral do Minist\u00e9rio P\u00fablico de Contas, Jo\u00e3o Augusto Bandeira de Mello.<\/p>\n<p style=\"text-align: justify;\">Segundo ela, a atual gest\u00e3o municipal fez um levantamento que constatou as inconformidades e a visita \u00e0 Corte \u00e9 no sentido de definir o procedimento correto a ser seguido, seja fazendo uma nova licita\u00e7\u00e3o ou retomando as obras por meio das mesmas empresas.<\/p>\n<p style=\"text-align: justify;\">A gestora citou como exemplos as obras de uma escola, do clube social e de alguns p\u00f3rticos: &#8220;Nossa gest\u00e3o j\u00e1 refez as medi\u00e7\u00f5es e n\u00e3o condizem com a realidade, ou seja, a obra deveria estar num ponto bem mais avan\u00e7ado do que o que est\u00e1 nesse momento. Estamos trazendo esses casos para que o Tribunal primeiro nos oriente sobre como podemos reiniciar estas obras\u201d, explicou a prefeita.<\/p>\n<p style=\"text-align: justify;\">Ainda de acordo com Lara Moura, o caso que mais chama aten\u00e7\u00e3o \u00e9 o da escola que possui 11 salas de aula sem condi\u00e7\u00f5es de uso: \u201cN\u00e3o posso reiniciar a obra sem saber a dire\u00e7\u00e3o correta a tomar, afinal, o munic\u00edpio n\u00e3o pode ser penalizado. Antes havia um clube, que era simples, mas funcionava e agora est\u00e1 parado. Ent\u00e3o queremos que tudo isso seja constatado pelo Tribunal de Contas ou outro \u00f3rg\u00e3o respons\u00e1vel&#8221;, acrescentou.<\/p>\n<p style=\"text-align: justify;\">Conselheiro respons\u00e1vel por analisar o caso, Luiz Augusto Ribeiro disse que encaminhar\u00e1 toda a documenta\u00e7\u00e3o apresentada para an\u00e1lise da 3\u00aa Coordenadoria de Controle e Inspe\u00e7\u00e3o (CCI).<\/p>\n<p style=\"text-align: justify;\"><strong>Acompanhe tamb\u00e9m o SE Not\u00edcias no <a href=\"https:\/\/twitter.com\/Senoticias\">Twitter<\/a>, <a href=\"https:\/\/www.facebook.com\/PortalSENoticias\/\">Facebook <\/a>e no <a href=\"https:\/\/www.instagram.com\/senoticias\/\">Instagram<\/a><\/strong><\/p>\n<p style=\"text-align: justify;\"><img loading=\"lazy\" decoding=\"async\" class=\"aligncenter size-full wp-image-101307\" src=\"http:\/\/senoticias.com.br\/se\/wp-content\/uploads\/2017\/03\/Logo-fone-1-2-1-2-4-1.jpg\" alt=\"Logo-fone-1-2-1-2-4\" width=\"599\" height=\"78\" srcset=\"https:\/\/senoticias.com.br\/se\/wp-content\/uploads\/2017\/03\/Logo-fone-1-2-1-2-4-1.jpg 599w, https:\/\/senoticias.com.br\/se\/wp-content\/uploads\/2017\/03\/Logo-fone-1-2-1-2-4-1-300x39.jpg 300w\" sizes=\"(max-width: 599px) 100vw, 599px\" \/><\/p>\n<p style=\"text-align: justify;\"><em>Do TCE\/SE<\/em><\/p>\n","protected":false},"excerpt":{"rendered":"<p>A prefeita de Japaratuba, Lara Moura, esteve no Tribunal de Contas do Estado (TCE\/SE) na manh\u00e3 desta sexta-feira, 10, em busca de orienta\u00e7\u00e3o quanto \u00e0s medidas que dever\u00e1 adotar para retomar as obras que est\u00e3o paralisadas no munic\u00edpio, embora as empresas respons\u00e1veis j\u00e1 tenham recebido valores suficientes para deix\u00e1-las em est\u00e1gios mais avan\u00e7ados. No decorrer [&hellip;]<\/p>\n","protected":false},"author":2,"featured_media":101392,"comment_status":"closed","ping_status":"closed","sticky":false,"template":"","format":"standard","meta":{"footnotes":""},"categories":[38],"tags":[],"class_list":{"0":"post-101391","1":"post","2":"type-post","3":"status-publish","4":"format-standard","5":"has-post-thumbnail","7":"category-municipios"},"_links":{"self":[{"href":"https:\/\/senoticias.com.br\/se\/wp-json\/wp\/v2\/posts\/101391"}],"collection":[{"href":"https:\/\/senoticias.com.br\/se\/wp-json\/wp\/v2\/posts"}],"about":[{"href":"https:\/\/senoticias.com.br\/se\/wp-json\/wp\/v2\/types\/post"}],"author":[{"embeddable":true,"href":"https:\/\/senoticias.com.br\/se\/wp-json\/wp\/v2\/users\/2"}],"replies":[{"embeddable":true,"href":"https:\/\/senoticias.com.br\/se\/wp-json\/wp\/v2\/comments?post=101391"}],"version-history":[{"count":0,"href":"https:\/\/senoticias.com.br\/se\/wp-json\/wp\/v2\/posts\/101391\/revisions"}],"wp:featuredmedia":[{"embeddable":true,"href":"https:\/\/senoticias.com.br\/se\/wp-json\/wp\/v2\/media\/101392"}],"wp:attachment":[{"href":"https:\/\/senoticias.com.br\/se\/wp-json\/wp\/v2\/media?parent=101391"}],"wp:term":[{"taxonomy":"category","embeddable":true,"href":"https:\/\/senoticias.com.br\/se\/wp-json\/wp\/v2\/categories?post=101391"},{"taxonomy":"post_tag","embeddable":true,"href":"https:\/\/senoticias.com.br\/se\/wp-json\/wp\/v2\/tags?post=101391"}],"curies":[{"name":"wp","href":"https:\/\/api.w.org\/{rel}","templated":true}]}}