{"id":101387,"date":"2017-03-10T14:19:52","date_gmt":"2017-03-10T17:19:52","guid":{"rendered":"http:\/\/senoticias.com.br\/se\/?p=101387"},"modified":"2017-03-10T14:20:41","modified_gmt":"2017-03-10T17:20:41","slug":"festivais-de-musica-gospel-acontece-neste-sabado-em-aracaju","status":"publish","type":"post","link":"https:\/\/senoticias.com.br\/se\/festivais-de-musica-gospel-acontece-neste-sabado-em-aracaju\/","title":{"rendered":"Festival de m\u00fasica gospel acontece em Aracaju, neste s\u00e1bado"},"content":{"rendered":"<p>Por Will Rodriguez<strong>*<\/strong><\/p>\n<p style=\"text-align: justify;\">Um dos maiores festivais da m\u00fasica gospel j\u00e1 tem data para acontecer em Aracaju (SE). Mar\u00e7o de 2017. Esse foi o m\u00eas escolhido para a primeira edi\u00e7\u00e3o da festa que j\u00e1 chega ao estado com quatro atra\u00e7\u00f5es nacionais. O evento promete atrair uma multid\u00e3o de adoradores ao Miami Halll, na zona Sul da capital sergipana, e a venda de ingressos come\u00e7ou nesta quinta-feira (15).<\/p>\n<div id=\"attachment_101388\" style=\"width: 609px\" class=\"wp-caption aligncenter\"><img loading=\"lazy\" decoding=\"async\" aria-describedby=\"caption-attachment-101388\" class=\"size-full wp-image-101388\" src=\"http:\/\/senoticias.com.br\/se\/wp-content\/uploads\/2017\/03\/Clama-sergipe-senotiias-e1489166310637.jpg\" alt=\"Primeiro Clama Sergipe acontece neste final s\u00e1bado em Aracaju\" width=\"599\" height=\"382\" \/><p id=\"caption-attachment-101388\" class=\"wp-caption-text\">Primeiro Clama Sergipe acontece neste final s\u00e1bado em Aracaju. (Foto arte: organiza\u00e7\u00e3o do evento)<\/p><\/div>\n<p style=\"text-align: justify;\">O Clama \u00e9 um projeto criado h\u00e1 uma d\u00e9cada no estado da Bahia, que j\u00e1 se expandiu at\u00e9 Roraima e agora aterrissa em solo sergipano como a proposta de aben\u00e7oar fam\u00edlias, como explica o seu idealizador, Reinevaldo Silva. \u201cChegamos com essa vis\u00e3o mission\u00e1ria de evangeliza\u00e7\u00e3o, uma vis\u00e3o interdenominacional porque queremos que esse projeto seja o marco de um novo tempo de adora\u00e7\u00e3o no estado de Sergipe\u201d, afirma.<\/p>\n<p style=\"text-align: justify;\">Daniela Araujo, Fernandinho, Sandro Nazireu e Irm\u00e3o L\u00e1zaro se revezam no palco principal, mas haver\u00e1 tamb\u00e9m uma tenda eletr\u00f4nica e um palco alternativo com apresenta\u00e7\u00e3o de artistas locais.<\/p>\n<p style=\"text-align: justify;\">\u201cEstamos preparando o que h\u00e1 de melhor dispon\u00edvel no mercado nacional, buscando novas tecnologias para disponibilizar conforto e seguran\u00e7a no espa\u00e7o da festa. Teremos ainda um espa\u00e7o kids, que \u00e9 uma novidade no segmento, sempre com a preocupa\u00e7\u00e3o de que haja seguran\u00e7a para que todos possam louvar a Deus da melhor forma poss\u00edvel, afinal, faremos um grande ajuntamento de irm\u00e3os em Cristo Jesus\u201d, salientou o diretor da E3 Estruturas, Ednaldo Bezerra.<\/p>\n<p style=\"text-align: justify;\">Logo na primeira edi\u00e7\u00e3o o Clama j\u00e1 deixa uma marca de solidariedade. Mil ingressos ser\u00e3o distribu\u00eddos atrav\u00e9s de sorteio e o acesso ser\u00e1 garantido com a doa\u00e7\u00e3o de dois quilos de alimento n\u00e3o perec\u00edvel. Os produtos arrecadados ser\u00e3o doados ao Instituto Manaaim que atua na recupera\u00e7\u00e3o de dependentes qu\u00edmicos, com 12 centros de recupera\u00e7\u00e3o no pa\u00eds, tr\u00eas deles em munic\u00edpios sergipanos.<\/p>\n<p style=\"text-align: justify;\"><strong>Por Will Rodriguez, do p<a href=\"http:\/\/www.f5news.com.br\/noticia\/34546\/primeiro-clama-sergipe-acontece-em-marco-de-2017.html\">ortal F5News<\/a><\/strong><\/p>\n<p style=\"text-align: justify;\"><img loading=\"lazy\" decoding=\"async\" class=\"aligncenter size-full wp-image-101307\" src=\"http:\/\/senoticias.com.br\/se\/wp-content\/uploads\/2017\/03\/Logo-fone-1-2-1-2-4-1.jpg\" alt=\"Logo-fone-1-2-1-2-4\" width=\"599\" height=\"78\" srcset=\"https:\/\/senoticias.com.br\/se\/wp-content\/uploads\/2017\/03\/Logo-fone-1-2-1-2-4-1.jpg 599w, https:\/\/senoticias.com.br\/se\/wp-content\/uploads\/2017\/03\/Logo-fone-1-2-1-2-4-1-300x39.jpg 300w\" sizes=\"(max-width: 599px) 100vw, 599px\" \/><\/p>\n<p style=\"text-align: justify;\"><strong>Acompanhe tamb\u00e9m o SE Not\u00edcias no <a href=\"https:\/\/twitter.com\/Senoticias\">Twitter<\/a>, <a href=\"https:\/\/www.facebook.com\/PortalSENoticias\/\">Facebook <\/a>e no <a href=\"https:\/\/www.instagram.com\/senoticias\/\">Instagram<\/a><\/strong><\/p>\n","protected":false},"excerpt":{"rendered":"<p>Por Will Rodriguez* Um dos maiores festivais da m\u00fasica gospel j\u00e1 tem data para acontecer em Aracaju (SE). Mar\u00e7o de 2017. Esse foi o m\u00eas escolhido para a primeira edi\u00e7\u00e3o da festa que j\u00e1 chega ao estado com quatro atra\u00e7\u00f5es nacionais. O evento promete atrair uma multid\u00e3o de adoradores ao Miami Halll, na zona Sul [&hellip;]<\/p>\n","protected":false},"author":2,"featured_media":101388,"comment_status":"closed","ping_status":"closed","sticky":false,"template":"","format":"standard","meta":{"footnotes":""},"categories":[15,46],"tags":[],"class_list":{"0":"post-101387","1":"post","2":"type-post","3":"status-publish","4":"format-standard","5":"has-post-thumbnail","7":"category-destaques","8":"category-religiao"},"_links":{"self":[{"href":"https:\/\/senoticias.com.br\/se\/wp-json\/wp\/v2\/posts\/101387"}],"collection":[{"href":"https:\/\/senoticias.com.br\/se\/wp-json\/wp\/v2\/posts"}],"about":[{"href":"https:\/\/senoticias.com.br\/se\/wp-json\/wp\/v2\/types\/post"}],"author":[{"embeddable":true,"href":"https:\/\/senoticias.com.br\/se\/wp-json\/wp\/v2\/users\/2"}],"replies":[{"embeddable":true,"href":"https:\/\/senoticias.com.br\/se\/wp-json\/wp\/v2\/comments?post=101387"}],"version-history":[{"count":0,"href":"https:\/\/senoticias.com.br\/se\/wp-json\/wp\/v2\/posts\/101387\/revisions"}],"wp:featuredmedia":[{"embeddable":true,"href":"https:\/\/senoticias.com.br\/se\/wp-json\/wp\/v2\/media\/101388"}],"wp:attachment":[{"href":"https:\/\/senoticias.com.br\/se\/wp-json\/wp\/v2\/media?parent=101387"}],"wp:term":[{"taxonomy":"category","embeddable":true,"href":"https:\/\/senoticias.com.br\/se\/wp-json\/wp\/v2\/categories?post=101387"},{"taxonomy":"post_tag","embeddable":true,"href":"https:\/\/senoticias.com.br\/se\/wp-json\/wp\/v2\/tags?post=101387"}],"curies":[{"name":"wp","href":"https:\/\/api.w.org\/{rel}","templated":true}]}}