{"id":101386,"date":"2017-03-10T14:43:44","date_gmt":"2017-03-10T17:43:44","guid":{"rendered":"http:\/\/senoticias.com.br\/se\/?p=101386"},"modified":"2017-03-10T14:45:12","modified_gmt":"2017-03-10T17:45:12","slug":"sergipe-recebera-investimentos-em-areas-prioritarias-da-agricultura-familiar-e-para-o-semiarido","status":"publish","type":"post","link":"https:\/\/senoticias.com.br\/se\/sergipe-recebera-investimentos-em-areas-prioritarias-da-agricultura-familiar-e-para-o-semiarido\/","title":{"rendered":"Sergipe receber\u00e1 investimentos em \u00e1reas priorit\u00e1rias da Agricultura Familiar e para o semi\u00e1rido"},"content":{"rendered":"<p style=\"text-align: justify;\">O Governo do Estado receber\u00e1, por meio de parceria com o Executivo Federal, investimentos em cinco \u00e1reas priorit\u00e1rias da Agricultura Familiar e do Desenvolvimento Agr\u00e1rio. A novidade foi anunciada na tarde desta quinta-feira, 09, durante reuni\u00e3o entre o vice-governador Belivaldo Chagas, o secret\u00e1rio especial de Agricultura Familiar e do Desenvolvimento Agr\u00e1rio (Sead), Jos\u00e9 Ricardo Roseno, e representantes de \u00f3rg\u00e3os estaduais do setor. A ideia \u00e9 que Sergipe receba mais apoio na assist\u00eancia t\u00e9cnica rural, incremente a regulariza\u00e7\u00e3o fundi\u00e1ria, amplie a comercializa\u00e7\u00e3o de produtos agr\u00edcolas, auxilie a mulher do meio rural para que seja empreendedora e, por fim, promova maior atua\u00e7\u00e3o do projeto Dom Helder, programa de a\u00e7\u00f5es referenciais de combate \u00e0 pobreza e apoio ao desenvolvimento rural sustent\u00e1vel no semi\u00e1rido.<\/p>\n<div id=\"attachment_101389\" style=\"width: 609px\" class=\"wp-caption aligncenter\"><img loading=\"lazy\" decoding=\"async\" aria-describedby=\"caption-attachment-101389\" class=\"size-full wp-image-101389\" src=\"http:\/\/senoticias.com.br\/se\/wp-content\/uploads\/2017\/03\/Marcelle-Cristinne-2-SENot\u00edcias.jpg\" alt=\"A novidade foi anunciada na tarde desta quinta-feira, 09, durante reuni\u00e3o entre o vice-governador Belivaldo Chagas, o secret\u00e1rio especial de Agricultura Familiar e do Desenvolvimento Agr\u00e1rio, Jos\u00e9 Ricardo Roseno (Foto: Marcelle Cristinne) \" width=\"599\" height=\"405\" srcset=\"https:\/\/senoticias.com.br\/se\/wp-content\/uploads\/2017\/03\/Marcelle-Cristinne-2-SENot\u00edcias.jpg 599w, https:\/\/senoticias.com.br\/se\/wp-content\/uploads\/2017\/03\/Marcelle-Cristinne-2-SENot\u00edcias-300x203.jpg 300w, https:\/\/senoticias.com.br\/se\/wp-content\/uploads\/2017\/03\/Marcelle-Cristinne-2-SENot\u00edcias-90x60.jpg 90w, https:\/\/senoticias.com.br\/se\/wp-content\/uploads\/2017\/03\/Marcelle-Cristinne-2-SENot\u00edcias-95x64.jpg 95w\" sizes=\"(max-width: 599px) 100vw, 599px\" \/><p id=\"caption-attachment-101389\" class=\"wp-caption-text\">A novidade foi anunciada na tarde desta quinta-feira, 09, durante reuni\u00e3o entre o vice-governador Belivaldo Chagas, o secret\u00e1rio especial de Agricultura Familiar e do Desenvolvimento Agr\u00e1rio, Jos\u00e9 Ricardo Roseno (Foto: Marcelle Cristinne)<\/p><\/div>\n<p style=\"text-align: justify;\">Para que todas as a\u00e7\u00f5es sejam implementadas em Sergipe, a Sead participar\u00e1 de reuni\u00f5es durante toda esta sexta-feira, 10, com membros da Secretaria de Estado da Agricultura (Seagri), Empresa de Desenvolvimento Agropecu\u00e1rio de Sergipe (Emdagro) e Instituto Nacional de Coloniza\u00e7\u00e3o e Reforma Agr\u00e1ria (Incra\/SE) no sentido de identificar necessidades do estado e concentrar os esfor\u00e7os com o objetivo de oferecer oportunidades de crescimento do setor rural.<\/p>\n<p style=\"text-align: justify;\">\u201cO intuito dessa primeira reuni\u00e3o com o Governo do Estado \u00e9 acertar a forma de trabalho, discutir metas, or\u00e7amentos, recursos e, principalmente, unir esfor\u00e7os. Ou seja, \u00e9 o Estado junto com o Governo Federal com o objetivo de levar pol\u00edticas para a agricultura familiar. Nossa ideia \u00e9, daqui a 20 dias, voltarmos, assinarmos os instrumentos, divulgar e iniciar as atividades, para atender realmente de forma efetiva esse p\u00fablico [de produtores rurais] que \u00e9 t\u00e3o importante para a sociedade brasileira\u201d, explicou o secret\u00e1rio especial de Agricultura Familiar e do Desenvolvimento Agr\u00e1rio. Ele complementa que, a ideia inicial \u00e9 que, dentre as a\u00e7\u00f5es voltadas para Sergipe, entre 2 e 3 mil produtores rurais de 30 munic\u00edpios sejam beneficiados e recebam apoio da Emdagro.<\/p>\n<p style=\"text-align: justify;\">O vice-governador Belivaldo Chagas acredita que a iniciativa do Sead em promover melhorias em Sergipe tem liga\u00e7\u00e3o direta com a preocupa\u00e7\u00e3o do governador Jackson Barreto que, recentemente, liderou reuni\u00e3o para discutir a constru\u00e7\u00e3o de um plano integrado de a\u00e7\u00f5es de combate \u00e0 seca com foco nos sete munic\u00edpios do Alto Sert\u00e3o (Gararu, Canind\u00e9 de S\u00e3o Francisco, Po\u00e7o Redondo, Porto da Folha, Nossa Senhora da Gl\u00f3ria, Monte Alegre e Carira).<\/p>\n<p style=\"text-align: justify;\">\u201cEssas a\u00e7\u00f5es que foram apresentadas aqui hoje podem ser exatamente acopladas a esse projeto do governador. O Estado aproveita a oportunidade para agradecer. Fa\u00e7o esse agradecimento em nome de Jackson Barreto pela import\u00e2ncia da reuni\u00e3o e da presen\u00e7a do secret\u00e1rio especial do Desenvolvimento Agr\u00e1rio, que veio a Sergipe para demonstrar interesse em fazer uma parceria com o pr\u00f3prio governo, al\u00e9m do que j\u00e1 \u00e9 realizado, e trazer a\u00e7\u00f5es extremamente necess\u00e1rias em \u00e1reas como as de extens\u00e3o rural e regulariza\u00e7\u00e3o fundi\u00e1ria. Aproveito ainda a ocasi\u00e3o para destacar o papel do deputado federal La\u00e9rcio Oliveira, que fez quest\u00e3o de estar presente e tem colocado recursos de suas emendas para Sergipe\u201d, destacou Belivaldo.<\/p>\n<p style=\"text-align: justify;\">A preocupa\u00e7\u00e3o do governador com rela\u00e7\u00e3o \u00e0 seca e ao desenvolvimento rural de Sergipe tamb\u00e9m foi destacada pelo deputado La\u00e9rcio Oliveira, que, com rela\u00e7\u00e3o \u00e0 reuni\u00e3o desta quinta, acredita que as a\u00e7\u00f5es a serem implementadas em Sergipe pelo Governo Federal ser\u00e3o ben\u00e9ficas. \u201cH\u00e1 v\u00e1rias iniciativas que s\u00e3o necess\u00e1rias serem implementadas, a exemplo do Dom Helder, que vai trazer uma gama de recursos e pol\u00edticas para nosso estado. Esse \u00e9 o compromisso do governador Jackson Barreto e \u00e9 para isso que viemos contribuir\u201d, pontuou, acrescentando que, mais que pensar em solu\u00e7\u00f5es a curto prazo, \u00e9 preciso refletir a respeito de uma estrutura de a\u00e7\u00e3o cont\u00ednua em Sergipe para fortalecer o setor produtivo rural.<\/p>\n<p style=\"text-align: justify;\"><strong>Semi\u00e1rido<\/strong><\/p>\n<p style=\"text-align: justify;\">A import\u00e2ncia de investir prioritariamente no semi\u00e1rido sergipano foi um dos pontos destacados pelo secret\u00e1rio de Estado da Agricultura, Esmeraldo Leal, durante a reuni\u00e3o. Ele disse que, apesar de o estado ter recebido apoio recente com rela\u00e7\u00e3o a fornecimento de material forrageiro e ter apoio do Ex\u00e9rcito com rela\u00e7\u00e3o ao fornecimento de \u00e1gua, a preocupa\u00e7\u00e3o preponderante de Sergipe \u00e9 que, cada vez mais, novos parceiros e pol\u00edticas se solidarizem com o estado e realizem uma soma de esfor\u00e7os.<\/p>\n<p style=\"text-align: justify;\">\u201cTivemos uma visita hoje que, ao mesmo tempo, foi um gesto de aproxima\u00e7\u00e3o e de demonstra\u00e7\u00e3o de vontade de colaborar mais com o Estado. O que ressaltamos na reuni\u00e3o \u00e9 a necessidade de intensificar as a\u00e7\u00f5es principalmente no semi\u00e1rido. Estamos passando por uma das piores secas da hist\u00f3ria. Sergipe carece demais de ajuda. E uma das preocupa\u00e7\u00f5es dessa reuni\u00e3o foi com rela\u00e7\u00e3o ao projeto Dom Helder Camara, que j\u00e1 teve uma for\u00e7a muito grande no Alto Sert\u00e3o sergipano. Esperamos que ele volte de forma revigorada e que seja realizado da forma mais r\u00e1pida poss\u00edvel\u201d, apontou Esmeraldo.<\/p>\n<p style=\"text-align: justify;\">Segundo o secret\u00e1rio, o Dom Helder \u00e9 um programa que ajuda a identificar projetos sociais vinculados ao campo e \u00e9 direcionado para a regi\u00e3o do semi\u00e1rido. \u201cNossa reivindica\u00e7\u00e3o \u00e9 que, al\u00e9m dessa visita da Sead, tenhamos, a curto prazo, uma a\u00e7\u00e3o efetiva e concreta, principalmente com a revigora\u00e7\u00e3o do Dom Helder\u201d. Para falar sobre a import\u00e2ncia de programas de fortalecimento e atua\u00e7\u00e3o no setor, como o citado anteriormente, o secret\u00e1rio Esmeraldo deu o exemplo do Garantia Safra, destinado aos agricultores familiares em raz\u00e3o de estiagem ou excesso h\u00eddrico.<\/p>\n<p style=\"text-align: justify;\">\u201cDa mesma forma que falei do Dom Helder, poderia falar tamb\u00e9m do Garantia Safra , que \u00e9, inclusive, um programa amplo, que pode atingir todo estado, mas atua com mais efetividade no semi\u00e1rido, zona que mais sofre nesse momento. Ao contr\u00e1rio do Dom Helder, o Garantia Safra j\u00e1 se transformou num sucesso. Tivemos, no ano passado, 16.700 fam\u00edlias cadastradas e este ano inscrevemos 19.700. Foram 3 mil fam\u00edlias a mais. Al\u00e9m disso, ampliamos o n\u00famero de munic\u00edpios de 21 para 25. Ou seja, o Garantia Safra j\u00e1 conseguimos aprimorar e o Dom Helder est\u00e1, de fato, numa situa\u00e7\u00e3o que merecia esse refor\u00e7o de agora. De modo que, este programa chega num momento estrat\u00e9gico\u201d, comentou Esmeraldo.<\/p>\n<p style=\"text-align: justify;\">O secret\u00e1rio especial de Agricultura Familiar e do Desenvolvimento Agr\u00e1rio esclarece que a nova proposta do Dom Helder \u00e9 promover uma integra\u00e7\u00e3o de pol\u00edticas p\u00fablicas iniciada pelos fomentos individual e coletivo, e atrav\u00e9s de apoio a organiza\u00e7\u00e3o e ao cooperativismo da agricultura familiar, auxilio a comercializa\u00e7\u00e3o e fomento para conviv\u00eancia com o semi\u00e1rido. \u201cOu seja, \u00e9 um atendimento personalizado e intensivo aos agricultores que est\u00e3o nessa regi\u00e3o, apoiando a produ\u00e7\u00e3o, principalmente neste momento em que chegamos ao sexto ano de seca consecutiva\u201d.<\/p>\n<p style=\"text-align: justify;\">Com rela\u00e7\u00e3o a Sead, Jos\u00e9 Ricardo explica que a Secretaria Especial herdou programas, projetos e pol\u00edticas p\u00fablicas voltadas para a agricultura familiar do Minist\u00e9rio de Desenvolvimento Agr\u00e1rio e que, para 2017, as prioridades s\u00e3o as cinco \u00e1reas que receber\u00e3o incremento em Sergipe.<\/p>\n<p style=\"text-align: justify;\"><strong>Plano integrado de combate \u00e0 seca<\/strong><\/p>\n<p style=\"text-align: justify;\">As tratativas do Governo do Estado para implanta\u00e7\u00e3o de um plano integrado de a\u00e7\u00f5es de combate \u00e0 seca com foco nos sete munic\u00edpios do Alto Sert\u00e3o aconteceram no dia 23 de fevereiro. Na ocasi\u00e3o, Jackson Barreto destacou que existem 30 munic\u00edpios em Sergipe em situa\u00e7\u00e3o de emerg\u00eancia por conta da estiagem e que, para ajud\u00e1-los, s\u00e3o previstas a\u00e7\u00f5es de aquisi\u00e7\u00e3o e distribui\u00e7\u00e3o de material forrageiro, amplia\u00e7\u00e3o de abastecimento de \u00e1gua por meio de carros-pipa, implanta\u00e7\u00e3o de dessalinizadores, perfura\u00e7\u00e3o de po\u00e7os, recupera\u00e7\u00e3o e implanta\u00e7\u00e3o de barragens e linhas de cr\u00e9dito emergenciais.<\/p>\n<p style=\"text-align: justify;\">\u201cFoi uma grande reuni\u00e3o em que pudemos discutir todas as frentes de trabalho, engajamos todos os setores do governo em um \u00fanico projeto de enfrentamento da seca, para que as a\u00e7\u00f5es n\u00e3o sejam dispersas e tenham foco \u00fanico, que \u00e9 diminuir o sofrimento do povo do sert\u00e3o, que enfrenta uma estiagem de longos anos. N\u00e3o apenas cuidar da forragem, mas tamb\u00e9m da regulariza\u00e7\u00e3o fundi\u00e1ria, da limpeza de barragens, abertura de po\u00e7os e do financiamento da Deso. Queremos tamb\u00e9m atender a 10 mil sertanejos com sistema simplificado de abastecimento de \u00e1gua. Juntamos todas as a\u00e7\u00f5es de todas as \u00e1reas do governo em um projeto para comprovar a solidariedade e preocupa\u00e7\u00e3o permanente do governo com nossos irm\u00e3os do Alto Sert\u00e3o\u201d, declarou Jackson Barreto durante a reuni\u00e3o do dia 23, destacando que, pela primeira vez na hist\u00f3ria do Estado, a gest\u00e3o tomou a iniciativa de n\u00e3o cobrar das prefeituras a \u00e1gua que abastece os carros-pipa do Ex\u00e9rcito. Dessa forma, o servi\u00e7o possa ser ampliado direta e indiretamente.<\/p>\n<p style=\"text-align: justify;\">A partir de segunda-feira, 13, por determina\u00e7\u00e3o do governador Jackson Barreto, sete munic\u00edpios do Alto Sert\u00e3o ser\u00e3o beneficiados com a distribui\u00e7\u00e3o de \u00e1gua por meio de caminh\u00f5es-pipa. Ser\u00e3o atendidos os munic\u00edpios de Gararu, Canind\u00e9 de S\u00e3o Francisco, Po\u00e7o Redondo, Porto da Folha, Nossa Senhora da Gl\u00f3ria, Monte Alegre e Carira, beneficiando uma popula\u00e7\u00e3o de 160 mil habitantes. A opera\u00e7\u00e3o \u00e9 um investimento mensal de R$ 418 mil.<\/p>\n<p style=\"text-align: justify;\"><strong>Acompanhe tamb\u00e9m o SE Not\u00edcias no <a href=\"https:\/\/twitter.com\/Senoticias\">Twitter<\/a>, <a href=\"https:\/\/www.facebook.com\/PortalSENoticias\/\">Facebook <\/a>e no <a href=\"https:\/\/www.instagram.com\/senoticias\/\">Instagram<\/a><\/strong><\/p>\n<p style=\"text-align: justify;\"><img loading=\"lazy\" decoding=\"async\" class=\"aligncenter size-full wp-image-101307\" src=\"http:\/\/senoticias.com.br\/se\/wp-content\/uploads\/2017\/03\/Logo-fone-1-2-1-2-4-1.jpg\" alt=\"Logo-fone-1-2-1-2-4\" width=\"599\" height=\"78\" srcset=\"https:\/\/senoticias.com.br\/se\/wp-content\/uploads\/2017\/03\/Logo-fone-1-2-1-2-4-1.jpg 599w, https:\/\/senoticias.com.br\/se\/wp-content\/uploads\/2017\/03\/Logo-fone-1-2-1-2-4-1-300x39.jpg 300w\" sizes=\"(max-width: 599px) 100vw, 599px\" \/><\/p>\n<p style=\"text-align: justify;\"><em>Da Assessoria de Comunica\u00e7\u00e3o<\/em><\/p>\n","protected":false},"excerpt":{"rendered":"<p>O Governo do Estado receber\u00e1, por meio de parceria com o Executivo Federal, investimentos em cinco \u00e1reas priorit\u00e1rias da Agricultura Familiar e do Desenvolvimento Agr\u00e1rio. A novidade foi anunciada na tarde desta quinta-feira, 09, durante reuni\u00e3o entre o vice-governador Belivaldo Chagas, o secret\u00e1rio especial de Agricultura Familiar e do Desenvolvimento Agr\u00e1rio (Sead), Jos\u00e9 Ricardo Roseno, [&hellip;]<\/p>\n","protected":false},"author":2,"featured_media":101389,"comment_status":"closed","ping_status":"closed","sticky":false,"template":"","format":"standard","meta":{"footnotes":""},"categories":[6],"tags":[],"class_list":{"0":"post-101386","1":"post","2":"type-post","3":"status-publish","4":"format-standard","5":"has-post-thumbnail","7":"category-politica"},"_links":{"self":[{"href":"https:\/\/senoticias.com.br\/se\/wp-json\/wp\/v2\/posts\/101386"}],"collection":[{"href":"https:\/\/senoticias.com.br\/se\/wp-json\/wp\/v2\/posts"}],"about":[{"href":"https:\/\/senoticias.com.br\/se\/wp-json\/wp\/v2\/types\/post"}],"author":[{"embeddable":true,"href":"https:\/\/senoticias.com.br\/se\/wp-json\/wp\/v2\/users\/2"}],"replies":[{"embeddable":true,"href":"https:\/\/senoticias.com.br\/se\/wp-json\/wp\/v2\/comments?post=101386"}],"version-history":[{"count":0,"href":"https:\/\/senoticias.com.br\/se\/wp-json\/wp\/v2\/posts\/101386\/revisions"}],"wp:featuredmedia":[{"embeddable":true,"href":"https:\/\/senoticias.com.br\/se\/wp-json\/wp\/v2\/media\/101389"}],"wp:attachment":[{"href":"https:\/\/senoticias.com.br\/se\/wp-json\/wp\/v2\/media?parent=101386"}],"wp:term":[{"taxonomy":"category","embeddable":true,"href":"https:\/\/senoticias.com.br\/se\/wp-json\/wp\/v2\/categories?post=101386"},{"taxonomy":"post_tag","embeddable":true,"href":"https:\/\/senoticias.com.br\/se\/wp-json\/wp\/v2\/tags?post=101386"}],"curies":[{"name":"wp","href":"https:\/\/api.w.org\/{rel}","templated":true}]}}