{"id":101383,"date":"2017-03-10T14:01:02","date_gmt":"2017-03-10T17:01:02","guid":{"rendered":"http:\/\/senoticias.com.br\/se\/?p=101383"},"modified":"2017-03-10T14:01:02","modified_gmt":"2017-03-10T17:01:02","slug":"a-pedido-do-mpfse-municipio-de-laranjeiras-e-condenado-por-negligencia-na-protecao-do-patrimonio-historico","status":"publish","type":"post","link":"https:\/\/senoticias.com.br\/se\/a-pedido-do-mpfse-municipio-de-laranjeiras-e-condenado-por-negligencia-na-protecao-do-patrimonio-historico\/","title":{"rendered":"A pedido do MPF\/SE, Munic\u00edpio de Laranjeiras \u00e9 condenado por neglig\u00eancia na prote\u00e7\u00e3o do patrim\u00f4nio hist\u00f3rico"},"content":{"rendered":"<p style=\"text-align: justify;\">Justi\u00e7a Federal condenou o Munic\u00edpio de Laranjeiras, o Instituto do Patrim\u00f4nio Hist\u00f3rico Art\u00edstico e Nacional (Iphan), a Administra\u00e7\u00e3o Estadual do Meio Ambiente (Adema) e a Uni\u00e3o por n\u00e3o impedir ocupa\u00e7\u00f5es irregulares na \u00e1rea tombada como patrim\u00f4nio hist\u00f3rico e art\u00edstico nacional em Laranjeiras. A senten\u00e7a tomou como base pedido de A\u00e7\u00e3o Civil P\u00fablica feito pelo Minist\u00e9rio P\u00fablico Federal em Sergipe (MPF\/SE).<\/p>\n<div id=\"attachment_101384\" style=\"width: 410px\" class=\"wp-caption aligncenter\"><img loading=\"lazy\" decoding=\"async\" aria-describedby=\"caption-attachment-101384\" class=\"size-full wp-image-101384\" src=\"http:\/\/senoticias.com.br\/se\/wp-content\/uploads\/2017\/03\/Laranjeiras-SENOTICIAS.jpg\" alt=\"\u00c1rea do Morro do Alto do Bom Fim e do Morro do Bom Jesus foi ocupada irregularmente. Adema, Iphan e Uni\u00e3o tamb\u00e9m foram condenados no processo.\" width=\"400\" height=\"266\" srcset=\"https:\/\/senoticias.com.br\/se\/wp-content\/uploads\/2017\/03\/Laranjeiras-SENOTICIAS.jpg 400w, https:\/\/senoticias.com.br\/se\/wp-content\/uploads\/2017\/03\/Laranjeiras-SENOTICIAS-300x200.jpg 300w, https:\/\/senoticias.com.br\/se\/wp-content\/uploads\/2017\/03\/Laranjeiras-SENOTICIAS-90x60.jpg 90w, https:\/\/senoticias.com.br\/se\/wp-content\/uploads\/2017\/03\/Laranjeiras-SENOTICIAS-180x120.jpg 180w, https:\/\/senoticias.com.br\/se\/wp-content\/uploads\/2017\/03\/Laranjeiras-SENOTICIAS-95x64.jpg 95w\" sizes=\"(max-width: 400px) 100vw, 400px\" \/><p id=\"caption-attachment-101384\" class=\"wp-caption-text\">\u00c1rea do Morro do Alto do Bom Fim e do Morro do Bom Jesus foi ocupada irregularmente. Adema, Iphan e Uni\u00e3o tamb\u00e9m foram condenados no processo.. (Foto: arquivo\/IPHAN)<\/p><\/div>\n<p style=\"text-align: justify;\">As \u00e1reas ocupadas irregularmente est\u00e3o nas encostas dos morros do Alto do Bom Fim e do Bom Jesus. A regi\u00e3o \u00e9 considerada pelo Iphan como parte integrante da paisagem tombada, por servir como \u201cum fundo verde\u201d, coroado com duas igrejas hist\u00f3ricas no topo de cada morro. Embora nem toda a \u00e1rea dos morros esteja dentro do espa\u00e7o tombado pelo instituto, ela faz parte do entorno, al\u00e9m de ser classificada como \u00c1rea de Preserva\u00e7\u00e3o Permanente (APP).<\/p>\n<p style=\"text-align: justify;\">Pela Constitui\u00e7\u00e3o, \u00e9 um direito de todos a preserva\u00e7\u00e3o do patrim\u00f4nio hist\u00f3rico nacional. Por\u00e9m, a constru\u00e7\u00e3o das casas nas encostas ocorreu de forma lenta e inclusive foi documentada no processo de tombamento pelo Iphan, em 1996. Por isso, a Justi\u00e7a determinou que nem todas as casas ser\u00e3o demolidas, somente aquelas completamente irregulares, em pontos de risco de desabamento. As demais passar\u00e3o por um processo de reforma para se adaptar \u00e0 arquitetura da \u00e1rea tombada.<\/p>\n<p style=\"text-align: justify;\"><strong>Decis\u00e3o<\/strong> &#8211; Com a senten\u00e7a, o Munic\u00edpio de Laranjeiras fica obrigado a n\u00e3o conceder alvar\u00e1s de licen\u00e7a para novas constru\u00e7\u00f5es no morro, providenciar moradias para as fam\u00edlias das casas demolidas, bem como fornecer aux\u00edlio aluguel para aquelas que decidam se mudar imediatamente, mesmo antes da disponibilidade das novas casas. Para isso, foi concedido o prazo de um ano para o munic\u00edpio, a partir da data da condena\u00e7\u00e3o. Al\u00e9m disso, foi determinada a obrigatoriedade da constru\u00e7\u00e3o de projetos urban\u00edsticos (cal\u00e7ad\u00e3o e ciclovias, por exemplo) e a recupera\u00e7\u00e3o da \u00e1rea degradada.<\/p>\n<p style=\"text-align: justify;\">Ao Iphan e ao munic\u00edpio foi determinada a obrigatoriedade de providenciar um levantamento detalhado de todos os moradores e de fazer vigil\u00e2ncia cont\u00ednua da \u00e1rea, com policiamento e manuten\u00e7\u00e3o de placas indicativas das caracter\u00edsticas especiais do local. O instituto e a Uni\u00e3o ser\u00e3o os respons\u00e1veis pela adequa\u00e7\u00e3o da fachada dos im\u00f3veis que n\u00e3o precisem de demoli\u00e7\u00e3o quando os propriet\u00e1rios n\u00e3o tiverem condi\u00e7\u00f5es financeiras para faz\u00ea-la. A Adema ser\u00e1 respons\u00e1vel por delimitar a APP, al\u00e9m de auxiliar na vigil\u00e2ncia. Em caso de descumprimento, a multa di\u00e1ria foi fixada no valor de R$ 300 reais.<\/p>\n<p>O processo detalhado pode ser encontrado pelo n\u00famero 0802468-11.2015.4.05.8500.<\/p>\n<p><img loading=\"lazy\" decoding=\"async\" class=\"aligncenter size-full wp-image-101307\" src=\"http:\/\/senoticias.com.br\/se\/wp-content\/uploads\/2017\/03\/Logo-fone-1-2-1-2-4-1.jpg\" alt=\"Logo-fone-1-2-1-2-4\" width=\"599\" height=\"78\" srcset=\"https:\/\/senoticias.com.br\/se\/wp-content\/uploads\/2017\/03\/Logo-fone-1-2-1-2-4-1.jpg 599w, https:\/\/senoticias.com.br\/se\/wp-content\/uploads\/2017\/03\/Logo-fone-1-2-1-2-4-1-300x39.jpg 300w\" sizes=\"(max-width: 599px) 100vw, 599px\" \/><\/p>\n<p><strong>Acompanhe tamb\u00e9m o SE Not\u00edcias no <a href=\"https:\/\/twitter.com\/Senoticias\">Twitter<\/a>, <a href=\"https:\/\/www.facebook.com\/PortalSENoticias\/\">Facebook <\/a>e no <a href=\"https:\/\/www.instagram.com\/senoticias\/\">Instagram<\/a><\/strong><\/p>\n<p><em>Assessoria de Comunica\u00e7\u00e3o<\/em><br \/>\n<em>Minist\u00e9rio P\u00fablico Federal em Sergipe<\/em><\/p>\n","protected":false},"excerpt":{"rendered":"<p>Justi\u00e7a Federal condenou o Munic\u00edpio de Laranjeiras, o Instituto do Patrim\u00f4nio Hist\u00f3rico Art\u00edstico e Nacional (Iphan), a Administra\u00e7\u00e3o Estadual do Meio Ambiente (Adema) e a Uni\u00e3o por n\u00e3o impedir ocupa\u00e7\u00f5es irregulares na \u00e1rea tombada como patrim\u00f4nio hist\u00f3rico e art\u00edstico nacional em Laranjeiras. A senten\u00e7a tomou como base pedido de A\u00e7\u00e3o Civil P\u00fablica feito pelo Minist\u00e9rio [&hellip;]<\/p>\n","protected":false},"author":2,"featured_media":101384,"comment_status":"closed","ping_status":"closed","sticky":false,"template":"","format":"standard","meta":{"footnotes":""},"categories":[38],"tags":[],"class_list":{"0":"post-101383","1":"post","2":"type-post","3":"status-publish","4":"format-standard","5":"has-post-thumbnail","7":"category-municipios"},"_links":{"self":[{"href":"https:\/\/senoticias.com.br\/se\/wp-json\/wp\/v2\/posts\/101383"}],"collection":[{"href":"https:\/\/senoticias.com.br\/se\/wp-json\/wp\/v2\/posts"}],"about":[{"href":"https:\/\/senoticias.com.br\/se\/wp-json\/wp\/v2\/types\/post"}],"author":[{"embeddable":true,"href":"https:\/\/senoticias.com.br\/se\/wp-json\/wp\/v2\/users\/2"}],"replies":[{"embeddable":true,"href":"https:\/\/senoticias.com.br\/se\/wp-json\/wp\/v2\/comments?post=101383"}],"version-history":[{"count":0,"href":"https:\/\/senoticias.com.br\/se\/wp-json\/wp\/v2\/posts\/101383\/revisions"}],"wp:featuredmedia":[{"embeddable":true,"href":"https:\/\/senoticias.com.br\/se\/wp-json\/wp\/v2\/media\/101384"}],"wp:attachment":[{"href":"https:\/\/senoticias.com.br\/se\/wp-json\/wp\/v2\/media?parent=101383"}],"wp:term":[{"taxonomy":"category","embeddable":true,"href":"https:\/\/senoticias.com.br\/se\/wp-json\/wp\/v2\/categories?post=101383"},{"taxonomy":"post_tag","embeddable":true,"href":"https:\/\/senoticias.com.br\/se\/wp-json\/wp\/v2\/tags?post=101383"}],"curies":[{"name":"wp","href":"https:\/\/api.w.org\/{rel}","templated":true}]}}