{"id":101379,"date":"2017-03-10T13:45:04","date_gmt":"2017-03-10T16:45:04","guid":{"rendered":"http:\/\/senoticias.com.br\/se\/?p=101379"},"modified":"2017-03-10T13:45:04","modified_gmt":"2017-03-10T16:45:04","slug":"numero-de-cesarianas-cai-pela-primeira-vez-no-brasil","status":"publish","type":"post","link":"https:\/\/senoticias.com.br\/se\/numero-de-cesarianas-cai-pela-primeira-vez-no-brasil\/","title":{"rendered":"N\u00famero de cesarianas cai pela primeira vez no Brasil"},"content":{"rendered":"<p style=\"text-align: justify;\">Pela primeira vez desde 2010, o n\u00famero de cesarianas na rede p\u00fablica e privada de sa\u00fade n\u00e3o cresceu no pa\u00eds. Dados divulgados hoje (10) pelo Minist\u00e9rio da Sa\u00fade revelam que esse tipo de procedimento, que apresentava curva ascendente, caiu 1,5 ponto percentual em 2015. Dos 3 milh\u00f5es de partos feitos no Brasil no per\u00edodo, 55,5% foram ces\u00e1reas e 44,5%, partos normais.<\/p>\n<div id=\"attachment_101381\" style=\"width: 609px\" class=\"wp-caption aligncenter\"><img loading=\"lazy\" decoding=\"async\" aria-describedby=\"caption-attachment-101381\" class=\"size-full wp-image-101381\" src=\"http:\/\/senoticias.com.br\/se\/wp-content\/uploads\/2017\/03\/1478882434-743598225.jpg\" alt=\"Foto: Divulga\u00e7\u00e3o \" width=\"599\" height=\"344\" srcset=\"https:\/\/senoticias.com.br\/se\/wp-content\/uploads\/2017\/03\/1478882434-743598225.jpg 599w, https:\/\/senoticias.com.br\/se\/wp-content\/uploads\/2017\/03\/1478882434-743598225-300x172.jpg 300w\" sizes=\"(max-width: 599px) 100vw, 599px\" \/><p id=\"caption-attachment-101381\" class=\"wp-caption-text\">Foto: Divulga\u00e7\u00e3o<\/p><\/div>\n<p style=\"text-align: justify;\">Os n\u00fameros mostram ainda que, considerando apenas partos realizados no Sistema \u00danico de Sa\u00fade (SUS), o percentual de partos normais permanece maior \u2013 59,8% contra 40,2% de cesarianas. No ano passado, segundo a pasta, dados preliminares indicam tend\u00eancia de estabiliza\u00e7\u00e3o do \u00edndice, que ficou em torno de 55,5%.<\/p>\n<p style=\"text-align: justify;\"><strong>Novas diretrizes<\/strong><\/p>\n<p style=\"text-align: justify;\">Esta semana, o governo anunciou novas diretrizes de assist\u00eancia ao parto normal, que servir\u00e3o de consulta para profissionais de sa\u00fade e gestantes. \u201cA partir de agora, toda mulher ter\u00e1 direito de definir o seu plano de parto, que trar\u00e1 informa\u00e7\u00f5es como o local onde ser\u00e1 feito, as orienta\u00e7\u00f5es e os benef\u00edcios do parto normal\u201d, informou o minist\u00e9rio.<\/p>\n<p style=\"text-align: justify;\">Segundo a pasta, as medidas visam ao respeito no acolhimento e mais informa\u00e7\u00f5es para o empoderamento da mulher no processo de decis\u00e3o ao qual tem direito. \u201cAssim, o parto deixa de ser tratado como um conjunto de t\u00e9cnicas e representa momento fundamental entre m\u00e3e e filho\u201d, acrescentou.<\/p>\n<p style=\"text-align: justify;\">Para o minist\u00e9rio, a estabiliza\u00e7\u00e3o das cesarianas no pa\u00eds \u00e9 consequ\u00eancia de medidas como a implementa\u00e7\u00e3o da Rede Cegonha e investimentos em 15 centros de Parto Normal; a qualifica\u00e7\u00e3o das maternidades de alto risco; a maior presen\u00e7a de enfermeiras obst\u00e9tricas na cena do parto e a atua\u00e7\u00e3o da Ag\u00eancia Nacional de Sa\u00fade Suplementar junto \u00e0s operadoras de planos de sa\u00fade.<\/p>\n<p style=\"text-align: justify;\"><strong>\u00cdNDICE DE CESARIANAS NO PA\u00cdS<\/strong><\/p>\n<div id=\"attachment_101380\" style=\"width: 609px\" class=\"wp-caption aligncenter\"><img loading=\"lazy\" decoding=\"async\" aria-describedby=\"caption-attachment-101380\" class=\"size-full wp-image-101380\" src=\"http:\/\/senoticias.com.br\/se\/wp-content\/uploads\/2017\/03\/indice-cesarianas.png\" alt=\"Fonte: Minist\u00e9rio da Sa\u00fade \" width=\"599\" height=\"330\" srcset=\"https:\/\/senoticias.com.br\/se\/wp-content\/uploads\/2017\/03\/indice-cesarianas.png 599w, https:\/\/senoticias.com.br\/se\/wp-content\/uploads\/2017\/03\/indice-cesarianas-300x165.png 300w\" sizes=\"(max-width: 599px) 100vw, 599px\" \/><p id=\"caption-attachment-101380\" class=\"wp-caption-text\">Fonte: Minist\u00e9rio da Sa\u00fade<\/p><\/div>\n<p style=\"text-align: justify;\"><strong>Capacita\u00e7\u00e3o<\/strong><\/p>\n<p style=\"text-align: justify;\">A pasta informou ainda que, por meio de coopera\u00e7\u00e3o com a Universidade Federal de Minas Gerais, vai capacitar profissionais de sa\u00fade em 86 hospitais de ensino, localizados nas 27 unidades da Federa\u00e7\u00e3o, que fazem mais de mil partos por ano.<\/p>\n<p style=\"text-align: justify;\">\u201cTrata-se de um projeto de qualifica\u00e7\u00e3o da aten\u00e7\u00e3o obst\u00e9trica e neonatal hospitalar com atividades de ensino, com produ\u00e7\u00e3o de impacto em toda a rede de servi\u00e7os da linha de cuidados da sa\u00fade da mulher e da crian\u00e7a. A medida totaliza, em quatro anos, investimento de R$ 13,6 milh\u00f5es.\u201d<\/p>\n<p style=\"text-align: justify;\"><strong>Riscos da ces\u00e1rea<\/strong><\/p>\n<p style=\"text-align: justify;\">Em 2016, o minist\u00e9rio publicou o Protocolo Cl\u00ednico de Diretrizes Terap\u00eauticas para Cesariana, com par\u00e2metros que devem ser seguidos pelos servi\u00e7os de sa\u00fade. A proposta \u00e9 auxiliar e orientar profissionais da sa\u00fade a diminuir o n\u00famero de cesarianas desnecess\u00e1rias, j\u00e1 que o procedimento, quando n\u00e3o indicado corretamente, traz riscos como o aumento da probabilidade de surgimento de problemas respirat\u00f3rios para o rec\u00e9m-nascido e grande risco de morte materna e infantil.<\/p>\n<p style=\"text-align: justify;\"><strong>Acompanhe tamb\u00e9m o SE Not\u00edcias no <a href=\"https:\/\/twitter.com\/Senoticias\">Twitter<\/a>, <a href=\"https:\/\/www.facebook.com\/PortalSENoticias\/\">Facebook <\/a>e no <a href=\"https:\/\/www.instagram.com\/senoticias\/\">Instagram<\/a><\/strong><\/p>\n<p style=\"text-align: justify;\"><img loading=\"lazy\" decoding=\"async\" class=\"aligncenter size-full wp-image-101307\" src=\"http:\/\/senoticias.com.br\/se\/wp-content\/uploads\/2017\/03\/Logo-fone-1-2-1-2-4-1.jpg\" alt=\"Logo-fone-1-2-1-2-4\" width=\"599\" height=\"78\" srcset=\"https:\/\/senoticias.com.br\/se\/wp-content\/uploads\/2017\/03\/Logo-fone-1-2-1-2-4-1.jpg 599w, https:\/\/senoticias.com.br\/se\/wp-content\/uploads\/2017\/03\/Logo-fone-1-2-1-2-4-1-300x39.jpg 300w\" sizes=\"(max-width: 599px) 100vw, 599px\" \/><\/p>\n<p style=\"text-align: justify;\"><em>Da Ag\u00eancia Brasil<\/em><\/p>\n","protected":false},"excerpt":{"rendered":"<p>Pela primeira vez desde 2010, o n\u00famero de cesarianas na rede p\u00fablica e privada de sa\u00fade n\u00e3o cresceu no pa\u00eds. Dados divulgados hoje (10) pelo Minist\u00e9rio da Sa\u00fade revelam que esse tipo de procedimento, que apresentava curva ascendente, caiu 1,5 ponto percentual em 2015. Dos 3 milh\u00f5es de partos feitos no Brasil no per\u00edodo, 55,5% [&hellip;]<\/p>\n","protected":false},"author":2,"featured_media":101381,"comment_status":"closed","ping_status":"closed","sticky":false,"template":"","format":"standard","meta":{"footnotes":""},"categories":[8],"tags":[],"class_list":{"0":"post-101379","1":"post","2":"type-post","3":"status-publish","4":"format-standard","5":"has-post-thumbnail","7":"category-esporte-e-cultura"},"_links":{"self":[{"href":"https:\/\/senoticias.com.br\/se\/wp-json\/wp\/v2\/posts\/101379"}],"collection":[{"href":"https:\/\/senoticias.com.br\/se\/wp-json\/wp\/v2\/posts"}],"about":[{"href":"https:\/\/senoticias.com.br\/se\/wp-json\/wp\/v2\/types\/post"}],"author":[{"embeddable":true,"href":"https:\/\/senoticias.com.br\/se\/wp-json\/wp\/v2\/users\/2"}],"replies":[{"embeddable":true,"href":"https:\/\/senoticias.com.br\/se\/wp-json\/wp\/v2\/comments?post=101379"}],"version-history":[{"count":0,"href":"https:\/\/senoticias.com.br\/se\/wp-json\/wp\/v2\/posts\/101379\/revisions"}],"wp:featuredmedia":[{"embeddable":true,"href":"https:\/\/senoticias.com.br\/se\/wp-json\/wp\/v2\/media\/101381"}],"wp:attachment":[{"href":"https:\/\/senoticias.com.br\/se\/wp-json\/wp\/v2\/media?parent=101379"}],"wp:term":[{"taxonomy":"category","embeddable":true,"href":"https:\/\/senoticias.com.br\/se\/wp-json\/wp\/v2\/categories?post=101379"},{"taxonomy":"post_tag","embeddable":true,"href":"https:\/\/senoticias.com.br\/se\/wp-json\/wp\/v2\/tags?post=101379"}],"curies":[{"name":"wp","href":"https:\/\/api.w.org\/{rel}","templated":true}]}}