{"id":101377,"date":"2017-03-10T13:37:21","date_gmt":"2017-03-10T16:37:21","guid":{"rendered":"http:\/\/senoticias.com.br\/se\/?p=101377"},"modified":"2017-03-10T13:37:21","modified_gmt":"2017-03-10T16:37:21","slug":"alimentos-tem-queda-de-precos-de-045-em-fevereiro-diz-ibge","status":"publish","type":"post","link":"https:\/\/senoticias.com.br\/se\/alimentos-tem-queda-de-precos-de-045-em-fevereiro-diz-ibge\/","title":{"rendered":"Alimentos t\u00eam queda de pre\u00e7os de 0,45% em fevereiro, diz IBGE"},"content":{"rendered":"<p style=\"text-align: justify;\">Com uma queda de pre\u00e7os de 0,45%, os alimentos foram os principais respons\u00e1veis pelo recuo da infla\u00e7\u00e3o oficial, medida pelo \u00cdndice Nacional de Pre\u00e7os ao Consumidor Amplo (IPCA), em fevereiro deste ano, na compara\u00e7\u00e3o com o m\u00eas anterior. O IPCA recuou de 0,38% em janeiro para 0,33% em fevereiro.<\/p>\n<div id=\"attachment_101378\" style=\"width: 609px\" class=\"wp-caption aligncenter\"><img loading=\"lazy\" decoding=\"async\" aria-describedby=\"caption-attachment-101378\" class=\"size-full wp-image-101378\" src=\"http:\/\/senoticias.com.br\/se\/wp-content\/uploads\/2017\/03\/SENot\u00edcias-1064929-edit_04214.jpg\" alt=\"Em fevereiro, brasileiros gastaram menos para comprar alimentos   (Foto: T\u00e2nia R\u00eago\/Ag\u00eancia Brasil)\" width=\"599\" height=\"401\" srcset=\"https:\/\/senoticias.com.br\/se\/wp-content\/uploads\/2017\/03\/SENot\u00edcias-1064929-edit_04214.jpg 599w, https:\/\/senoticias.com.br\/se\/wp-content\/uploads\/2017\/03\/SENot\u00edcias-1064929-edit_04214-300x201.jpg 300w, https:\/\/senoticias.com.br\/se\/wp-content\/uploads\/2017\/03\/SENot\u00edcias-1064929-edit_04214-90x60.jpg 90w, https:\/\/senoticias.com.br\/se\/wp-content\/uploads\/2017\/03\/SENot\u00edcias-1064929-edit_04214-180x120.jpg 180w, https:\/\/senoticias.com.br\/se\/wp-content\/uploads\/2017\/03\/SENot\u00edcias-1064929-edit_04214-95x64.jpg 95w\" sizes=\"(max-width: 599px) 100vw, 599px\" \/><p id=\"caption-attachment-101378\" class=\"wp-caption-text\">Em fevereiro, brasileiros gastaram menos para comprar alimentos (Foto: T\u00e2nia R\u00eago\/Ag\u00eancia Brasil)<\/p><\/div>\n<p style=\"text-align: justify;\">Os alimentos, que haviam tido uma infla\u00e7\u00e3o de 0,35% em janeiro, registraram uma queda de pre\u00e7os (defla\u00e7\u00e3o) de 0,45% no m\u00eas seguinte. Os n\u00fameros foram divulgados hoje pelo Instituto Brasileiro de Geografia e Estat\u00edstica (IBGE).<\/p>\n<p style=\"text-align: justify;\">A queda de pre\u00e7os do grupo alimenta\u00e7\u00e3o e bebidas em fevereiro foi provocada por recuos nos pre\u00e7os de v\u00e1rios produtos, como o feij\u00e3o-carioca (-14,22%), feij\u00e3o-preto (-9,22%), batata-inglesa (-5,06%), frango inteiro (-3,83%), tomate (-3,33%), frutas (-2,46%), farinha de trigo (-1,22%), carnes (-1,22%), a\u00e7\u00facar refinado (-1,10%), arroz (-0,60%) e p\u00e3o franc\u00eas (-0,55%).<\/p>\n<p style=\"text-align: justify;\">Apesar da queda de muitos produtos, alguns alimentos ficaram mais caros. \u00c9 o caso da cenoura (11,77%), hortali\u00e7as (5,22%), farinha de mandioca (2,63%), caf\u00e9 mo\u00eddo (1,82%) e \u00f3leo de soja (1,05%).<\/p>\n<p style=\"text-align: justify;\">E, enquanto comprar produtos para fazer sua pr\u00f3pria refei\u00e7\u00e3o em casa ficou, em m\u00e9dia, 0,75% mais barato em fevereiro, comer fora custou mais 0,11%. As cidades onde o custo da refei\u00e7\u00e3o fora de casa aumentou mais em fevereiro foram Fortaleza e Campo Grande (0,75%).<\/p>\n<p style=\"text-align: justify;\"><strong>Educa\u00e7\u00e3o<\/strong><\/p>\n<p style=\"text-align: justify;\">O aumento de 5,04% dos gastos com educa\u00e7\u00e3o, por outro lado, impediu uma queda maior da infla\u00e7\u00e3o oficial. Fevereiro \u00e9 o m\u00eas em que habitualmente s\u00e3o reajustadas as mensalidades dos cursos regulares, cujos valores subiram 6,99%. Esse foi o item individual que mais pesou na infla\u00e7\u00e3o do m\u00eas.<\/p>\n<p style=\"text-align: justify;\"><strong>Acompanhe tamb\u00e9m o SE Not\u00edcias no <a href=\"https:\/\/twitter.com\/Senoticias\">Twitter<\/a>, <a href=\"https:\/\/www.facebook.com\/PortalSENoticias\/\">Facebook <\/a>e no <a href=\"https:\/\/www.instagram.com\/senoticias\/\">Instagram<\/a><\/strong><\/p>\n<p style=\"text-align: justify;\"><img loading=\"lazy\" decoding=\"async\" class=\"aligncenter size-full wp-image-101307\" src=\"http:\/\/senoticias.com.br\/se\/wp-content\/uploads\/2017\/03\/Logo-fone-1-2-1-2-4-1.jpg\" alt=\"Logo-fone-1-2-1-2-4\" width=\"599\" height=\"78\" srcset=\"https:\/\/senoticias.com.br\/se\/wp-content\/uploads\/2017\/03\/Logo-fone-1-2-1-2-4-1.jpg 599w, https:\/\/senoticias.com.br\/se\/wp-content\/uploads\/2017\/03\/Logo-fone-1-2-1-2-4-1-300x39.jpg 300w\" sizes=\"(max-width: 599px) 100vw, 599px\" \/><\/p>\n<p style=\"text-align: justify;\"><em>Da Ag\u00eancia Brasil<\/em><\/p>\n","protected":false},"excerpt":{"rendered":"<p>Com uma queda de pre\u00e7os de 0,45%, os alimentos foram os principais respons\u00e1veis pelo recuo da infla\u00e7\u00e3o oficial, medida pelo \u00cdndice Nacional de Pre\u00e7os ao Consumidor Amplo (IPCA), em fevereiro deste ano, na compara\u00e7\u00e3o com o m\u00eas anterior. O IPCA recuou de 0,38% em janeiro para 0,33% em fevereiro. Os alimentos, que haviam tido uma [&hellip;]<\/p>\n","protected":false},"author":2,"featured_media":101378,"comment_status":"closed","ping_status":"closed","sticky":false,"template":"","format":"standard","meta":{"footnotes":""},"categories":[8],"tags":[],"class_list":{"0":"post-101377","1":"post","2":"type-post","3":"status-publish","4":"format-standard","5":"has-post-thumbnail","7":"category-esporte-e-cultura"},"_links":{"self":[{"href":"https:\/\/senoticias.com.br\/se\/wp-json\/wp\/v2\/posts\/101377"}],"collection":[{"href":"https:\/\/senoticias.com.br\/se\/wp-json\/wp\/v2\/posts"}],"about":[{"href":"https:\/\/senoticias.com.br\/se\/wp-json\/wp\/v2\/types\/post"}],"author":[{"embeddable":true,"href":"https:\/\/senoticias.com.br\/se\/wp-json\/wp\/v2\/users\/2"}],"replies":[{"embeddable":true,"href":"https:\/\/senoticias.com.br\/se\/wp-json\/wp\/v2\/comments?post=101377"}],"version-history":[{"count":0,"href":"https:\/\/senoticias.com.br\/se\/wp-json\/wp\/v2\/posts\/101377\/revisions"}],"wp:featuredmedia":[{"embeddable":true,"href":"https:\/\/senoticias.com.br\/se\/wp-json\/wp\/v2\/media\/101378"}],"wp:attachment":[{"href":"https:\/\/senoticias.com.br\/se\/wp-json\/wp\/v2\/media?parent=101377"}],"wp:term":[{"taxonomy":"category","embeddable":true,"href":"https:\/\/senoticias.com.br\/se\/wp-json\/wp\/v2\/categories?post=101377"},{"taxonomy":"post_tag","embeddable":true,"href":"https:\/\/senoticias.com.br\/se\/wp-json\/wp\/v2\/tags?post=101377"}],"curies":[{"name":"wp","href":"https:\/\/api.w.org\/{rel}","templated":true}]}}