{"id":101375,"date":"2017-03-10T13:33:12","date_gmt":"2017-03-10T16:33:12","guid":{"rendered":"http:\/\/senoticias.com.br\/se\/?p=101375"},"modified":"2017-03-10T13:33:12","modified_gmt":"2017-03-10T16:33:12","slug":"saque-das-contas-inativas-do-fgts-comeca-para-nascidos-em-janeiro-e-fevereiro","status":"publish","type":"post","link":"https:\/\/senoticias.com.br\/se\/saque-das-contas-inativas-do-fgts-comeca-para-nascidos-em-janeiro-e-fevereiro\/","title":{"rendered":"Saque das contas inativas do FGTS come\u00e7a para nascidos em janeiro e fevereiro"},"content":{"rendered":"<p style=\"text-align: justify;\">Come\u00e7a hoje (10) o pagamento das contas inativas do Fundo de Garantia do Tempo de Servi\u00e7o (FGTS) para trabalhadores nascidos nos meses de janeiro e fevereiro. A partir desta sexta-feira, ser\u00e3o 4,8 milh\u00f5es de pessoas aptas a sacar quase R$ 7 bilh\u00f5es, o equivalente a 15,9% do total dispon\u00edvel. Cerca de 1,6 milh\u00e3o de trabalhadores receber\u00e3o automaticamente o cr\u00e9dito em suas contas na Caixa, no primeiro dia em que o dinheiro estar\u00e1 dispon\u00edvel. As ag\u00eancias do banco v\u00e3o abrir neste s\u00e1bado (11), das 9h \u00e0s 15h.<\/p>\n<div id=\"attachment_101376\" style=\"width: 609px\" class=\"wp-caption aligncenter\"><img loading=\"lazy\" decoding=\"async\" aria-describedby=\"caption-attachment-101376\" class=\"size-full wp-image-101376\" src=\"http:\/\/senoticias.com.br\/se\/wp-content\/uploads\/2017\/03\/SENot\u00edcias-58c078c72569ee389bba16af8ddad19af97f1ee791466.jpg\" alt=\"Nascidos e janeiro e fevereiro podem sacar a partir de hoje (Foto: Divulga\u00e7\u00e3o)\" width=\"599\" height=\"398\" srcset=\"https:\/\/senoticias.com.br\/se\/wp-content\/uploads\/2017\/03\/SENot\u00edcias-58c078c72569ee389bba16af8ddad19af97f1ee791466.jpg 599w, https:\/\/senoticias.com.br\/se\/wp-content\/uploads\/2017\/03\/SENot\u00edcias-58c078c72569ee389bba16af8ddad19af97f1ee791466-300x199.jpg 300w, https:\/\/senoticias.com.br\/se\/wp-content\/uploads\/2017\/03\/SENot\u00edcias-58c078c72569ee389bba16af8ddad19af97f1ee791466-90x60.jpg 90w, https:\/\/senoticias.com.br\/se\/wp-content\/uploads\/2017\/03\/SENot\u00edcias-58c078c72569ee389bba16af8ddad19af97f1ee791466-180x120.jpg 180w, https:\/\/senoticias.com.br\/se\/wp-content\/uploads\/2017\/03\/SENot\u00edcias-58c078c72569ee389bba16af8ddad19af97f1ee791466-95x64.jpg 95w\" sizes=\"(max-width: 599px) 100vw, 599px\" \/><p id=\"caption-attachment-101376\" class=\"wp-caption-text\">Nascidos e janeiro e fevereiro podem sacar a partir de hoje (Foto: Divulga\u00e7\u00e3o)<\/p><\/div>\n<p style=\"text-align: justify;\">Al\u00e9m disso, mais de 1,2 milh\u00e3o de pessoas poder\u00e3o sacar utilizando o Cart\u00e3o Cidad\u00e3o no autoatendimento, nas lot\u00e9ricas e correspondentes Caixa Aqui. Os demais trabalhadores dever\u00e3o sacar seus recursos nas ag\u00eancias, que abrir\u00e3o hoje (10), segunda (13) e ter\u00e7a-feira (14) com duas horas de anteced\u00eancia para auxiliar no fluxo de atendimento.<\/p>\n<p style=\"text-align: justify;\">Estar\u00e3o abertas 1.841 ag\u00eancias, no primeiro s\u00e1bado ap\u00f3s o in\u00edcio do cronograma mensal de pagamento, exceto em abril. Amanh\u00e3, haver\u00e1 atendimento para pagamentos, solucionar d\u00favidas, promover acerto de cadastro dos trabalhadores e emitir senha do Cart\u00e3o Cidad\u00e3o. A rela\u00e7\u00e3o das ag\u00eancias que funcionar\u00e3o no s\u00e1bado pode ser consultada na p\u00e1gina da Caixa.<\/p>\n<p style=\"text-align: justify;\"><strong>Quem pode sacar<\/strong><\/p>\n<p style=\"text-align: justify;\">Pode fazer o saque quem teve contratos de trabalho encerrados at\u00e9 31 de dezembro de 2015. O pagamento das 49,6 milh\u00f5es de contas inativas seguir\u00e1 um calend\u00e1rio espec\u00edfico, que leva em conta o m\u00eas de anivers\u00e1rio do trabalhador. No m\u00eas que vem, poder\u00e3o fazer o saque os nascidos em mar\u00e7o, abril e maio.<\/p>\n<p style=\"text-align: justify;\">Valores at\u00e9 R$ 1,5 mil podem ser sacados no autoatendimento somente com a senha do Cidad\u00e3o. Para valores at\u00e9 R$ 3 mil, o saque pode ser feito com o Cart\u00e3o do Cidad\u00e3o e a senha no autoatendimento, em lot\u00e9ricas e correspondentes Caixa. Acima de R$ 3 mil, os saques devem ser feitos nas ag\u00eancias do banco. A transfer\u00eancia de recursos de contas inativas do FGTS da Caixa Econ\u00f4mica Federal para outros bancos poder\u00e1 ser feita sem a cobran\u00e7a de taxas, a pedido do trabalhador.<\/p>\n<p style=\"text-align: justify;\">A Caixa recomenda que os trabalhadores tenham sempre em m\u00e3os o documento de identifica\u00e7\u00e3o e a Carteira de Trabalho, ou outro documento que comprove a rescis\u00e3o de contrato. Para valores acima de R$ 10 mil \u00e9 obrigat\u00f3ria a apresenta\u00e7\u00e3o desses documentos.<\/p>\n<p style=\"text-align: justify;\">O trabalhador que ainda n\u00e3o sabe se tem dinheiro a receber pode acessar o site sobre as contas inativas. L\u00e1, ele pode verificar o valor a receber, a data do saque e os canais dispon\u00edveis para pagamento. Na tarde de ontem, a Caixa publicou um v\u00eddeo, no qual o diretor do FGTS, Valter Nunes, tira d\u00favidas sobre o saque de contas inativas.<\/p>\n<p style=\"text-align: justify;\"><strong>Estados<\/strong><\/p>\n<p style=\"text-align: justify;\">S\u00e3o Paulo, o Rio de Janeiro e Minas Gerais concentram 53,7% dos trabalhadores com direito ao saque do FGTS e somam mais de 64% do valor total. S\u00e3o Paulo re\u00fane 33,2% do total de benefici\u00e1rios e cerca de 45% do valor dispon\u00edvel para todo o pa\u00eds. O Rio de Janeiro tem 9,46% do total de trabalhadores com direito a receber e 11,73% em valor. Em Minas, s\u00e3o 10,97% do total de trabalhadores habilitados e 7,49% do saldo total.<\/p>\n<p style=\"text-align: justify;\"><strong>Acompanhe tamb\u00e9m o SE Not\u00edcias no <a href=\"https:\/\/twitter.com\/Senoticias\">Twitter<\/a>, <a href=\"https:\/\/www.facebook.com\/PortalSENoticias\/\">Facebook <\/a>e no <a href=\"https:\/\/www.instagram.com\/senoticias\/\">Instagram<\/a><\/strong><\/p>\n<p style=\"text-align: justify;\"><img loading=\"lazy\" decoding=\"async\" class=\"aligncenter size-full wp-image-101307\" src=\"http:\/\/senoticias.com.br\/se\/wp-content\/uploads\/2017\/03\/Logo-fone-1-2-1-2-4-1.jpg\" alt=\"Logo-fone-1-2-1-2-4\" width=\"599\" height=\"78\" srcset=\"https:\/\/senoticias.com.br\/se\/wp-content\/uploads\/2017\/03\/Logo-fone-1-2-1-2-4-1.jpg 599w, https:\/\/senoticias.com.br\/se\/wp-content\/uploads\/2017\/03\/Logo-fone-1-2-1-2-4-1-300x39.jpg 300w\" sizes=\"(max-width: 599px) 100vw, 599px\" \/><\/p>\n<p style=\"text-align: justify;\"><em>Da Ag\u00eancia Brasil<\/em><\/p>\n","protected":false},"excerpt":{"rendered":"<p>Come\u00e7a hoje (10) o pagamento das contas inativas do Fundo de Garantia do Tempo de Servi\u00e7o (FGTS) para trabalhadores nascidos nos meses de janeiro e fevereiro. A partir desta sexta-feira, ser\u00e3o 4,8 milh\u00f5es de pessoas aptas a sacar quase R$ 7 bilh\u00f5es, o equivalente a 15,9% do total dispon\u00edvel. Cerca de 1,6 milh\u00e3o de trabalhadores [&hellip;]<\/p>\n","protected":false},"author":2,"featured_media":101376,"comment_status":"closed","ping_status":"closed","sticky":false,"template":"","format":"standard","meta":{"footnotes":""},"categories":[8],"tags":[],"class_list":{"0":"post-101375","1":"post","2":"type-post","3":"status-publish","4":"format-standard","5":"has-post-thumbnail","7":"category-esporte-e-cultura"},"_links":{"self":[{"href":"https:\/\/senoticias.com.br\/se\/wp-json\/wp\/v2\/posts\/101375"}],"collection":[{"href":"https:\/\/senoticias.com.br\/se\/wp-json\/wp\/v2\/posts"}],"about":[{"href":"https:\/\/senoticias.com.br\/se\/wp-json\/wp\/v2\/types\/post"}],"author":[{"embeddable":true,"href":"https:\/\/senoticias.com.br\/se\/wp-json\/wp\/v2\/users\/2"}],"replies":[{"embeddable":true,"href":"https:\/\/senoticias.com.br\/se\/wp-json\/wp\/v2\/comments?post=101375"}],"version-history":[{"count":0,"href":"https:\/\/senoticias.com.br\/se\/wp-json\/wp\/v2\/posts\/101375\/revisions"}],"wp:featuredmedia":[{"embeddable":true,"href":"https:\/\/senoticias.com.br\/se\/wp-json\/wp\/v2\/media\/101376"}],"wp:attachment":[{"href":"https:\/\/senoticias.com.br\/se\/wp-json\/wp\/v2\/media?parent=101375"}],"wp:term":[{"taxonomy":"category","embeddable":true,"href":"https:\/\/senoticias.com.br\/se\/wp-json\/wp\/v2\/categories?post=101375"},{"taxonomy":"post_tag","embeddable":true,"href":"https:\/\/senoticias.com.br\/se\/wp-json\/wp\/v2\/tags?post=101375"}],"curies":[{"name":"wp","href":"https:\/\/api.w.org\/{rel}","templated":true}]}}