{"id":101368,"date":"2017-03-10T07:24:47","date_gmt":"2017-03-10T10:24:47","guid":{"rendered":"http:\/\/senoticias.com.br\/se\/?p=101368"},"modified":"2017-03-10T07:24:47","modified_gmt":"2017-03-10T10:24:47","slug":"rosario-do-catete-celebra-181-anos-de-emancipacao-politica","status":"publish","type":"post","link":"https:\/\/senoticias.com.br\/se\/rosario-do-catete-celebra-181-anos-de-emancipacao-politica\/","title":{"rendered":"Ros\u00e1rio do Catete celebra 181 anos de emancipa\u00e7\u00e3o pol\u00edtica"},"content":{"rendered":"<p style=\"text-align: justify;\">A Prefeitura de Ros\u00e1rio do Catete, por meio da Secretaria Municipal da Cultura, j\u00e1 definiu a programa\u00e7\u00e3o comemorativa aos 181 anos de emancipa\u00e7\u00e3o pol\u00edtica do munic\u00edpio, localizado na Regi\u00e3o do Baixo do Cotinguiba, h\u00e1 40 km da capital sergipana.<\/p>\n<div id=\"attachment_100106\" style=\"width: 609px\" class=\"wp-caption aligncenter\"><img loading=\"lazy\" decoding=\"async\" aria-describedby=\"caption-attachment-100106\" class=\"size-full wp-image-100106\" src=\"http:\/\/senoticias.com.br\/se\/wp-content\/uploads\/2017\/01\/Etelvino-Barreto-SE-Noticias-1-e1485883474935.jpg\" alt=\"Prefeito de Ros\u00e1rio do Catete Etelvino Barreto (Vino). (Foto: arquivo\/SE Not\u00edcias)\" width=\"599\" height=\"587\" \/><p id=\"caption-attachment-100106\" class=\"wp-caption-text\">Prefeito de Ros\u00e1rio do Catete Etelvino Barreto. \u00a0(Foto: arquivo\/SE Not\u00edcias)<\/p><\/div>\n<p style=\"text-align: justify;\">As comemora\u00e7\u00f5es come\u00e7am na sexta-feira, \u00e0s 19h30, no Cine Teatro Municipal, com a apresenta\u00e7\u00e3o da Banda de Concerto. No s\u00e1bado, a partir das 7h, no Gin\u00e1sio de Esportes, haver\u00e1 o Torneio da Emancipa\u00e7\u00e3o.<\/p>\n<p style=\"text-align: justify;\">J\u00e1 no domingo, que \u00e9 a data de anivers\u00e1rio da cidade, as comemora\u00e7\u00f5es come\u00e7am \u00e0s 5h com Alvorada Festiva. Em seguida, \u00e0s 6h, haver\u00e1 o hasteamento da Bandeira, na Pra\u00e7a Clodoaldo Passos, no Centro da cidade. \u00c0s 18h ser\u00e1 celebrada missa na Igreja Matriz em homenagem as mais de 18 d\u00e9cadas do munic\u00edpio. As festividades se encerram \u00e0s 19h30, na Pra\u00e7a Clodoaldo Passos, com a apresenta\u00e7\u00e3o da Banda Nossa Senhora do Ros\u00e1rio.<\/p>\n<p style=\"text-align: justify;\">A secret\u00e1ria municipal de Cultura, Maura Cec\u00edlia, destaca a import\u00e2ncia da data para o calend\u00e1rio cultural e hist\u00f3rico de Sergipe.<\/p>\n<p style=\"text-align: justify;\">\u201cEssa \u00e9 uma data muito importante para o nosso povo, afinal de contas j\u00e1 s\u00e3o 18 d\u00e9cadas e um m\u00eas de uma rica hist\u00f3ria que muito orgulha a nossa gente. E para manter a tradi\u00e7\u00e3o e comemorar esta importante data a Secretaria da Cultura estar\u00e1 promovendo, a partir de amanh\u00e3, uma programa\u00e7\u00e3o voltada a resgatar a cultura local e valorizar ainda mais a nossa hist\u00f3ria\u201d, explica a secret\u00e1ria.<\/p>\n<p style=\"text-align: justify;\">Para o prefeito Etelvino Barreto (Vino), comemorar 181 anos de hist\u00f3ria \u00e9 motivo de muito orgulho. Ele reconhece que Ros\u00e1rio s\u00f3 avan\u00e7ou por causa da luta e a generosidade do povo rosarense.<\/p>\n<p style=\"text-align: justify;\">\u201c\u00c9 motivo de muito orgulho estar \u00e0 frente da administra\u00e7\u00e3o municipal na data em que a nossa cidade comemora 181 anos de hist\u00f3ria e tradi\u00e7\u00e3o. Nosso compromisso \u00e9 continuar trabalhando para que Ros\u00e1rio se desenvolva ainda mais. A generosidade e a luta do nosso povo tornaram o munic\u00edpio de Ros\u00e1rio numa refer\u00eancia social, pol\u00edtica e cultural para a hist\u00f3ria de Sergipe. Venham comemorar conosco esta data hist\u00f3rica. Estamos todos de bra\u00e7os abertos para receb\u00ea-los\u201d, diz empolgado o prefeito.<\/p>\n<p style=\"text-align: justify;\"><strong>Hist\u00f3ria<\/strong><\/p>\n<p style=\"text-align: justify;\">Em 1836 nasce a Vila de Ros\u00e1rio do Catete, por lei provincial de 12 de mar\u00e7o de 1836, como resultado da revolta de Santo Amaro das Brotas contra Maruim e Ros\u00e1rio do Catete. Em consequ\u00eancia de problemas eleitorais envolvendo os l\u00edderes partid\u00e1rios Sebasti\u00e3o Gaspar de Almeida Boto e Ant\u00f4nio Jos\u00e9 da Silva Travassos, ambos filhos de Santo Amaro, travou uma luta sangrenta entre as corpora\u00e7\u00f5es, mil\u00edcias e os cidad\u00e3os influentes na pol\u00edtica da prov\u00edncia de Sergipe. Neste combate um soldado foi morto de nome Evaristo pelos homens de Boto, isso aumentou ainda mais o esp\u00edrito de revolta do povo de Santo Amaro que a parti desta data delimitou \u00e0 \u00e1rea da ent\u00e3o Vila que acabava de surgir a Vila de Ros\u00e1rio do Catete.<\/p>\n<p>&nbsp;<\/p>\n<p style=\"text-align: justify;\">Hoje nas novas pesquisas e interpreta\u00e7\u00f5es das fontes primarias, se conclui que esse soldado, foi um l\u00edder pol\u00edtico e membro importante das trocas Ant\u00f4nio Jos\u00e9 da Silva Travassos tendo seu funeral com horam de estado. Segundo o Historiador Lima Junior descreve que o Evaristo foi uma influente lideran\u00e7a pol\u00edtica e militar de Travassos, e n\u00e3o um simples soldado que vendia peixe para completar sua renda, \u00e9 a hist\u00f3ria que est\u00e1 no cotidiano dos rosarenses que de no local onde aconteceu este assassinato foram erguidas uma capela e uma cruz, onde a cidade passou a chamar de cruz do Evaristo. Um dos marcos marco Hist\u00f3ricos da Cidade de Ros\u00e1rio do catete.<\/p>\n<p>&nbsp;<\/p>\n<p><strong>Acompanhe tamb\u00e9m o SE Not\u00edcias no <a href=\"https:\/\/twitter.com\/Senoticias\">Twitter<\/a>, <a href=\"https:\/\/www.facebook.com\/PortalSENoticias\/?ref=page_internal\">Facebook <\/a>e no <a href=\"https:\/\/www.instagram.com\/senoticias\/\">Instagram<\/a><\/strong><\/p>\n<p><img loading=\"lazy\" decoding=\"async\" class=\"aligncenter size-full wp-image-101307\" src=\"http:\/\/senoticias.com.br\/se\/wp-content\/uploads\/2017\/03\/Logo-fone-1-2-1-2-4-1.jpg\" alt=\"Logo-fone-1-2-1-2-4\" width=\"599\" height=\"78\" srcset=\"https:\/\/senoticias.com.br\/se\/wp-content\/uploads\/2017\/03\/Logo-fone-1-2-1-2-4-1.jpg 599w, https:\/\/senoticias.com.br\/se\/wp-content\/uploads\/2017\/03\/Logo-fone-1-2-1-2-4-1-300x39.jpg 300w\" sizes=\"(max-width: 599px) 100vw, 599px\" \/><\/p>\n<p>&nbsp;<\/p>\n<p>&nbsp;<\/p>\n<p>Por Ascom\/ Ros\u00e1rio<\/p>\n","protected":false},"excerpt":{"rendered":"<p>A Prefeitura de Ros\u00e1rio do Catete, por meio da Secretaria Municipal da Cultura, j\u00e1 definiu a programa\u00e7\u00e3o comemorativa aos 181 anos de emancipa\u00e7\u00e3o pol\u00edtica do munic\u00edpio, localizado na Regi\u00e3o do Baixo do Cotinguiba, h\u00e1 40 km da capital sergipana. As comemora\u00e7\u00f5es come\u00e7am na sexta-feira, \u00e0s 19h30, no Cine Teatro Municipal, com a apresenta\u00e7\u00e3o da Banda [&hellip;]<\/p>\n","protected":false},"author":2,"featured_media":100106,"comment_status":"closed","ping_status":"closed","sticky":false,"template":"","format":"standard","meta":{"footnotes":""},"categories":[38],"tags":[],"class_list":{"0":"post-101368","1":"post","2":"type-post","3":"status-publish","4":"format-standard","5":"has-post-thumbnail","7":"category-municipios"},"_links":{"self":[{"href":"https:\/\/senoticias.com.br\/se\/wp-json\/wp\/v2\/posts\/101368"}],"collection":[{"href":"https:\/\/senoticias.com.br\/se\/wp-json\/wp\/v2\/posts"}],"about":[{"href":"https:\/\/senoticias.com.br\/se\/wp-json\/wp\/v2\/types\/post"}],"author":[{"embeddable":true,"href":"https:\/\/senoticias.com.br\/se\/wp-json\/wp\/v2\/users\/2"}],"replies":[{"embeddable":true,"href":"https:\/\/senoticias.com.br\/se\/wp-json\/wp\/v2\/comments?post=101368"}],"version-history":[{"count":0,"href":"https:\/\/senoticias.com.br\/se\/wp-json\/wp\/v2\/posts\/101368\/revisions"}],"wp:featuredmedia":[{"embeddable":true,"href":"https:\/\/senoticias.com.br\/se\/wp-json\/wp\/v2\/media\/100106"}],"wp:attachment":[{"href":"https:\/\/senoticias.com.br\/se\/wp-json\/wp\/v2\/media?parent=101368"}],"wp:term":[{"taxonomy":"category","embeddable":true,"href":"https:\/\/senoticias.com.br\/se\/wp-json\/wp\/v2\/categories?post=101368"},{"taxonomy":"post_tag","embeddable":true,"href":"https:\/\/senoticias.com.br\/se\/wp-json\/wp\/v2\/tags?post=101368"}],"curies":[{"name":"wp","href":"https:\/\/api.w.org\/{rel}","templated":true}]}}