{"id":101365,"date":"2017-03-10T06:51:20","date_gmt":"2017-03-10T09:51:20","guid":{"rendered":"http:\/\/senoticias.com.br\/se\/?p=101365"},"modified":"2017-03-10T06:52:40","modified_gmt":"2017-03-10T09:52:40","slug":"associacao-dos-prefeitos-emite-nota-sobre-salario-dos-prefeitos-sergipanos","status":"publish","type":"post","link":"https:\/\/senoticias.com.br\/se\/associacao-dos-prefeitos-emite-nota-sobre-salario-dos-prefeitos-sergipanos\/","title":{"rendered":"FAMES emite nota sobre mat\u00e9ria do TCE acerca do sal\u00e1rio dos prefeitos sergipanos"},"content":{"rendered":"<p style=\"text-align: justify;\">Segundo o artigo 37 de nossa Carta Magna, nenhum sal\u00e1rio de servidor p\u00fablico deve ultrapassar a remunera\u00e7\u00e3o dos ministros do Supremo Tribunal Federal (STF). Isso significa que o teto do funcionalismo p\u00fablico, hoje, equivale a R$ 33.763,00.<img loading=\"lazy\" decoding=\"async\" class=\"aligncenter size-full wp-image-101366\" src=\"http:\/\/senoticias.com.br\/se\/wp-content\/uploads\/2017\/03\/nota-da-fames-senoticias-e1489139401812.jpg\" alt=\"nota da fames senoticias\" width=\"599\" height=\"542\" \/><\/p>\n<p style=\"text-align: justify;\">Na rela\u00e7\u00e3o exposta pelo TCE, nenhum prefeito de Sergipe recebe acima desse valor, que \u00e9 fixado de acordo com leis municipais pr\u00f3prias, mas sempre respeitando o limite do Teto.<\/p>\n<p style=\"text-align: justify;\">Portanto, n\u00e3o h\u00e1 nenhuma irregularidade nos valores percebidos por alguns gestores sergipanos, uma vez que n\u00e3o se pode diferenciar impostos A ou B. Ou seja, o mesmo imposto que custeia o sal\u00e1rio dos prefeitos, \u00e9 o mesmo que paga os sal\u00e1rios dos demais agentes p\u00fablicos, pol\u00edticos e at\u00e9 mesmo integrantes dos tribunais.<\/p>\n<p style=\"text-align: justify;\"><img loading=\"lazy\" decoding=\"async\" class=\"aligncenter size-full wp-image-101307\" src=\"http:\/\/senoticias.com.br\/se\/wp-content\/uploads\/2017\/03\/Logo-fone-1-2-1-2-4-1.jpg\" alt=\"Logo-fone-1-2-1-2-4\" width=\"599\" height=\"78\" srcset=\"https:\/\/senoticias.com.br\/se\/wp-content\/uploads\/2017\/03\/Logo-fone-1-2-1-2-4-1.jpg 599w, https:\/\/senoticias.com.br\/se\/wp-content\/uploads\/2017\/03\/Logo-fone-1-2-1-2-4-1-300x39.jpg 300w\" sizes=\"(max-width: 599px) 100vw, 599px\" \/><\/p>\n<p style=\"text-align: justify;\"><strong>Acompanhe tamb\u00e9m o SE Not\u00edcias no <a href=\"https:\/\/twitter.com\/Senoticias\">Twitter<\/a>, <a href=\"https:\/\/www.facebook.com\/PortalSENoticias\/?ref=page_internal\">Facebook <\/a>e no <a href=\"https:\/\/www.instagram.com\/senoticias\/\">Instagram<\/a><\/strong><\/p>\n<p style=\"text-align: justify;\"><em>Da Assessoria de Imprensa\/FAMES<\/em><\/p>\n<p style=\"text-align: justify;\">\n","protected":false},"excerpt":{"rendered":"<p>Segundo o artigo 37 de nossa Carta Magna, nenhum sal\u00e1rio de servidor p\u00fablico deve ultrapassar a remunera\u00e7\u00e3o dos ministros do Supremo Tribunal Federal (STF). Isso significa que o teto do funcionalismo p\u00fablico, hoje, equivale a R$ 33.763,00. Na rela\u00e7\u00e3o exposta pelo TCE, nenhum prefeito de Sergipe recebe acima desse valor, que \u00e9 fixado de acordo [&hellip;]<\/p>\n","protected":false},"author":2,"featured_media":101366,"comment_status":"closed","ping_status":"closed","sticky":false,"template":"","format":"standard","meta":{"footnotes":""},"categories":[6],"tags":[],"class_list":{"0":"post-101365","1":"post","2":"type-post","3":"status-publish","4":"format-standard","5":"has-post-thumbnail","7":"category-politica"},"_links":{"self":[{"href":"https:\/\/senoticias.com.br\/se\/wp-json\/wp\/v2\/posts\/101365"}],"collection":[{"href":"https:\/\/senoticias.com.br\/se\/wp-json\/wp\/v2\/posts"}],"about":[{"href":"https:\/\/senoticias.com.br\/se\/wp-json\/wp\/v2\/types\/post"}],"author":[{"embeddable":true,"href":"https:\/\/senoticias.com.br\/se\/wp-json\/wp\/v2\/users\/2"}],"replies":[{"embeddable":true,"href":"https:\/\/senoticias.com.br\/se\/wp-json\/wp\/v2\/comments?post=101365"}],"version-history":[{"count":0,"href":"https:\/\/senoticias.com.br\/se\/wp-json\/wp\/v2\/posts\/101365\/revisions"}],"wp:featuredmedia":[{"embeddable":true,"href":"https:\/\/senoticias.com.br\/se\/wp-json\/wp\/v2\/media\/101366"}],"wp:attachment":[{"href":"https:\/\/senoticias.com.br\/se\/wp-json\/wp\/v2\/media?parent=101365"}],"wp:term":[{"taxonomy":"category","embeddable":true,"href":"https:\/\/senoticias.com.br\/se\/wp-json\/wp\/v2\/categories?post=101365"},{"taxonomy":"post_tag","embeddable":true,"href":"https:\/\/senoticias.com.br\/se\/wp-json\/wp\/v2\/tags?post=101365"}],"curies":[{"name":"wp","href":"https:\/\/api.w.org\/{rel}","templated":true}]}}