{"id":101359,"date":"2017-03-09T15:02:35","date_gmt":"2017-03-09T18:02:35","guid":{"rendered":"http:\/\/senoticias.com.br\/se\/?p=101359"},"modified":"2017-03-09T15:02:35","modified_gmt":"2017-03-09T18:02:35","slug":"municipios-com-nota-baixa-no-ideb-terao-acompanhamento-do-tce","status":"publish","type":"post","link":"https:\/\/senoticias.com.br\/se\/municipios-com-nota-baixa-no-ideb-terao-acompanhamento-do-tce\/","title":{"rendered":"Munic\u00edpios com nota baixa no Ideb ter\u00e3o acompanhamento do TCE"},"content":{"rendered":"<p style=\"text-align: justify;\">O colegiado do Tribunal de Contas do Estado (TCE\/SE) aprovou no Pleno desta quinta-feira, 9, propositura da conselheira Susana Azevedo, vice-presidente do \u00f3rg\u00e3o, no sentido de desenvolver um projeto de acompanhamento educacional junto a 11 munic\u00edpios que apresentaram baixo desempenho no \u00cdndice de Desenvolvimento da Educa\u00e7\u00e3o B\u00e1sica (Ideb).<\/p>\n<div id=\"attachment_101360\" style=\"width: 609px\" class=\"wp-caption aligncenter\"><img loading=\"lazy\" decoding=\"async\" aria-describedby=\"caption-attachment-101360\" class=\"size-full wp-image-101360\" src=\"http:\/\/senoticias.com.br\/se\/wp-content\/uploads\/2017\/03\/SENot\u00edcias-6.jpg\" alt=\"Susana Azevedo, vice-presidente do TCE (Foto: Divulga\u00e7\u00e3o) \" width=\"599\" height=\"398\" srcset=\"https:\/\/senoticias.com.br\/se\/wp-content\/uploads\/2017\/03\/SENot\u00edcias-6.jpg 599w, https:\/\/senoticias.com.br\/se\/wp-content\/uploads\/2017\/03\/SENot\u00edcias-6-300x199.jpg 300w, https:\/\/senoticias.com.br\/se\/wp-content\/uploads\/2017\/03\/SENot\u00edcias-6-90x60.jpg 90w, https:\/\/senoticias.com.br\/se\/wp-content\/uploads\/2017\/03\/SENot\u00edcias-6-180x120.jpg 180w, https:\/\/senoticias.com.br\/se\/wp-content\/uploads\/2017\/03\/SENot\u00edcias-6-95x64.jpg 95w\" sizes=\"(max-width: 599px) 100vw, 599px\" \/><p id=\"caption-attachment-101360\" class=\"wp-caption-text\">Susana Azevedo, vice-presidente do TCE (Foto: Divulga\u00e7\u00e3o)<\/p><\/div>\n<p style=\"text-align: justify;\">Conforme ficou definido, dentre os sete conselheiros, cinco ir\u00e3o coordenar a a\u00e7\u00e3o junto aos dois munic\u00edpios com piores resultados educacionais nas suas respectivas \u00e1reas de controle e inspe\u00e7\u00e3o. As exce\u00e7\u00f5es s\u00e3o o conselheiro Ulices Andrade, que cuidar\u00e1 apenas da capital sergipana, e o conselheiro Cl\u00f3vis Barbosa, que por estar na presid\u00eancia n\u00e3o relata processo.<\/p>\n<p style=\"text-align: justify;\">&#8220;Nosso intuito ser\u00e1 o de aprimorar o conhecimento dos gestores acerca do trato com a coisa p\u00fablica, assim como auxiliar as administra\u00e7\u00f5es com mecanismos de gest\u00e3o que venham a otimizar os gastos de forma a proporcionalizar melhores resultados educacionais&#8221;, explicou a conselheira.<\/p>\n<p style=\"text-align: justify;\">De acordo com a vice-presidente do Tribunal, o trabalho contar\u00e1 com a expertise e contribui\u00e7\u00e3o volunt\u00e1ria do Professor Doutor Jos\u00e9 Fernandes de Lima, al\u00e9m da participa\u00e7\u00e3o do procurador-geral do Minist\u00e9rio P\u00fablico de Contas, Jo\u00e3o Augusto Bandeira de Mello. A primeira reuni\u00e3o acerca do tema ocorrer\u00e1 j\u00e1 na pr\u00f3xima segunda-feira, 13.<\/p>\n<p style=\"text-align: justify;\">A perspectiva \u00e9 que as a\u00e7\u00f5es tenham r\u00e1pido in\u00edcio, &#8220;com vistas a alcan\u00e7ar os resultados antes do final de cada gest\u00e3o municipal, uma vez que os resultados educacionais somente s\u00e3o percept\u00edveis a m\u00e9dio e longo prazo&#8221;, acrescentou Susana Azevedo.<\/p>\n<p style=\"text-align: justify;\"><strong>Acompanhe tamb\u00e9m o SE Not\u00edcias no <a href=\"https:\/\/twitter.com\/Senoticias\">Twitter<\/a>, <a href=\"https:\/\/www.facebook.com\/PortalSENoticias\/\">Facebook <\/a>e no <a href=\"https:\/\/www.instagram.com\/senoticias\/\">Instagram<\/a><\/strong><\/p>\n<p style=\"text-align: justify;\"><img loading=\"lazy\" decoding=\"async\" class=\"aligncenter size-full wp-image-101307\" src=\"http:\/\/senoticias.com.br\/se\/wp-content\/uploads\/2017\/03\/Logo-fone-1-2-1-2-4-1.jpg\" alt=\"Logo-fone-1-2-1-2-4\" width=\"599\" height=\"78\" srcset=\"https:\/\/senoticias.com.br\/se\/wp-content\/uploads\/2017\/03\/Logo-fone-1-2-1-2-4-1.jpg 599w, https:\/\/senoticias.com.br\/se\/wp-content\/uploads\/2017\/03\/Logo-fone-1-2-1-2-4-1-300x39.jpg 300w\" sizes=\"(max-width: 599px) 100vw, 599px\" \/><\/p>\n<p style=\"text-align: justify;\"><em>Do TCE\/SE<\/em><\/p>\n","protected":false},"excerpt":{"rendered":"<p>O colegiado do Tribunal de Contas do Estado (TCE\/SE) aprovou no Pleno desta quinta-feira, 9, propositura da conselheira Susana Azevedo, vice-presidente do \u00f3rg\u00e3o, no sentido de desenvolver um projeto de acompanhamento educacional junto a 11 munic\u00edpios que apresentaram baixo desempenho no \u00cdndice de Desenvolvimento da Educa\u00e7\u00e3o B\u00e1sica (Ideb). Conforme ficou definido, dentre os sete conselheiros, [&hellip;]<\/p>\n","protected":false},"author":2,"featured_media":101360,"comment_status":"closed","ping_status":"closed","sticky":false,"template":"","format":"standard","meta":{"footnotes":""},"categories":[38],"tags":[],"class_list":{"0":"post-101359","1":"post","2":"type-post","3":"status-publish","4":"format-standard","5":"has-post-thumbnail","7":"category-municipios"},"_links":{"self":[{"href":"https:\/\/senoticias.com.br\/se\/wp-json\/wp\/v2\/posts\/101359"}],"collection":[{"href":"https:\/\/senoticias.com.br\/se\/wp-json\/wp\/v2\/posts"}],"about":[{"href":"https:\/\/senoticias.com.br\/se\/wp-json\/wp\/v2\/types\/post"}],"author":[{"embeddable":true,"href":"https:\/\/senoticias.com.br\/se\/wp-json\/wp\/v2\/users\/2"}],"replies":[{"embeddable":true,"href":"https:\/\/senoticias.com.br\/se\/wp-json\/wp\/v2\/comments?post=101359"}],"version-history":[{"count":0,"href":"https:\/\/senoticias.com.br\/se\/wp-json\/wp\/v2\/posts\/101359\/revisions"}],"wp:featuredmedia":[{"embeddable":true,"href":"https:\/\/senoticias.com.br\/se\/wp-json\/wp\/v2\/media\/101360"}],"wp:attachment":[{"href":"https:\/\/senoticias.com.br\/se\/wp-json\/wp\/v2\/media?parent=101359"}],"wp:term":[{"taxonomy":"category","embeddable":true,"href":"https:\/\/senoticias.com.br\/se\/wp-json\/wp\/v2\/categories?post=101359"},{"taxonomy":"post_tag","embeddable":true,"href":"https:\/\/senoticias.com.br\/se\/wp-json\/wp\/v2\/tags?post=101359"}],"curies":[{"name":"wp","href":"https:\/\/api.w.org\/{rel}","templated":true}]}}