{"id":101357,"date":"2017-03-09T14:37:45","date_gmt":"2017-03-09T17:37:45","guid":{"rendered":"http:\/\/senoticias.com.br\/se\/?p=101357"},"modified":"2017-03-10T20:18:21","modified_gmt":"2017-03-10T23:18:21","slug":"smtt-muda-fluxo-para-sentido-unico-na-rua-euclides-paes-mendonca","status":"publish","type":"post","link":"https:\/\/senoticias.com.br\/se\/smtt-muda-fluxo-para-sentido-unico-na-rua-euclides-paes-mendonca\/","title":{"rendered":"SMTT muda fluxo para sentido \u00fanico na Rua Euclides Paes Mendon\u00e7a"},"content":{"rendered":"<p style=\"text-align: justify;\">A Rua Euclides Paes Mendon\u00e7a, no Bairro S\u00e3o Jos\u00e9 em Aracaju (SE), ter\u00e1 sentido \u00fanico a partir desta quinta-feira (9). De acordo com a Superintend\u00eancia Municipal de Transportes e Tr\u00e2nsito (SMTT), a altera\u00e7\u00e3o come\u00e7a a valer a partir das 9h.<\/p>\n<div id=\"attachment_101358\" style=\"width: 609px\" class=\"wp-caption aligncenter\"><img loading=\"lazy\" decoding=\"async\" aria-describedby=\"caption-attachment-101358\" class=\"size-full wp-image-101358\" src=\"http:\/\/senoticias.com.br\/se\/wp-content\/uploads\/2017\/03\/smtt.jpg\" alt=\"Condutores devem ficar atentos \u00e0 mudan\u00e7a (Foto: SMTT\/Divulga\u00e7\u00e3o)\" width=\"599\" height=\"449\" srcset=\"https:\/\/senoticias.com.br\/se\/wp-content\/uploads\/2017\/03\/smtt.jpg 599w, https:\/\/senoticias.com.br\/se\/wp-content\/uploads\/2017\/03\/smtt-300x225.jpg 300w, https:\/\/senoticias.com.br\/se\/wp-content\/uploads\/2017\/03\/smtt-45x35.jpg 45w\" sizes=\"(max-width: 599px) 100vw, 599px\" \/><p id=\"caption-attachment-101358\" class=\"wp-caption-text\">Condutores devem ficar atentos \u00e0 mudan\u00e7a (Foto: SMTT\/Divulga\u00e7\u00e3o)<\/p><\/div>\n<p style=\"text-align: justify;\">A mudan\u00e7a de sentido ser\u00e1 feita no trecho entre a Av. Pedro Paes de Azevedo e ruas Am\u00e9rico Curvelo e Urquiza Leal, perpendiculares a Rua Euclides Paes Mendon\u00e7a. O trecho passar\u00e1 a ser m\u00e3o \u00fanica at\u00e9 a Av. Hermes Fontes. Com isso, o condutor que trafega pelas ruas Urquiza Leal e Am\u00e9rico Curvelo n\u00e3o poder\u00e1 mais acessar a Rua Euclides Paes Mendon\u00e7a at\u00e9 a Av. Pedro Paes de Azevedo.<\/p>\n<p style=\"text-align: justify;\">\u201cFizemos um estudo da regi\u00e3o, ap\u00f3s solicita\u00e7\u00e3o dos moradores, e achamos melhor deixar a via toda em sentido \u00fanico. Essa medida ir\u00e1 facilitar o acesso \u00e0s avenidas Pedro Paes de Azevedo e Hermes Fontes\u201d, explicou a coordenadora de sinaliza\u00e7\u00e3o da SMTT, Sheila Thereza. Agentes de tr\u00e2nsito v\u00e3o orientar os condutores nessa regi\u00e3o durante o per\u00edodo de adapta\u00e7\u00e3o.<\/p>\n<p style=\"text-align: justify;\"><strong>Acompanhe tamb\u00e9m o SE Not\u00edcias no <a href=\"https:\/\/twitter.com\/Senoticias\">Twitter<\/a>, <a href=\"https:\/\/www.facebook.com\/PortalSENoticias\/\">Facebook <\/a>e no <a href=\"https:\/\/www.instagram.com\/senoticias\/\">Instagram<\/a><\/strong><\/p>\n<p style=\"text-align: justify;\"><img loading=\"lazy\" decoding=\"async\" class=\"aligncenter size-full wp-image-101307\" src=\"http:\/\/senoticias.com.br\/se\/wp-content\/uploads\/2017\/03\/Logo-fone-1-2-1-2-4-1.jpg\" alt=\"Logo-fone-1-2-1-2-4\" width=\"599\" height=\"78\" srcset=\"https:\/\/senoticias.com.br\/se\/wp-content\/uploads\/2017\/03\/Logo-fone-1-2-1-2-4-1.jpg 599w, https:\/\/senoticias.com.br\/se\/wp-content\/uploads\/2017\/03\/Logo-fone-1-2-1-2-4-1-300x39.jpg 300w\" sizes=\"(max-width: 599px) 100vw, 599px\" \/><\/p>\n<p style=\"text-align: justify;\"><em>Do G1, Sergipe<\/em><\/p>\n","protected":false},"excerpt":{"rendered":"<p>A Rua Euclides Paes Mendon\u00e7a, no Bairro S\u00e3o Jos\u00e9 em Aracaju (SE), ter\u00e1 sentido \u00fanico a partir desta quinta-feira (9). De acordo com a Superintend\u00eancia Municipal de Transportes e Tr\u00e2nsito (SMTT), a altera\u00e7\u00e3o come\u00e7a a valer a partir das 9h. A mudan\u00e7a de sentido ser\u00e1 feita no trecho entre a Av. Pedro Paes de Azevedo [&hellip;]<\/p>\n","protected":false},"author":2,"featured_media":101358,"comment_status":"closed","ping_status":"closed","sticky":false,"template":"","format":"standard","meta":{"footnotes":""},"categories":[6],"tags":[],"class_list":{"0":"post-101357","1":"post","2":"type-post","3":"status-publish","4":"format-standard","5":"has-post-thumbnail","7":"category-politica"},"_links":{"self":[{"href":"https:\/\/senoticias.com.br\/se\/wp-json\/wp\/v2\/posts\/101357"}],"collection":[{"href":"https:\/\/senoticias.com.br\/se\/wp-json\/wp\/v2\/posts"}],"about":[{"href":"https:\/\/senoticias.com.br\/se\/wp-json\/wp\/v2\/types\/post"}],"author":[{"embeddable":true,"href":"https:\/\/senoticias.com.br\/se\/wp-json\/wp\/v2\/users\/2"}],"replies":[{"embeddable":true,"href":"https:\/\/senoticias.com.br\/se\/wp-json\/wp\/v2\/comments?post=101357"}],"version-history":[{"count":0,"href":"https:\/\/senoticias.com.br\/se\/wp-json\/wp\/v2\/posts\/101357\/revisions"}],"wp:featuredmedia":[{"embeddable":true,"href":"https:\/\/senoticias.com.br\/se\/wp-json\/wp\/v2\/media\/101358"}],"wp:attachment":[{"href":"https:\/\/senoticias.com.br\/se\/wp-json\/wp\/v2\/media?parent=101357"}],"wp:term":[{"taxonomy":"category","embeddable":true,"href":"https:\/\/senoticias.com.br\/se\/wp-json\/wp\/v2\/categories?post=101357"},{"taxonomy":"post_tag","embeddable":true,"href":"https:\/\/senoticias.com.br\/se\/wp-json\/wp\/v2\/tags?post=101357"}],"curies":[{"name":"wp","href":"https:\/\/api.w.org\/{rel}","templated":true}]}}