{"id":101350,"date":"2017-03-09T14:20:49","date_gmt":"2017-03-09T17:20:49","guid":{"rendered":"http:\/\/senoticias.com.br\/se\/?p=101350"},"modified":"2017-03-09T14:20:49","modified_gmt":"2017-03-09T17:20:49","slug":"justica-condena-ex-presidente-de-associacao-comunitaria-e-empresario-por-desvio-de-verba-de-subvencao-da-assembleia","status":"publish","type":"post","link":"https:\/\/senoticias.com.br\/se\/justica-condena-ex-presidente-de-associacao-comunitaria-e-empresario-por-desvio-de-verba-de-subvencao-da-assembleia\/","title":{"rendered":"Justi\u00e7a condena ex-Presidente de Associa\u00e7\u00e3o Comunit\u00e1ria e empres\u00e1rio por desvio de verba de subven\u00e7\u00e3o da Assembleia"},"content":{"rendered":"<div style=\"text-align: justify;\"><span style=\"color: #00000a;\"><span style=\"color: #00000a;\">A Ju\u00edza da 1\u00aa Vara C\u00edvel da Comarca de Lagarto\/SE condenou a ex-presidente de entidade comunit\u00e1ria Sra. Maria Valdelice Monteiro, bem como o empres\u00e1rio Josedson Dorea de Carvalho e a empresa Show Biss Eventos e Produ\u00e7\u00f5es Ltda por pr\u00e1tica de Improbidade Administrativa cometida por desvio de recursos de subven\u00e7\u00e3o social remetidas para a ASSOCIA\u00c7\u00c3O COMUNIT\u00c1RIA E PRODUTIVA DE S\u00c3O JOS\u00c9 no ano de 2012. A a\u00e7\u00e3o havia sido movida pelo Minist\u00e9rio P\u00fablico em Lagarto ap\u00f3s uma investiga\u00e7\u00e3o que mostrou que a ent\u00e3o presidente havia sacado cerca de R$ 135.800,00 da verba recebida pela Associa\u00e7\u00e3o naquele ano, sem que o gasto dessa verba tenha sido de comprovada utilidade p\u00fablica.<\/span><\/span><\/p>\n<div id=\"attachment_90194\" style=\"width: 608px\" class=\"wp-caption aligncenter\"><img loading=\"lazy\" decoding=\"async\" aria-describedby=\"caption-attachment-90194\" class=\"size-full wp-image-90194\" src=\"http:\/\/senoticias.com.br\/se\/wp-content\/uploads\/2016\/03\/SENOTICIAS-MPESE.jpg\" alt=\"Justi\u00e7a condena ex-Presidente de Associa\u00e7\u00e3o Comunit\u00e1ria e empres\u00e1rio por desvio de verba de subven\u00e7\u00e3o social Audi\u00eancia com as equipes de transi\u00e7\u00e3o de governo no Munic\u00edpio de Aracaju.  (Foto: arquivo\/SENot\u00edcias)\" width=\"598\" height=\"524\" srcset=\"https:\/\/senoticias.com.br\/se\/wp-content\/uploads\/2016\/03\/SENOTICIAS-MPESE.jpg 598w, https:\/\/senoticias.com.br\/se\/wp-content\/uploads\/2016\/03\/SENOTICIAS-MPESE-300x262.jpg 300w, https:\/\/senoticias.com.br\/se\/wp-content\/uploads\/2016\/03\/SENOTICIAS-MPESE-342x299.jpg 342w\" sizes=\"(max-width: 598px) 100vw, 598px\" \/><p id=\"caption-attachment-90194\" class=\"wp-caption-text\">Justi\u00e7a condena ex-Presidente de Associa\u00e7\u00e3o Comunit\u00e1ria e empres\u00e1rio por desvio de verba de subven\u00e7\u00e3o social Audi\u00eancia com as equipes de transi\u00e7\u00e3o de governo no Munic\u00edpio de Aracaju. (Foto: arquivo\/SENot\u00edcias)<\/p><\/div>\n<p><span style=\"color: #00000a;\"><\/p>\n<p>A investiga\u00e7\u00e3o mostrou que o total de R$ 50.000,00 desse dinheiro haviam sido repassados para a empresa Show Biss, de propriedade do empres\u00e1rio Josedson Dorea, quando tal empresa era meramente de fachada, sendo que o gasto de tanto dinheiro p\u00fablico com uma suposta empresa organizadora de shows nunca foi explicado. Al\u00e9m disso, quebras de sigilo banc\u00e1rio tamb\u00e9m mostraram que a ex- presidente efetuava saques de valores em dinheiro em seu pr\u00f3prio nome, tamb\u00e9m, sem justificativa de gastos. No mesmo ano de 2012, a ent\u00e3o presidente da Associa\u00e7\u00e3o j\u00e1 havia sido detida pela pol\u00edcia quando, pouco antes da elei\u00e7\u00e3o para prefeito, tentava realizar outro saque de alto valor em dinheiro da conta banc\u00e1ria da associa\u00e7\u00e3o, sendo que a mesma era irm\u00e3 de um dos ent\u00e3o candidatos ao cargo de prefeito do munic\u00edpio.<\/p>\n<p>Todos foram condenados ao ressarcimento do dinheiro desviado devidamente corrigido, al\u00e9m de ter que pagar multa civil no valor de 03 (tr\u00eas) vezes o valor do d\u00e9bito corrigido, suspens\u00e3o de direitos pol\u00edticos por 08 (oito) anos, proibi\u00e7\u00e3o de contratar com o poder p\u00fablico por igual per\u00edodo.<\/p>\n<p>Os envolvidos ainda respondem a uma a\u00e7\u00e3o criminal em Lagarto pela pr\u00e1tica de crime de peculato, sendo que a Associa\u00e7\u00e3o Comunit\u00e1ria e Produtiva de S\u00e3o Jos\u00e9 j\u00e1 foi dissolvida por determina\u00e7\u00e3o judicial com decis\u00e3o j\u00e1 confirmada pelo Tribunal de Justi\u00e7a de Sergipe, dado o envolvimento da mesma em desvios de verba de subven\u00e7\u00e3o social remetidas pela Assembleia Legislativa.<\/span><\/div>\n<div style=\"text-align: justify;\"><\/div>\n<div style=\"text-align: justify;\"><img loading=\"lazy\" decoding=\"async\" class=\"aligncenter size-full wp-image-101307\" src=\"http:\/\/senoticias.com.br\/se\/wp-content\/uploads\/2017\/03\/Logo-fone-1-2-1-2-4-1.jpg\" alt=\"Logo-fone-1-2-1-2-4\" width=\"599\" height=\"78\" srcset=\"https:\/\/senoticias.com.br\/se\/wp-content\/uploads\/2017\/03\/Logo-fone-1-2-1-2-4-1.jpg 599w, https:\/\/senoticias.com.br\/se\/wp-content\/uploads\/2017\/03\/Logo-fone-1-2-1-2-4-1-300x39.jpg 300w\" sizes=\"(max-width: 599px) 100vw, 599px\" \/><\/div>\n<div style=\"text-align: justify;\"><\/div>\n<div style=\"text-align: justify;\"><strong>Acompanhe tamb\u00e9m o SE Not\u00edcias no<span class=\"apple-converted-space\"><b>\u00a0<\/b><\/span><a href=\"https:\/\/twitter.com\/Senoticias\" target=\"_blank\"><b>Twitter<\/b><\/a>,<span class=\"apple-converted-space\"><b>\u00a0<\/b><\/span><a href=\"https:\/\/www.facebook.com\/senoticias1\" target=\"_blank\"><b>Facebook<\/b><span class=\"apple-converted-space\"><b>\u00a0<\/b><\/span><\/a>e no<span class=\"apple-converted-space\"><b>\u00a0<\/b><\/span><a href=\"https:\/\/www.instagram.com\/senoticias\/\" target=\"_blank\"><b>Instagram<\/b><\/a><\/strong><\/div>\n<div style=\"text-align: justify;\"><\/div>\n<p class=\"western\"><span style=\"color: #00000a;\"><b>Texto de autoria da 2\u00aa Promotoria de Justi\u00e7a C\u00edvel de Lagarto<\/b><\/span><\/p>\n","protected":false},"excerpt":{"rendered":"<p>A Ju\u00edza da 1\u00aa Vara C\u00edvel da Comarca de Lagarto\/SE condenou a ex-presidente de entidade comunit\u00e1ria Sra. Maria Valdelice Monteiro, bem como o empres\u00e1rio Josedson Dorea de Carvalho e a empresa Show Biss Eventos e Produ\u00e7\u00f5es Ltda por pr\u00e1tica de Improbidade Administrativa cometida por desvio de recursos de subven\u00e7\u00e3o social remetidas para a ASSOCIA\u00c7\u00c3O COMUNIT\u00c1RIA [&hellip;]<\/p>\n","protected":false},"author":2,"featured_media":90194,"comment_status":"closed","ping_status":"closed","sticky":false,"template":"","format":"standard","meta":{"footnotes":""},"categories":[6],"tags":[],"class_list":{"0":"post-101350","1":"post","2":"type-post","3":"status-publish","4":"format-standard","5":"has-post-thumbnail","7":"category-politica"},"_links":{"self":[{"href":"https:\/\/senoticias.com.br\/se\/wp-json\/wp\/v2\/posts\/101350"}],"collection":[{"href":"https:\/\/senoticias.com.br\/se\/wp-json\/wp\/v2\/posts"}],"about":[{"href":"https:\/\/senoticias.com.br\/se\/wp-json\/wp\/v2\/types\/post"}],"author":[{"embeddable":true,"href":"https:\/\/senoticias.com.br\/se\/wp-json\/wp\/v2\/users\/2"}],"replies":[{"embeddable":true,"href":"https:\/\/senoticias.com.br\/se\/wp-json\/wp\/v2\/comments?post=101350"}],"version-history":[{"count":0,"href":"https:\/\/senoticias.com.br\/se\/wp-json\/wp\/v2\/posts\/101350\/revisions"}],"wp:featuredmedia":[{"embeddable":true,"href":"https:\/\/senoticias.com.br\/se\/wp-json\/wp\/v2\/media\/90194"}],"wp:attachment":[{"href":"https:\/\/senoticias.com.br\/se\/wp-json\/wp\/v2\/media?parent=101350"}],"wp:term":[{"taxonomy":"category","embeddable":true,"href":"https:\/\/senoticias.com.br\/se\/wp-json\/wp\/v2\/categories?post=101350"},{"taxonomy":"post_tag","embeddable":true,"href":"https:\/\/senoticias.com.br\/se\/wp-json\/wp\/v2\/tags?post=101350"}],"curies":[{"name":"wp","href":"https:\/\/api.w.org\/{rel}","templated":true}]}}