{"id":101288,"date":"2017-03-08T08:06:18","date_gmt":"2017-03-08T11:06:18","guid":{"rendered":"http:\/\/senoticias.com.br\/se\/?p=101288"},"modified":"2017-03-08T08:10:07","modified_gmt":"2017-03-08T11:10:07","slug":"saude-de-siririzinho-esta-abandonada-pela-prefeitura-de-rosario-do-catete","status":"publish","type":"post","link":"https:\/\/senoticias.com.br\/se\/saude-de-siririzinho-esta-abandonada-pela-prefeitura-de-rosario-do-catete\/","title":{"rendered":"Sa\u00fade de Siririzinho est\u00e1 abandonada pela Prefeitura de Ros\u00e1rio do Catete"},"content":{"rendered":"<p style=\"text-align: justify;\">Revoltada com um acidente que ocorreu com uma crian\u00e7a que n\u00e3o foi atendida no \u00fanico posto de sa\u00fade no povoado Siririzinho, munic\u00edpio de Ros\u00e1rio do Catete, a popula\u00e7\u00e3o pediu a presen\u00e7a de vereadores da oposi\u00e7\u00e3o para ver de perto o descaso da prefeitura com aquela unidade de sa\u00fade. Os vereadores Professor Alex, George Santana e Bito foram at\u00e9 o local e constataram uma situa\u00e7\u00e3o de completo abandono e desprezo da gest\u00e3o Etelvino Barreto com a sa\u00fade dos moradores.<\/p>\n<div id=\"attachment_101289\" style=\"width: 609px\" class=\"wp-caption aligncenter\"><img loading=\"lazy\" decoding=\"async\" aria-describedby=\"caption-attachment-101289\" class=\"size-full wp-image-101289\" src=\"http:\/\/senoticias.com.br\/se\/wp-content\/uploads\/2017\/03\/saude-de-rosario-abandonada-senoticias-e1488971059171.jpg\" alt=\"Vereaodores dizem que Prefeitura de Ros\u00e1rio abandona posto de sa\u00fade do povoado Siririzinho. (Foto: ascom\/Ros\u00e1rio)\" width=\"599\" height=\"449\" \/><p id=\"caption-attachment-101289\" class=\"wp-caption-text\">Vereadores denunciam que Prefeitura de Ros\u00e1rio abandonou posto de sa\u00fade do povoado Siririzinho. (Foto: ascom\/C\u00e2mara de Ros\u00e1rio)<\/p><\/div>\n<p style=\"text-align: justify;\">\u201cTudo aconteceu porque uma crian\u00e7a teve um corte na cabe\u00e7a na escola, que fica vizinha ao posto, e quando foi levada para ser atendida, n\u00e3o havia material necess\u00e1rio pra fazer um simples curativo. A crian\u00e7a teve que retornar para a escola do mesmo jeito, machucada, o que deixou a popula\u00e7\u00e3o revoltada. Em virtude disso, os moradores solicitaram a nossa presen\u00e7a para ver in loco a situa\u00e7\u00e3o\u201d, relata Professor Alex.<\/p>\n<p style=\"text-align: justify;\">Ao chegarem no posto, os parlamentares encontraram diversas irregularidades. Falta de medicamentos, a exemplo de comprimidos b\u00e1sicos para press\u00e3o e diabetes; falta de gases e outros materiais. Tamb\u00e9m n\u00e3o havia m\u00e9dico, porque segundo os moradores, n\u00e3o h\u00e1 transporte para a equipe do Programa de Sa\u00fade da Fam\u00edlia.<\/p>\n<p style=\"text-align: justify;\">A falta de limpeza tamb\u00e9m chamou a aten\u00e7\u00e3o dos vereadores. Lixo se acumulando em v\u00e1rios pontos e, segundo a comunidade, no final de semana, a frente do posto serve de banheiro dos bares que ficam pr\u00f3ximo. \u201cUm descaso total com a sa\u00fade dos moradores de Siririzinho. At\u00e9 os rem\u00e9dios que encontramos foram comprados na gest\u00e3o passada. E o pior que h\u00e1 um decreto emergencial justamente para melhorar essa situa\u00e7\u00e3o, mas o que notamos foi que tudo piorou\u201d, criticou o Professor Alex.<\/p>\n<p style=\"text-align: justify;\"><img loading=\"lazy\" decoding=\"async\" class=\"aligncenter size-full wp-image-101146\" src=\"http:\/\/senoticias.com.br\/se\/wp-content\/uploads\/2017\/03\/Logo-fone-1-2-1-2-4.jpg\" alt=\"Logo-fone-1-2-1-2-4\" width=\"599\" height=\"78\" srcset=\"https:\/\/senoticias.com.br\/se\/wp-content\/uploads\/2017\/03\/Logo-fone-1-2-1-2-4.jpg 599w, https:\/\/senoticias.com.br\/se\/wp-content\/uploads\/2017\/03\/Logo-fone-1-2-1-2-4-300x39.jpg 300w\" sizes=\"(max-width: 599px) 100vw, 599px\" \/><\/p>\n<p style=\"text-align: justify;\"><em><strong>Acompanhe tamb\u00e9m o SE Not\u00edcias no <a href=\"https:\/\/twitter.com\/Senoticias\">Twitter<\/a>, <a href=\"https:\/\/www.facebook.com\/PortalSENoticias\/\">Facebook <\/a>e no Instagram<\/strong><\/em><\/p>\n<p><strong>T.Dantas<\/strong> Comunica\u00e7\u00e3o e Marketing<\/p>\n","protected":false},"excerpt":{"rendered":"<p>Revoltada com um acidente que ocorreu com uma crian\u00e7a que n\u00e3o foi atendida no \u00fanico posto de sa\u00fade no povoado Siririzinho, munic\u00edpio de Ros\u00e1rio do Catete, a popula\u00e7\u00e3o pediu a presen\u00e7a de vereadores da oposi\u00e7\u00e3o para ver de perto o descaso da prefeitura com aquela unidade de sa\u00fade. Os vereadores Professor Alex, George Santana e [&hellip;]<\/p>\n","protected":false},"author":2,"featured_media":101289,"comment_status":"closed","ping_status":"closed","sticky":false,"template":"","format":"standard","meta":{"footnotes":""},"categories":[38],"tags":[125,2449,2448],"class_list":{"0":"post-101288","1":"post","2":"type-post","3":"status-publish","4":"format-standard","5":"has-post-thumbnail","7":"category-municipios","8":"tag-rosario-do-catete","9":"tag-saude-abandonada-em-rosario-do-catete","10":"tag-siririzinho"},"_links":{"self":[{"href":"https:\/\/senoticias.com.br\/se\/wp-json\/wp\/v2\/posts\/101288"}],"collection":[{"href":"https:\/\/senoticias.com.br\/se\/wp-json\/wp\/v2\/posts"}],"about":[{"href":"https:\/\/senoticias.com.br\/se\/wp-json\/wp\/v2\/types\/post"}],"author":[{"embeddable":true,"href":"https:\/\/senoticias.com.br\/se\/wp-json\/wp\/v2\/users\/2"}],"replies":[{"embeddable":true,"href":"https:\/\/senoticias.com.br\/se\/wp-json\/wp\/v2\/comments?post=101288"}],"version-history":[{"count":0,"href":"https:\/\/senoticias.com.br\/se\/wp-json\/wp\/v2\/posts\/101288\/revisions"}],"wp:featuredmedia":[{"embeddable":true,"href":"https:\/\/senoticias.com.br\/se\/wp-json\/wp\/v2\/media\/101289"}],"wp:attachment":[{"href":"https:\/\/senoticias.com.br\/se\/wp-json\/wp\/v2\/media?parent=101288"}],"wp:term":[{"taxonomy":"category","embeddable":true,"href":"https:\/\/senoticias.com.br\/se\/wp-json\/wp\/v2\/categories?post=101288"},{"taxonomy":"post_tag","embeddable":true,"href":"https:\/\/senoticias.com.br\/se\/wp-json\/wp\/v2\/tags?post=101288"}],"curies":[{"name":"wp","href":"https:\/\/api.w.org\/{rel}","templated":true}]}}