{"id":101285,"date":"2017-03-08T07:25:01","date_gmt":"2017-03-08T10:25:01","guid":{"rendered":"http:\/\/senoticias.com.br\/se\/?p=101285"},"modified":"2017-03-09T07:22:25","modified_gmt":"2017-03-09T10:22:25","slug":"andre-coordena-instalacao-de-oito-comissoes-mistas-do-congresso-nacional","status":"publish","type":"post","link":"https:\/\/senoticias.com.br\/se\/andre-coordena-instalacao-de-oito-comissoes-mistas-do-congresso-nacional\/","title":{"rendered":"Andr\u00e9 Moura coordena instala\u00e7\u00e3o de oito comiss\u00f5es mistas do Congresso Nacional"},"content":{"rendered":"<div style=\"text-align: justify;\">\n<p>O Governo Federal enviou para o Congresso Nacional oito Medidas Provis\u00f3rias (MPs) para que fossem criadas comiss\u00f5es mistas que analisar\u00e3o o m\u00e9rito constitucional das proposituras que se encontram em vigor com for\u00e7a de lei. As comiss\u00f5es foram formadas na tarde desta ter\u00e7a-feira (07), na Ala das Comiss\u00f5es &#8220;Nilo Coelho&#8221;, no Senado Federal, e teve a participa\u00e7\u00e3o coordenativa do l\u00edder do governo no Congresso, Andr\u00e9 Moura (PSC\/SE), com o objetivo de analisar os aspectos constitucionais, observando a relev\u00e2ncia, a urg\u00eancia e a quest\u00e3o financeira or\u00e7ament\u00e1ria chegando ao m\u00e9rito, que ser\u00e1 aprovado, ou n\u00e3o, atrav\u00e9s do relat\u00f3rio final.<\/p>\n<div id=\"attachment_101286\" style=\"width: 609px\" class=\"wp-caption aligncenter\"><img loading=\"lazy\" decoding=\"async\" aria-describedby=\"caption-attachment-101286\" class=\"size-full wp-image-101286\" src=\"http:\/\/senoticias.com.br\/se\/wp-content\/uploads\/2017\/03\/Andre-Moura-SENOTICIAS-e1488968593935.jpg\" alt=\"Em tarde bastante corrida, o l\u00edder do governo no Congresso se desdobrou na implanta\u00e7\u00e3o das comiss\u00f5es que analisar\u00e3o oito MPs\" width=\"599\" height=\"397\" \/><p id=\"caption-attachment-101286\" class=\"wp-caption-text\">Em tarde bastante corrida, o l\u00edder do governo no Congresso se desdobrou na implanta\u00e7\u00e3o das comiss\u00f5es que analisar\u00e3o oito MPs. (Foto: Nefy Dias)<\/p><\/div>\n<p>&nbsp;<\/p>\n<\/div>\n<div><\/div>\n<div style=\"text-align: justify;\">As comiss\u00f5es mistas compostas analisar\u00e3o, de forma individual, as MPs 753\/16 [que disp\u00f5e sobre compartilhamento de recursos], 754\/16 [que define normas de regula\u00e7\u00e3o para o setor farmac\u00eautico], 755\/16 [para dispor sobre a transfer\u00eancia direta de recursos financeiros do Fundo Penitenci\u00e1rio Nacional aos fundos dos Estados e do Distrito Federal], 756\/16 [altera os limites do Parque Nacional do Rio Novo, da Floresta Nacional do Jamanxim e cria a \u00c1rea de Prote\u00e7\u00e3o Ambiental do Jamanxim], 757\/16 [institui a Taxa de Controle de Incentivos Fiscais e a Taxa de Servi\u00e7os em favor da Superintend\u00eancia da Zona Franca de Manaus &#8211; Suframa], 758\/16 [altera os limites do Parque Nacional do Jamanxim e da \u00c1rea de Prote\u00e7\u00e3o Ambiental do Tapaj\u00f3s] e 759\/16 [disp\u00f5e sobre a regulariza\u00e7\u00e3o fundi\u00e1ria rural e urbana, sobre a liquida\u00e7\u00e3o de cr\u00e9ditos concedidos aos assentados da reforma agr\u00e1ria e sobre a regulariza\u00e7\u00e3o fundi\u00e1ria no \u00e2mbito da Amaz\u00f4nia Legal, institui mecanismos para aprimorar a efici\u00eancia dos procedimentos de aliena\u00e7\u00e3o de im\u00f3veis da Uni\u00e3o].<\/div>\n<div style=\"text-align: justify;\"><\/div>\n<div style=\"text-align: justify;\">Depois de votado e aprovado os pareceres das comiss\u00f5es mistas seguem para an\u00e1lise da C\u00e2mara dos Deputados e, em seguida, do Senado Federal. Se passarem sem modifica\u00e7\u00e3o tornam-se leis, caso sejam modificadas, retornam para sans\u00e3o presidencial.<\/div>\n<div style=\"text-align: justify;\"><\/div>\n<div style=\"text-align: justify;\">O l\u00edder Andr\u00e9 informou estar satisfeito com o in\u00edcio da nova fun\u00e7\u00e3o \u00e0 frente da Lideran\u00e7a do Governo no Congresso Nacional. \u201cA confian\u00e7a depositada s\u00f3 nos d\u00e1 experi\u00eancia e maturidade para trabalhar cada vez mais pelo progresso do Brasil que j\u00e1 d\u00e1 sinais de que estamos no caminho certo para o crescimento\u201d.<\/div>\n<div><\/div>\n<div><img loading=\"lazy\" decoding=\"async\" class=\"aligncenter size-full wp-image-101146\" src=\"http:\/\/senoticias.com.br\/se\/wp-content\/uploads\/2017\/03\/Logo-fone-1-2-1-2-4.jpg\" alt=\"Logo-fone-1-2-1-2-4\" width=\"599\" height=\"78\" srcset=\"https:\/\/senoticias.com.br\/se\/wp-content\/uploads\/2017\/03\/Logo-fone-1-2-1-2-4.jpg 599w, https:\/\/senoticias.com.br\/se\/wp-content\/uploads\/2017\/03\/Logo-fone-1-2-1-2-4-300x39.jpg 300w\" sizes=\"(max-width: 599px) 100vw, 599px\" \/><\/div>\n<div><\/div>\n<div>\n<div class=\"m_5288838098437830336gmail_signature\">\n<div dir=\"ltr\">\n<div>\n<div dir=\"ltr\">\n<div dir=\"ltr\">\n<div dir=\"ltr\">\n<div dir=\"ltr\">\n<div dir=\"ltr\">\n<div><\/div>\n<div>\n<div><em>Assessoria de Comunica\u00e7\u00e3o do deputado federal Andr\u00e9 Moura &#8211; AssCom<\/em><\/div>\n<div><em><strong>Acompanhe tamb\u00e9m o SE Not\u00edcias no <a href=\"https:\/\/twitter.com\/Senoticias\">Twitter<\/a>, <a href=\"https:\/\/www.facebook.com\/PortalSENoticias\/\">Facebook <\/a>e no Instagram<\/strong><\/em><\/div>\n<\/div>\n<\/div>\n<\/div>\n<\/div>\n<\/div>\n<\/div>\n<\/div>\n<\/div>\n<\/div>\n<\/div>\n","protected":false},"excerpt":{"rendered":"<p>O Governo Federal enviou para o Congresso Nacional oito Medidas Provis\u00f3rias (MPs) para que fossem criadas comiss\u00f5es mistas que analisar\u00e3o o m\u00e9rito constitucional das proposituras que se encontram em vigor com for\u00e7a de lei. As comiss\u00f5es foram formadas na tarde desta ter\u00e7a-feira (07), na Ala das Comiss\u00f5es &#8220;Nilo Coelho&#8221;, no Senado Federal, e teve a [&hellip;]<\/p>\n","protected":false},"author":2,"featured_media":0,"comment_status":"closed","ping_status":"closed","sticky":false,"template":"","format":"standard","meta":{"footnotes":""},"categories":[15,6],"tags":[],"class_list":{"0":"post-101285","1":"post","2":"type-post","3":"status-publish","4":"format-standard","6":"category-destaques","7":"category-politica"},"_links":{"self":[{"href":"https:\/\/senoticias.com.br\/se\/wp-json\/wp\/v2\/posts\/101285"}],"collection":[{"href":"https:\/\/senoticias.com.br\/se\/wp-json\/wp\/v2\/posts"}],"about":[{"href":"https:\/\/senoticias.com.br\/se\/wp-json\/wp\/v2\/types\/post"}],"author":[{"embeddable":true,"href":"https:\/\/senoticias.com.br\/se\/wp-json\/wp\/v2\/users\/2"}],"replies":[{"embeddable":true,"href":"https:\/\/senoticias.com.br\/se\/wp-json\/wp\/v2\/comments?post=101285"}],"version-history":[{"count":0,"href":"https:\/\/senoticias.com.br\/se\/wp-json\/wp\/v2\/posts\/101285\/revisions"}],"wp:attachment":[{"href":"https:\/\/senoticias.com.br\/se\/wp-json\/wp\/v2\/media?parent=101285"}],"wp:term":[{"taxonomy":"category","embeddable":true,"href":"https:\/\/senoticias.com.br\/se\/wp-json\/wp\/v2\/categories?post=101285"},{"taxonomy":"post_tag","embeddable":true,"href":"https:\/\/senoticias.com.br\/se\/wp-json\/wp\/v2\/tags?post=101285"}],"curies":[{"name":"wp","href":"https:\/\/api.w.org\/{rel}","templated":true}]}}