{"id":101283,"date":"2017-03-07T17:17:48","date_gmt":"2017-03-07T20:17:48","guid":{"rendered":"http:\/\/senoticias.com.br\/se\/?p=101283"},"modified":"2017-03-07T17:17:48","modified_gmt":"2017-03-07T20:17:48","slug":"prefeito-de-itabaiana-busca-orientacoes-no-tce-sobre-gastos-com-eventos-festivos","status":"publish","type":"post","link":"https:\/\/senoticias.com.br\/se\/prefeito-de-itabaiana-busca-orientacoes-no-tce-sobre-gastos-com-eventos-festivos\/","title":{"rendered":"Prefeito de Itabaiana busca orienta\u00e7\u00f5es no TCE sobre gastos com eventos festivos"},"content":{"rendered":"<p style=\"text-align: justify;\">O prefeito do munic\u00edpio de Itabaiana, Valmir de Francisquinho, esteve no gabinete do conselheiro-presidente do Tribunal de Contas do Estado (TCE\/SE), Cl\u00f3vis Barbosa de Melo, na manh\u00e3 desta ter\u00e7a-feira, 7, com o intuito de buscar orienta\u00e7\u00f5es sobre as exig\u00eancias legais pertinentes \u00e0 realiza\u00e7\u00e3o de festividades e contrata\u00e7\u00e3o de artistas.<\/p>\n<div id=\"attachment_101284\" style=\"width: 510px\" class=\"wp-caption aligncenter\"><img loading=\"lazy\" decoding=\"async\" aria-describedby=\"caption-attachment-101284\" class=\"size-full wp-image-101284\" src=\"http:\/\/senoticias.com.br\/se\/wp-content\/uploads\/2017\/03\/Prefeito-de-Itabaiana-SENOTICIAS.jpg\" alt=\"Valmir de Francisquinho, esteve no gabinete do conselheiro-presidente do Tribunal de Contas do Estado (TCE\/SE), Cl\u00f3vis Barbosa de Melo, na manh\u00e3 desta ter\u00e7a-feira, 7\" width=\"500\" height=\"333\" srcset=\"https:\/\/senoticias.com.br\/se\/wp-content\/uploads\/2017\/03\/Prefeito-de-Itabaiana-SENOTICIAS.jpg 500w, https:\/\/senoticias.com.br\/se\/wp-content\/uploads\/2017\/03\/Prefeito-de-Itabaiana-SENOTICIAS-300x200.jpg 300w, https:\/\/senoticias.com.br\/se\/wp-content\/uploads\/2017\/03\/Prefeito-de-Itabaiana-SENOTICIAS-90x60.jpg 90w, https:\/\/senoticias.com.br\/se\/wp-content\/uploads\/2017\/03\/Prefeito-de-Itabaiana-SENOTICIAS-180x120.jpg 180w, https:\/\/senoticias.com.br\/se\/wp-content\/uploads\/2017\/03\/Prefeito-de-Itabaiana-SENOTICIAS-95x64.jpg 95w\" sizes=\"(max-width: 500px) 100vw, 500px\" \/><p id=\"caption-attachment-101284\" class=\"wp-caption-text\">Valmir de Francisquinho, esteve no gabinete do conselheiro-presidente do Tribunal de Contas do Estado (TCE\/SE), Cl\u00f3vis Barbosa de Melo, na manh\u00e3 desta ter\u00e7a-feira, 7. (Foto: Cleverton Ribeiro\/TCE)<\/p><\/div>\n<p style=\"text-align: justify;\">\n<p>Segundo o gestor, os esclarecimentos servir\u00e3o para que o munic\u00edpio proceda de forma correta na organiza\u00e7\u00e3o da 52\u00aa Feira do Caminh\u00e3o de Itabaiana, que dever\u00e1 ocorrer no pr\u00f3ximo m\u00eas de junho. &#8220;Viemos tirar d\u00favidas com rela\u00e7\u00e3o \u00e0 contrata\u00e7\u00e3o de bandas para a festa e o conselheiro nos recebeu e nos orientou; agora vamos colocar em pr\u00e1tica&#8221;, afirmou o prefeito.<\/p>\n<p>Na reuni\u00e3o o presidente do TCE fez refer\u00eancia \u00e0 Resolu\u00e7\u00e3o TC n\u00ba. 280\/2013 (alterada pela Resolu\u00e7\u00e3o TC n\u00ba. 295\/2016), que trata da realiza\u00e7\u00e3o de festividades, dando \u00eanfase \u00e0 obrigatoriedade de o munic\u00edpio estar adimplente com os servidores, al\u00e9m de exigir uma s\u00e9rie de documentos acerca das despesas realizadas.<\/p>\n<p>&#8220;Vemos com muita satisfa\u00e7\u00e3o essa aproxima\u00e7\u00e3o do Tribunal de Contas com os prefeitos do Estado de Sergipe; os conselheiros de um modo geral t\u00eam buscado nos orientar para que possamos nos organizar para atender melhor aos seus mun\u00edcipes&#8221;, concluiu Valmir de Francisquinho.<\/p>\n<p style=\"text-align: justify;\"><img loading=\"lazy\" decoding=\"async\" class=\"aligncenter size-full wp-image-101146\" src=\"http:\/\/senoticias.com.br\/se\/wp-content\/uploads\/2017\/03\/Logo-fone-1-2-1-2-4.jpg\" alt=\"Logo-fone-1-2-1-2-4\" width=\"599\" height=\"78\" srcset=\"https:\/\/senoticias.com.br\/se\/wp-content\/uploads\/2017\/03\/Logo-fone-1-2-1-2-4.jpg 599w, https:\/\/senoticias.com.br\/se\/wp-content\/uploads\/2017\/03\/Logo-fone-1-2-1-2-4-300x39.jpg 300w\" sizes=\"(max-width: 599px) 100vw, 599px\" \/><\/p>\n<p style=\"text-align: justify;\"><strong>Acompanhe tamb\u00e9m o SE Not\u00edcias no <a href=\"https:\/\/twitter.com\/Senoticias\">Twitter<\/a>, <a href=\"https:\/\/www.facebook.com\/PortalSENoticias\/\">Facebook <\/a>e no Instagram<\/strong><\/p>\n<p style=\"text-align: justify;\">Ascom\/TCE<\/p>\n","protected":false},"excerpt":{"rendered":"<p>O prefeito do munic\u00edpio de Itabaiana, Valmir de Francisquinho, esteve no gabinete do conselheiro-presidente do Tribunal de Contas do Estado (TCE\/SE), Cl\u00f3vis Barbosa de Melo, na manh\u00e3 desta ter\u00e7a-feira, 7, com o intuito de buscar orienta\u00e7\u00f5es sobre as exig\u00eancias legais pertinentes \u00e0 realiza\u00e7\u00e3o de festividades e contrata\u00e7\u00e3o de artistas. Segundo o gestor, os esclarecimentos servir\u00e3o [&hellip;]<\/p>\n","protected":false},"author":2,"featured_media":101284,"comment_status":"closed","ping_status":"closed","sticky":false,"template":"","format":"standard","meta":{"footnotes":""},"categories":[15],"tags":[],"class_list":{"0":"post-101283","1":"post","2":"type-post","3":"status-publish","4":"format-standard","5":"has-post-thumbnail","7":"category-destaques"},"_links":{"self":[{"href":"https:\/\/senoticias.com.br\/se\/wp-json\/wp\/v2\/posts\/101283"}],"collection":[{"href":"https:\/\/senoticias.com.br\/se\/wp-json\/wp\/v2\/posts"}],"about":[{"href":"https:\/\/senoticias.com.br\/se\/wp-json\/wp\/v2\/types\/post"}],"author":[{"embeddable":true,"href":"https:\/\/senoticias.com.br\/se\/wp-json\/wp\/v2\/users\/2"}],"replies":[{"embeddable":true,"href":"https:\/\/senoticias.com.br\/se\/wp-json\/wp\/v2\/comments?post=101283"}],"version-history":[{"count":0,"href":"https:\/\/senoticias.com.br\/se\/wp-json\/wp\/v2\/posts\/101283\/revisions"}],"wp:featuredmedia":[{"embeddable":true,"href":"https:\/\/senoticias.com.br\/se\/wp-json\/wp\/v2\/media\/101284"}],"wp:attachment":[{"href":"https:\/\/senoticias.com.br\/se\/wp-json\/wp\/v2\/media?parent=101283"}],"wp:term":[{"taxonomy":"category","embeddable":true,"href":"https:\/\/senoticias.com.br\/se\/wp-json\/wp\/v2\/categories?post=101283"},{"taxonomy":"post_tag","embeddable":true,"href":"https:\/\/senoticias.com.br\/se\/wp-json\/wp\/v2\/tags?post=101283"}],"curies":[{"name":"wp","href":"https:\/\/api.w.org\/{rel}","templated":true}]}}