{"id":101197,"date":"2017-03-05T17:35:08","date_gmt":"2017-03-05T20:35:08","guid":{"rendered":"http:\/\/senoticias.com.br\/se\/?p=101197"},"modified":"2017-03-05T17:35:08","modified_gmt":"2017-03-05T20:35:08","slug":"festa-de-senhor-dos-passos-acontece-dias-10-11-e-12-em-sao-cristovao","status":"publish","type":"post","link":"https:\/\/senoticias.com.br\/se\/festa-de-senhor-dos-passos-acontece-dias-10-11-e-12-em-sao-cristovao\/","title":{"rendered":"Festa de Senhor dos Passos acontece dias 10, 11 e 12 em S\u00e3o Crist\u00f3v\u00e3o"},"content":{"rendered":"<p style=\"text-align: justify;\">O munic\u00edpio de S\u00e3o Crist\u00f3v\u00e3o recebe nos dias 10, 11 e 12 de mar\u00e7o, milhares de fi\u00e9is de todas as partes do pa\u00eds para participar da \u2018Festa de Nosso Senhor dos Passos\u2019. \u00a0O tema deste ano ser\u00e1 \u201cCom Maria, seguindo os passos de Jesus\u201d.<\/p>\n<p style=\"text-align: justify;\">A festa \u00e9 considerada a segunda maior peregrina\u00e7\u00e3o ocorrida no estado e uma das mais belas tradi\u00e7\u00f5es religiosas e culturais do estado. Tradicionalmente, milhares de fi\u00e9is lotam a cidade de S\u00e3o Crist\u00f3v\u00e3o para fazer ora\u00e7\u00f5es, pagar promessas e renovar os pedidos a Senhor dos Passos.<\/p>\n<div id=\"attachment_101198\" style=\"width: 608px\" class=\"wp-caption aligncenter\"><img loading=\"lazy\" decoding=\"async\" aria-describedby=\"caption-attachment-101198\" class=\"size-full wp-image-101198\" src=\"http:\/\/senoticias.com.br\/se\/wp-content\/uploads\/2017\/03\/Festa-de-Nosso-Passos-SENOTICIAS.jpg\" alt=\"Milhares de fi\u00e9is participam da Festa do Senhor dos Passos, tradicional manifesta\u00e7\u00e3o religiosa da quarta cidade mais antiga do Brasil e primeira capital sergipana, S\u00e3o Crist\u00f3v\u00e3o. (Foto: arquivo\/Or\u00e1cio Oliveira)\" width=\"598\" height=\"336\" srcset=\"https:\/\/senoticias.com.br\/se\/wp-content\/uploads\/2017\/03\/Festa-de-Nosso-Passos-SENOTICIAS.jpg 598w, https:\/\/senoticias.com.br\/se\/wp-content\/uploads\/2017\/03\/Festa-de-Nosso-Passos-SENOTICIAS-300x169.jpg 300w\" sizes=\"(max-width: 598px) 100vw, 598px\" \/><p id=\"caption-attachment-101198\" class=\"wp-caption-text\">Milhares de fi\u00e9is participam da Festa de Nosso Senhor dos Passos, tradicional manifesta\u00e7\u00e3o religiosa da quarta cidade mais antiga do Brasil e primeira capital sergipana, S\u00e3o Crist\u00f3v\u00e3o. (Foto: arquivo\/Or\u00e1cio Oliveira)<\/p><\/div>\n<p><strong>Sobre a festa<\/strong><\/p>\n<p style=\"text-align: justify;\">Tradi\u00e7\u00e3o do s\u00e9culo XIX, a manifesta\u00e7\u00e3o religiosa do Estado acontece com tr\u00eas prociss\u00f5es. Apesar de ter data m\u00f3vel, acontece sempre na primeira quinzena da quaresma. Muitos romeiros come\u00e7am a chegar \u00e0 cidade na sexta-feira e no s\u00e1bado para a prociss\u00e3o do domingo. A cidade fica cheia de devotos, que v\u00eam pagar promessa e tentam chegar ao andor do Senhor dos Passos.<\/p>\n<p style=\"text-align: justify;\">Evento \u00e9 organizado pela igreja cat\u00f3lica, com apoio da prefeitura, grupos de ora\u00e7\u00e3o e devotos, a primeira prociss\u00e3o \u00e9 noturna e acontece no s\u00e1bado quando s\u00e3o cantados os sete primeiros passos da Paix\u00e3o. Os cantos s\u00e3o realizados em locais pr\u00e9-fixados e mantidos segundo a tradi\u00e7\u00e3o, onde s\u00e3o erguidos pequenos altares com uma tela representando o passo a ser cantado (em latim).<\/p>\n<p style=\"text-align: justify;\">Os fi\u00e9is carregam velas acesas, muitos dos ex-votos s\u00e3o deixados na igreja nesta noite. O cortejo sai da igreja de Nossa Senhora do Carmo, antecedido pelos Frades, cantores, m\u00fasicos e promesseiros. A imagem do Senhor dos Passos sai encoberta por uma caixa forrada com tecido de cor roxa, e dirige-se at\u00e9 a Igreja Matriz de Nossa Senhora da Vit\u00f3ria de onde sair\u00e1 somente no domingo, ao final da tarde.<\/p>\n<p style=\"text-align: justify;\">No domingo, acontecem missas em v\u00e1rias igrejas: Vias Sacras e Romeiros, com quatro horas de serm\u00e3o, e a Prociss\u00e3o do Encontro. O \u00e1pice do ato \u00e9 o encontro das imagens de Nosso Senhor dos Passos e Nossa Senhora das Dores. Seguindo percursos distintos, a primeira sai da igreja matriz, ao tempo que a segunda sai do Convento do Carmo. Milhares de fi\u00e9is ganham as ruas e a Pra\u00e7a S\u00e3o Francisco para escutar o serm\u00e3o e o canto da Ver\u00f4nica que enredam a comovente liturgia do catolicismo colonial.<\/p>\n<p><strong>Confira a programa\u00e7\u00e3o abaixo:<\/strong><\/p>\n<p><strong>Sexta-feira 10\/03<\/strong><\/p>\n<p style=\"text-align: justify;\">Caminhada do Senhor dos Passos, saindo \u00e0s 22h da Igreja S\u00e3o Judas Tadeu, bairro Am\u00e9rica, com destino \u00e0 Igreja Senhor dos Passos em S\u00e3o Crist\u00f3v\u00e3o;<\/p>\n<p><strong>S\u00e1bado 11\/03<\/strong><\/p>\n<p>Missas:<\/p>\n<p>16h &#8211; Gruta Nossa Senhora de Lourdes;<br \/>\n17h &#8211; Igreja do Carmo Maior;<br \/>\n17h &#8211; Igreja Matriz (Acolhida aos Romeiros);<br \/>\n19h &#8211; Campal na Pra\u00e7a do Carmo, logo ap\u00f3s Prociss\u00e3o de Penit\u00eancia.<\/p>\n<p><strong>Domingo 12\/03<\/strong><\/p>\n<p>Durante todo o dia Confiss\u00f5es no Convento do Carmo.<\/p>\n<p><strong>MISSAS<\/strong><\/p>\n<p>06h &#8211; Igreja Matriz;<br \/>\n07h &#8211; Igreja do Carmo Maior;<br \/>\n07h30min &#8211; Igreja Matriz;<br \/>\n08h &#8211; Gruta Nossa Senhora de Lourdes;<br \/>\n08h30min &#8211; Igreja Matriz \/ Igreja do Carmo Maior;<br \/>\n09h &#8211; Capela S\u00e3o Jo\u00e3o Batista (pr\u00f3ximo \u00e0 imagem do Senhor dos Passos do Alto da Favela);<br \/>\n09h &#8211; Igreja do Orfanato;<br \/>\n09h30min &#8211; Gruta Nossa Senhora de Lourdes;<br \/>\n10h &#8211; Igreja Matriz (Missa Solene), \/ Igreja do Carmo Maior;<br \/>\n10h30min &#8211; Igreja do Amparo;<br \/>\n11h30min &#8211; Gruta Nossa Senhora de Lourdes;<br \/>\n12h &#8211; Igreja Matriz \/ Igreja do Carmo;<br \/>\n14h &#8211; Igreja Matriz.<\/p>\n<p><img loading=\"lazy\" decoding=\"async\" class=\"aligncenter size-full wp-image-101146\" src=\"http:\/\/senoticias.com.br\/se\/wp-content\/uploads\/2017\/03\/Logo-fone-1-2-1-2-4.jpg\" alt=\"Logo-fone-1-2-1-2-4\" width=\"599\" height=\"78\" srcset=\"https:\/\/senoticias.com.br\/se\/wp-content\/uploads\/2017\/03\/Logo-fone-1-2-1-2-4.jpg 599w, https:\/\/senoticias.com.br\/se\/wp-content\/uploads\/2017\/03\/Logo-fone-1-2-1-2-4-300x39.jpg 300w\" sizes=\"(max-width: 599px) 100vw, 599px\" \/><\/p>\n<p><strong>Acompanhe tamb\u00e9m o SE Not\u00edcias no<\/strong><span class=\"apple-converted-space\"><b>\u00a0<\/b><\/span><a href=\"https:\/\/twitter.com\/Senoticias\" target=\"_blank\"><b>Twitter<\/b><\/a><strong>,<\/strong><span class=\"apple-converted-space\"><b>\u00a0<\/b><\/span><a href=\"https:\/\/www.facebook.com\/senoticias1\" target=\"_blank\"><b>Facebook<\/b><span class=\"apple-converted-space\"><b>\u00a0<\/b><\/span><\/a><strong>e no<\/strong><span class=\"apple-converted-space\"><b>\u00a0<\/b><\/span><a href=\"https:\/\/www.instagram.com\/senoticias\/\" target=\"_blank\"><b>Instagram<\/b><\/a><strong>.<br \/>\n<\/strong><em>Com informa\u00e7\u00f5es da Ag\u00eancia Sergipe de Not\u00edcias<\/em><\/p>\n","protected":false},"excerpt":{"rendered":"<p>O munic\u00edpio de S\u00e3o Crist\u00f3v\u00e3o recebe nos dias 10, 11 e 12 de mar\u00e7o, milhares de fi\u00e9is de todas as partes do pa\u00eds para participar da \u2018Festa de Nosso Senhor dos Passos\u2019. \u00a0O tema deste ano ser\u00e1 \u201cCom Maria, seguindo os passos de Jesus\u201d. A festa \u00e9 considerada a segunda maior peregrina\u00e7\u00e3o ocorrida no estado [&hellip;]<\/p>\n","protected":false},"author":2,"featured_media":101198,"comment_status":"closed","ping_status":"closed","sticky":false,"template":"","format":"standard","meta":{"footnotes":""},"categories":[15,38],"tags":[2436,2434,2433,2435,2437],"class_list":{"0":"post-101197","1":"post","2":"type-post","3":"status-publish","4":"format-standard","5":"has-post-thumbnail","7":"category-destaques","8":"category-municipios","9":"tag-11-e-12-de-marco","10":"tag-festa-de-nosso-senhor-dos-passos","11":"tag-festa-de-passos","12":"tag-festa-de-passos-acontece-dias-10","13":"tag-festa-de-passos-em-sao-cristovao"},"_links":{"self":[{"href":"https:\/\/senoticias.com.br\/se\/wp-json\/wp\/v2\/posts\/101197"}],"collection":[{"href":"https:\/\/senoticias.com.br\/se\/wp-json\/wp\/v2\/posts"}],"about":[{"href":"https:\/\/senoticias.com.br\/se\/wp-json\/wp\/v2\/types\/post"}],"author":[{"embeddable":true,"href":"https:\/\/senoticias.com.br\/se\/wp-json\/wp\/v2\/users\/2"}],"replies":[{"embeddable":true,"href":"https:\/\/senoticias.com.br\/se\/wp-json\/wp\/v2\/comments?post=101197"}],"version-history":[{"count":0,"href":"https:\/\/senoticias.com.br\/se\/wp-json\/wp\/v2\/posts\/101197\/revisions"}],"wp:featuredmedia":[{"embeddable":true,"href":"https:\/\/senoticias.com.br\/se\/wp-json\/wp\/v2\/media\/101198"}],"wp:attachment":[{"href":"https:\/\/senoticias.com.br\/se\/wp-json\/wp\/v2\/media?parent=101197"}],"wp:term":[{"taxonomy":"category","embeddable":true,"href":"https:\/\/senoticias.com.br\/se\/wp-json\/wp\/v2\/categories?post=101197"},{"taxonomy":"post_tag","embeddable":true,"href":"https:\/\/senoticias.com.br\/se\/wp-json\/wp\/v2\/tags?post=101197"}],"curies":[{"name":"wp","href":"https:\/\/api.w.org\/{rel}","templated":true}]}}