{"id":101194,"date":"2017-03-05T16:44:00","date_gmt":"2017-03-05T19:44:00","guid":{"rendered":"http:\/\/senoticias.com.br\/se\/?p=101194"},"modified":"2017-03-05T17:03:42","modified_gmt":"2017-03-05T20:03:42","slug":"prefeitura-de-gararu-abre-processo-seletivo-confira-o-edital","status":"publish","type":"post","link":"https:\/\/senoticias.com.br\/se\/prefeitura-de-gararu-abre-processo-seletivo-confira-o-edital\/","title":{"rendered":"Inscri\u00e7\u00f5es para processo seletivo da Prefeitura de Gararu come\u00e7am nesta segunda-feira; confira o edital"},"content":{"rendered":"<p style=\"text-align: justify;\">A Prefeitura Municipal de Gararu, representada pela Prefeita Municipal Elisabeth Freire de Santos Oliveira, tornou p\u00fablico na manh\u00e3 de sexta-feira (03) o edital do Processo Seletivo Simplificado 2017 que trata da contrata\u00e7\u00e3o de servidores os quais ir\u00e3o suprir 27 vagas no magist\u00e9rio p\u00fablico municipal. As 27 vagas compreendem as \u00e1reas de L\u00edngua Portuguesa, Matem\u00e1tica, Pedagogia e Geografia e ser\u00e3o distribu\u00eddas em 09 escolas da rede p\u00fablica de Gararu.<\/p>\n<div id=\"attachment_100218\" style=\"width: 609px\" class=\"wp-caption aligncenter\"><img loading=\"lazy\" decoding=\"async\" aria-describedby=\"caption-attachment-100218\" class=\"size-full wp-image-100218\" src=\"http:\/\/senoticias.com.br\/se\/wp-content\/uploads\/2017\/02\/Processo-Seletivo-SE-Noticias-e1486252118149.jpg\" alt=\"Inscri\u00e7\u00f5es para processo seletivo da Prefeitura de Gararu come\u00e7am nesta segunda-feira\" width=\"599\" height=\"393\" \/><p id=\"caption-attachment-100218\" class=\"wp-caption-text\">Inscri\u00e7\u00f5es para processo seletivo da Prefeitura de Gararu come\u00e7am nesta segunda-feira, 6<\/p><\/div>\n<p style=\"text-align: justify;\">As inscri\u00e7\u00f5es iniciam na pr\u00f3xima segunda-feira (06) a partir das 7h na Secretaria Municipal de Educa\u00e7\u00e3o e Cultura, situada na Pra\u00e7a Rio Branco, S\/n\u00ba, Centro. Os cadastros ser\u00e3o encerrados dois dias depois, na quarta-feira (08), \u00e0s 13h.<\/p>\n<p style=\"text-align: justify;\">Confira edital e ficha de inscri\u00e7\u00e3o abaixo:<\/p>\n<p style=\"text-align: justify;\"><div class=\"ead-preview\"><div class=\"ead-document\" style=\"position: relative;padding-top: 90%;\"><div class=\"ead-iframe-wrapper\"><iframe src=\"\/\/docs.google.com\/viewer?url=http%3A%2F%2Fsenoticias.com.br%2Fse%2Fwp-content%2Fuploads%2F2017%2F03%2FEdital-Gararu-SENOTICIAS.pdf&amp;embedded=true&amp;hl=en\" title=\"Embedded Document\" class=\"ead-iframe\" style=\"width: 100%;height: 100%;border: none;position: absolute;left: 0;top: 0;visibility: hidden;\"><\/iframe><\/div>\t\t\t<div class=\"ead-document-loading\" style=\"width:100%;height:100%;position:absolute;left:0;top:0;z-index:10;\">\n\t\t\t\t<div class=\"ead-loading-wrap\">\n\t\t\t\t\t<div class=\"ead-loading-main\">\n\t\t\t\t\t\t<div class=\"ead-loading\">\n\t\t\t\t\t\t\t<img loading=\"lazy\" decoding=\"async\" src=\"https:\/\/senoticias.com.br\/se\/wp-content\/plugins\/embed-any-document\/images\/loading.svg\" width=\"55\" height=\"55\" alt=\"Loader\">\n\t\t\t\t\t\t\t<span>Loading...<\/span>\n\t\t\t\t\t\t<\/div>\n\t\t\t\t\t<\/div>\n\t\t\t\t\t<div class=\"ead-loading-foot\">\n\t\t\t\t\t\t<div class=\"ead-loading-foot-title\">\n\t\t\t\t\t\t\t<img loading=\"lazy\" decoding=\"async\" src=\"https:\/\/senoticias.com.br\/se\/wp-content\/plugins\/embed-any-document\/images\/EAD-logo.svg\" alt=\"EAD Logo\" width=\"36\" height=\"23\"\/>\n\t\t\t\t\t\t\t<span>Taking too long?<\/span>\n\t\t\t\t\t\t<\/div>\n\t\t\t\t\t\t<div class=\"ead-document-btn ead-reload-btn\" role=\"button\">\n\t\t\t\t\t\t\t\t<img loading=\"lazy\" decoding=\"async\" src=\"https:\/\/senoticias.com.br\/se\/wp-content\/plugins\/embed-any-document\/images\/reload.svg\" alt=\"Reload\" width=\"12\" height=\"12\"\/> Reload document\t\t\t\t\t\t\t<\/div>\n\t\t\t\t\t\t\t<span>|<\/span>\n\t\t\t\t\t\t\t<a href=\"http:\/\/senoticias.com.br\/se\/wp-content\/uploads\/2017\/03\/Edital-Gararu-SENOTICIAS.pdf\" class=\"ead-document-btn\" target=\"_blank\">\n\t\t\t\t\t\t\t\t<img loading=\"lazy\" decoding=\"async\" src=\"https:\/\/senoticias.com.br\/se\/wp-content\/plugins\/embed-any-document\/images\/open.svg\" alt=\"Open\" width=\"12\" height=\"12\"\/> Open in new tab\t\t\t\t\t\t\t<\/a>\n\t\t\t\t\t<\/div>\n\t\t\t\t<\/div>\n\t\t\t<\/div>\n\t\t<\/div><p class=\"embed_download\"><a href=\"http:\/\/senoticias.com.br\/se\/wp-content\/uploads\/2017\/03\/Edital-Gararu-SENOTICIAS.pdf\" download>Download [162.00 B] <\/a><\/p><\/div>\n<p style=\"text-align: justify;\"><img loading=\"lazy\" decoding=\"async\" class=\"aligncenter size-full wp-image-101146\" src=\"http:\/\/senoticias.com.br\/se\/wp-content\/uploads\/2017\/03\/Logo-fone-1-2-1-2-4.jpg\" alt=\"Logo-fone-1-2-1-2-4\" width=\"599\" height=\"78\" srcset=\"https:\/\/senoticias.com.br\/se\/wp-content\/uploads\/2017\/03\/Logo-fone-1-2-1-2-4.jpg 599w, https:\/\/senoticias.com.br\/se\/wp-content\/uploads\/2017\/03\/Logo-fone-1-2-1-2-4-300x39.jpg 300w\" sizes=\"(max-width: 599px) 100vw, 599px\" \/><\/p>\n<p style=\"text-align: justify;\"><strong>Acompanhe tamb\u00e9m o SE Not\u00edcias no<\/strong><span class=\"apple-converted-space\"><b>\u00a0<\/b><\/span><a href=\"https:\/\/twitter.com\/Senoticias\" target=\"_blank\"><b>Twitter<\/b><\/a><strong>,<\/strong><span class=\"apple-converted-space\"><b>\u00a0<\/b><\/span><a href=\"https:\/\/www.facebook.com\/senoticias1\" target=\"_blank\"><b>Facebook<\/b><span class=\"apple-converted-space\"><b>\u00a0<\/b><\/span><\/a><strong>e no<\/strong><span class=\"apple-converted-space\"><b>\u00a0<\/b><\/span><a href=\"https:\/\/www.instagram.com\/senoticias\/\" target=\"_blank\"><b>Instagram<\/b><\/a><strong>.<\/strong><\/p>\n<p style=\"text-align: justify;\"><em>Com informa\u00e7\u00f5es da Ascom e Mais Sert\u00e3o<\/em><\/p>\n","protected":false},"excerpt":{"rendered":"<p>A Prefeitura Municipal de Gararu, representada pela Prefeita Municipal Elisabeth Freire de Santos Oliveira, tornou p\u00fablico na manh\u00e3 de sexta-feira (03) o edital do Processo Seletivo Simplificado 2017 que trata da contrata\u00e7\u00e3o de servidores os quais ir\u00e3o suprir 27 vagas no magist\u00e9rio p\u00fablico municipal. As 27 vagas compreendem as \u00e1reas de L\u00edngua Portuguesa, Matem\u00e1tica, Pedagogia [&hellip;]<\/p>\n","protected":false},"author":2,"featured_media":100218,"comment_status":"closed","ping_status":"closed","sticky":false,"template":"","format":"standard","meta":{"footnotes":""},"categories":[9,15],"tags":[],"class_list":{"0":"post-101194","1":"post","2":"type-post","3":"status-publish","4":"format-standard","5":"has-post-thumbnail","7":"category-concursos","8":"category-destaques"},"_links":{"self":[{"href":"https:\/\/senoticias.com.br\/se\/wp-json\/wp\/v2\/posts\/101194"}],"collection":[{"href":"https:\/\/senoticias.com.br\/se\/wp-json\/wp\/v2\/posts"}],"about":[{"href":"https:\/\/senoticias.com.br\/se\/wp-json\/wp\/v2\/types\/post"}],"author":[{"embeddable":true,"href":"https:\/\/senoticias.com.br\/se\/wp-json\/wp\/v2\/users\/2"}],"replies":[{"embeddable":true,"href":"https:\/\/senoticias.com.br\/se\/wp-json\/wp\/v2\/comments?post=101194"}],"version-history":[{"count":0,"href":"https:\/\/senoticias.com.br\/se\/wp-json\/wp\/v2\/posts\/101194\/revisions"}],"wp:featuredmedia":[{"embeddable":true,"href":"https:\/\/senoticias.com.br\/se\/wp-json\/wp\/v2\/media\/100218"}],"wp:attachment":[{"href":"https:\/\/senoticias.com.br\/se\/wp-json\/wp\/v2\/media?parent=101194"}],"wp:term":[{"taxonomy":"category","embeddable":true,"href":"https:\/\/senoticias.com.br\/se\/wp-json\/wp\/v2\/categories?post=101194"},{"taxonomy":"post_tag","embeddable":true,"href":"https:\/\/senoticias.com.br\/se\/wp-json\/wp\/v2\/tags?post=101194"}],"curies":[{"name":"wp","href":"https:\/\/api.w.org\/{rel}","templated":true}]}}