{"id":101177,"date":"2017-03-04T16:07:29","date_gmt":"2017-03-04T19:07:29","guid":{"rendered":"http:\/\/senoticias.com.br\/se\/?p=101177"},"modified":"2017-03-07T09:50:48","modified_gmt":"2017-03-07T12:50:48","slug":"mulher-e-presa-tentando-entrar-com-drogas-em-cadeiao-recem-inaugurado","status":"publish","type":"post","link":"https:\/\/senoticias.com.br\/se\/mulher-e-presa-tentando-entrar-com-drogas-em-cadeiao-recem-inaugurado\/","title":{"rendered":"Mulher \u00e9 presa tentando entrar com drogas em cadei\u00e3o r\u00e9cem inaugurado"},"content":{"rendered":"<p style=\"text-align: justify;\">Os agentes e guardas prisionais lotados na Cadeia de Est\u00e2ncia prenderam em flagrante, ontem, 3, Jessy Cl\u00e1udia Gon\u00e7alves Santos, 18 anos, por ter tentado entrar com uma certa quantidade de drogas na unidade. Essa \u00e9 a primeira vez que uma visitante tenta colocar drogas na Cadeia, a \u00fanica do Estado que possui um esc\u00e2ner corporal.<\/p>\n<div id=\"attachment_101178\" style=\"width: 609px\" class=\"wp-caption aligncenter\"><img loading=\"lazy\" decoding=\"async\" aria-describedby=\"caption-attachment-101178\" class=\"size-full wp-image-101178\" src=\"http:\/\/senoticias.com.br\/se\/wp-content\/uploads\/2017\/03\/Cadeia-de-Estancia-SENOTCIAS-e1488654373112.jpg\" alt=\"Agentes penitenci\u00e1rios prendem mulher que tenta entrar com drogas na Cadeia de Est\u00e2ncia (Foto: Victor Ribeiro\/ASN)\" width=\"599\" height=\"398\" \/><p id=\"caption-attachment-101178\" class=\"wp-caption-text\">Agentes penitenci\u00e1rios prendem mulher que tentou entrar com drogas na Cadeia de Est\u00e2ncia (Foto: Arquivo\/Victor Ribeiro\/ASN)<\/p><\/div>\n<p style=\"text-align: justify;\">Para burlar a vigil\u00e2ncia, Jessy Cl\u00e1udia escondeu a droga dentro um el\u00e1stico (conhecido como xuxinha para cabelo), mas o disfarce n\u00e3o deu certo.\u00a0 O diretor da Cadeia, Sidney de Jesus Oliveira, disse que essa pris\u00e3o s\u00f3 foi poss\u00edvel por conta de uma den\u00fancia an\u00f4nima de que algu\u00e9m tentaria entrar com droga na pris\u00e3o.\u00a0 Jessy Cl\u00e1udia foi encaminhada para a Delegacia Regional de Est\u00e2ncia para as demais provid\u00eancias.<\/p>\n<p style=\"text-align: justify;\"><img loading=\"lazy\" decoding=\"async\" class=\"aligncenter size-full wp-image-101146\" src=\"http:\/\/senoticias.com.br\/se\/wp-content\/uploads\/2017\/03\/Logo-fone-1-2-1-2-4.jpg\" alt=\"Logo-fone-1-2-1-2-4\" width=\"599\" height=\"78\" srcset=\"https:\/\/senoticias.com.br\/se\/wp-content\/uploads\/2017\/03\/Logo-fone-1-2-1-2-4.jpg 599w, https:\/\/senoticias.com.br\/se\/wp-content\/uploads\/2017\/03\/Logo-fone-1-2-1-2-4-300x39.jpg 300w\" sizes=\"(max-width: 599px) 100vw, 599px\" \/><\/p>\n<p style=\"text-align: justify;\"><strong>Acompanhe tamb\u00e9m o SE Not\u00edcias no<\/strong><span class=\"apple-converted-space\"><b>\u00a0<\/b><\/span><a href=\"https:\/\/twitter.com\/Senoticias\" target=\"_blank\"><b>Twitter<\/b><\/a><strong>,<\/strong><span class=\"apple-converted-space\"><b>\u00a0<\/b><\/span><a href=\"https:\/\/www.facebook.com\/senoticias1\" target=\"_blank\"><b>Facebook<\/b><span class=\"apple-converted-space\"><b>\u00a0<\/b><\/span><\/a><strong>e no<\/strong><span class=\"apple-converted-space\"><b>\u00a0<\/b><\/span><a href=\"https:\/\/www.instagram.com\/senoticias\/\" target=\"_blank\"><b>Instagram<\/b><\/a><strong>.<\/strong><\/p>\n<p><em>Fonte: Sejuc\u00a0<\/em><\/p>\n","protected":false},"excerpt":{"rendered":"<p>Os agentes e guardas prisionais lotados na Cadeia de Est\u00e2ncia prenderam em flagrante, ontem, 3, Jessy Cl\u00e1udia Gon\u00e7alves Santos, 18 anos, por ter tentado entrar com uma certa quantidade de drogas na unidade. Essa \u00e9 a primeira vez que uma visitante tenta colocar drogas na Cadeia, a \u00fanica do Estado que possui um esc\u00e2ner corporal. [&hellip;]<\/p>\n","protected":false},"author":2,"featured_media":101178,"comment_status":"closed","ping_status":"closed","sticky":false,"template":"","format":"standard","meta":{"footnotes":""},"categories":[15,7],"tags":[],"class_list":{"0":"post-101177","1":"post","2":"type-post","3":"status-publish","4":"format-standard","5":"has-post-thumbnail","7":"category-destaques","8":"category-policia"},"_links":{"self":[{"href":"https:\/\/senoticias.com.br\/se\/wp-json\/wp\/v2\/posts\/101177"}],"collection":[{"href":"https:\/\/senoticias.com.br\/se\/wp-json\/wp\/v2\/posts"}],"about":[{"href":"https:\/\/senoticias.com.br\/se\/wp-json\/wp\/v2\/types\/post"}],"author":[{"embeddable":true,"href":"https:\/\/senoticias.com.br\/se\/wp-json\/wp\/v2\/users\/2"}],"replies":[{"embeddable":true,"href":"https:\/\/senoticias.com.br\/se\/wp-json\/wp\/v2\/comments?post=101177"}],"version-history":[{"count":0,"href":"https:\/\/senoticias.com.br\/se\/wp-json\/wp\/v2\/posts\/101177\/revisions"}],"wp:featuredmedia":[{"embeddable":true,"href":"https:\/\/senoticias.com.br\/se\/wp-json\/wp\/v2\/media\/101178"}],"wp:attachment":[{"href":"https:\/\/senoticias.com.br\/se\/wp-json\/wp\/v2\/media?parent=101177"}],"wp:term":[{"taxonomy":"category","embeddable":true,"href":"https:\/\/senoticias.com.br\/se\/wp-json\/wp\/v2\/categories?post=101177"},{"taxonomy":"post_tag","embeddable":true,"href":"https:\/\/senoticias.com.br\/se\/wp-json\/wp\/v2\/tags?post=101177"}],"curies":[{"name":"wp","href":"https:\/\/api.w.org\/{rel}","templated":true}]}}