{"id":101174,"date":"2017-03-04T15:38:20","date_gmt":"2017-03-04T18:38:20","guid":{"rendered":"http:\/\/senoticias.com.br\/se\/?p=101174"},"modified":"2017-03-04T15:38:20","modified_gmt":"2017-03-04T18:38:20","slug":"com-oito-pendurados-tite-manda-recado-a-jogadores-preparem-se","status":"publish","type":"post","link":"https:\/\/senoticias.com.br\/se\/com-oito-pendurados-tite-manda-recado-a-jogadores-preparem-se\/","title":{"rendered":"Com oito pendurados, Tite manda recado a jogadores: &#8220;Preparem-se&#8221;"},"content":{"rendered":"<p style=\"text-align: justify\">A sele\u00e7\u00e3o brasileira viajar\u00e1 a Montevid\u00e9u para enfrentar o Uruguai, no pr\u00f3ximo dia 23 de mar\u00e7o, com oito jogadores pendurados: quatro titulares e quatro reservas. Um alerta para quem est\u00e1 no banco ou mesmo fora da lista de convoca\u00e7\u00e3o.<\/p>\n<div id=\"attachment_101175\" style=\"width: 360px\" class=\"wp-caption alignleft\"><a href=\"http:\/\/senoticias.com.br\/se\/wp-content\/uploads\/2017\/03\/Tite-SE-Noticias.jpg\"><img loading=\"lazy\" decoding=\"async\" aria-describedby=\"caption-attachment-101175\" class=\"size-full wp-image-101175\" src=\"http:\/\/senoticias.com.br\/se\/wp-content\/uploads\/2017\/03\/Tite-SE-Noticias.jpg\" alt=\"Tite manda pendurados se prepararem: &quot;Joguem muito nos seus clubes&quot; (Foto: Mowa Press)\" width=\"350\" height=\"380\" srcset=\"https:\/\/senoticias.com.br\/se\/wp-content\/uploads\/2017\/03\/Tite-SE-Noticias.jpg 350w, https:\/\/senoticias.com.br\/se\/wp-content\/uploads\/2017\/03\/Tite-SE-Noticias-276x300.jpg 276w\" sizes=\"(max-width: 350px) 100vw, 350px\" \/><\/a><p id=\"caption-attachment-101175\" class=\"wp-caption-text\">Tite manda pendurados se prepararem: &#8220;Joguem muito nos seus clubes&#8221; (Foto: Mowa Press)<\/p><\/div>\n<p style=\"text-align: justify\">O lateral-direito Daniel Alves, o zagueiro Miranda, e os meias Paulinho e Renato Augusto est\u00e3o com um cart\u00e3o amarelo. Nas eliminat\u00f3rias para a Copa do Mundo, bastam dois para suspender. No banco de reservas, tamb\u00e9m est\u00e3o pendurados o lateral-esquerdo Filipe Lu\u00eds, o volante Fernandinho, o meia Giuliano e o atacante Douglas Costa.<\/p>\n<p style=\"text-align: justify\">Se algum deles levar o segundo amarelo no Uruguai, a comiss\u00e3o t\u00e9cnica chamar\u00e1 um novo atleta para a partida do dia 28, diante do Paraguai, na Arena Corinthians. Isso aconteceu, por exemplo, em novembro do ano passado. Marcelo recebeu a advert\u00eancia que causou sua suspens\u00e3o na vit\u00f3ria por 3 a 0 sobre a Argentina.<\/p>\n<p style=\"text-align: justify\"><span class=\"semantica-autolink-topico-tip\"><a class=\"link-do-autolink-semantico\" href=\"http:\/\/globoesporte.globo.com\/tecnico\/tite.html\">Tite<\/a><\/span>, ent\u00e3o, promoveu Filipe Lu\u00eds \u00e0 vaga de titular e convocou F\u00e1bio Santos, do Atl\u00e9tico-MG, para ser seu reserva contra o Peru, em Lima.<\/p>\n<p style=\"text-align: justify\">\u2013 Temos oito atletas com cart\u00e3o e tenho me valido dessas entrevistas para passar uma mensagem muito clara aos atletas: preparem-se, joguem muito nos seus clubes, tenham o condicionamento f\u00edsico na plenitude. Se fizer bem, tenham um preparador f\u00edsico pessoal, tenham uma nutricionista, a exig\u00eancia \u00e9 essa a atletas de alto n\u00edvel. Precisamos desse tipo de comportamento \u2013 disse Tite, que elogiou o meia Diego, do Flamengo, por treinar nas f\u00e9rias.<\/p>\n<p style=\"text-align: justify\">O alerta serve tamb\u00e9m para aqueles que s\u00e3o reservas imediatos dos pendurados. Casos de Fagner, Thiago Silva, Giuliano e Diego, todos com possibilidade de serem titulares na Arena Corinthians se os titulares forem punidos em Montevid\u00e9u.<\/p>\n<p style=\"text-align: justify\">At\u00e9 agora, a sele\u00e7\u00e3o brasileira foi desfalcada seis vezes nas eliminat\u00f3rias por suspens\u00f5es: duas com Neymar, duas com David Luiz \u2013 uma por expuls\u00e3o e outra por dois amarelos \u2013, uma com Marcelo e outra com Paulinho.<\/p>\n<p style=\"line-height: 14.25pt\"><strong><span style=\"font-size: 10.0pt;font-family: 'Georgia','serif';color: #333333\">Acompanhe tamb\u00e9m o SE Not\u00edcias no<\/span><\/strong><span class=\"apple-converted-space\"><b><span style=\"font-size: 10.0pt;font-family: 'Georgia','serif';color: #333333\">\u00a0<\/span><\/b><\/span><a href=\"https:\/\/twitter.com\/Senoticias\" target=\"_blank\"><b><span style=\"font-size: 10.0pt;font-family: 'Georgia','serif'\">Twitter<\/span><\/b><\/a><strong><span style=\"font-size: 10.0pt;font-family: 'Georgia','serif';color: #333333\">,<\/span><\/strong><span class=\"apple-converted-space\"><b><span style=\"font-size: 10.0pt;font-family: 'Georgia','serif';color: #333333\">\u00a0<\/span><\/b><\/span><a href=\"https:\/\/www.facebook.com\/senoticias1\" target=\"_blank\"><b><span style=\"font-size: 10.0pt;font-family: 'Georgia','serif'\">Facebook<\/span><\/b><span class=\"apple-converted-space\"><b><span style=\"font-size: 10.0pt;font-family: 'Georgia','serif';color: windowtext;text-decoration: none\">\u00a0<\/span><\/b><\/span><\/a><strong><span style=\"font-size: 10.0pt;font-family: 'Georgia','serif';color: #333333\">e no<\/span><\/strong><span class=\"apple-converted-space\"><b><span style=\"font-size: 10.0pt;font-family: 'Georgia','serif';color: #333333\">\u00a0<\/span><\/b><\/span><a href=\"https:\/\/www.instagram.com\/senoticias\/\" target=\"_blank\"><b><span style=\"font-size: 10.0pt;font-family: 'Georgia','serif'\">Instagram<\/span><\/b><\/a><strong><span style=\"font-size: 10.0pt;font-family: 'Georgia','serif';color: #333333\">.<\/span><\/strong><\/p>\n<p style=\"line-height: 14.25pt\"><a href=\"http:\/\/senoticias.com.br\/se\/wp-content\/uploads\/2017\/03\/Logo-fone-1-2-1-2-4.jpg\"><img loading=\"lazy\" decoding=\"async\" class=\"aligncenter size-full wp-image-101146\" src=\"http:\/\/senoticias.com.br\/se\/wp-content\/uploads\/2017\/03\/Logo-fone-1-2-1-2-4.jpg\" alt=\"Logo-fone-1-2-1-2-4\" width=\"599\" height=\"78\" srcset=\"https:\/\/senoticias.com.br\/se\/wp-content\/uploads\/2017\/03\/Logo-fone-1-2-1-2-4.jpg 599w, https:\/\/senoticias.com.br\/se\/wp-content\/uploads\/2017\/03\/Logo-fone-1-2-1-2-4-300x39.jpg 300w\" sizes=\"(max-width: 599px) 100vw, 599px\" \/><\/a><\/p>\n<p style=\"line-height: 14.25pt\">Por <strong class=\"fn\">Alexandre Lozetti\u00a0<\/strong><span class=\"adr\"><span class=\"locality\">S\u00e3o Paulo<\/span><\/span><\/p>\n<p style=\"line-height: 14.25pt\">Do Globo Esporte \u00a0.com<\/p>\n","protected":false},"excerpt":{"rendered":"<p>A sele\u00e7\u00e3o brasileira viajar\u00e1 a Montevid\u00e9u para enfrentar o Uruguai, no pr\u00f3ximo dia 23 de mar\u00e7o, com oito jogadores pendurados: quatro titulares e quatro reservas. Um alerta para quem est\u00e1 no banco ou mesmo fora da lista de convoca\u00e7\u00e3o. O lateral-direito Daniel Alves, o zagueiro Miranda, e os meias Paulinho e Renato Augusto est\u00e3o com [&hellip;]<\/p>\n","protected":false},"author":5618,"featured_media":101175,"comment_status":"closed","ping_status":"closed","sticky":false,"template":"","format":"standard","meta":{"footnotes":""},"categories":[39,26],"tags":[2428,2429],"class_list":{"0":"post-101174","1":"post","2":"type-post","3":"status-publish","4":"format-standard","5":"has-post-thumbnail","7":"category-esporte","8":"category-esportes","9":"tag-com-oito-pendurados","10":"tag-tite-manda-recado-a-jogadores-preparem-se"},"_links":{"self":[{"href":"https:\/\/senoticias.com.br\/se\/wp-json\/wp\/v2\/posts\/101174"}],"collection":[{"href":"https:\/\/senoticias.com.br\/se\/wp-json\/wp\/v2\/posts"}],"about":[{"href":"https:\/\/senoticias.com.br\/se\/wp-json\/wp\/v2\/types\/post"}],"author":[{"embeddable":true,"href":"https:\/\/senoticias.com.br\/se\/wp-json\/wp\/v2\/users\/5618"}],"replies":[{"embeddable":true,"href":"https:\/\/senoticias.com.br\/se\/wp-json\/wp\/v2\/comments?post=101174"}],"version-history":[{"count":0,"href":"https:\/\/senoticias.com.br\/se\/wp-json\/wp\/v2\/posts\/101174\/revisions"}],"wp:featuredmedia":[{"embeddable":true,"href":"https:\/\/senoticias.com.br\/se\/wp-json\/wp\/v2\/media\/101175"}],"wp:attachment":[{"href":"https:\/\/senoticias.com.br\/se\/wp-json\/wp\/v2\/media?parent=101174"}],"wp:term":[{"taxonomy":"category","embeddable":true,"href":"https:\/\/senoticias.com.br\/se\/wp-json\/wp\/v2\/categories?post=101174"},{"taxonomy":"post_tag","embeddable":true,"href":"https:\/\/senoticias.com.br\/se\/wp-json\/wp\/v2\/tags?post=101174"}],"curies":[{"name":"wp","href":"https:\/\/api.w.org\/{rel}","templated":true}]}}